{"id":31084,"date":"2017-05-24T10:34:29","date_gmt":"2017-05-24T09:34:29","guid":{"rendered":"http:\/\/www.raccontinellarete.it\/?p=31084"},"modified":"2017-05-25T18:56:30","modified_gmt":"2017-05-25T17:56:30","slug":"ultimi-giorni-per-partecipare-a-racconti-nella-rete-2017-inserisci-il-tuo-racconto-entro-il-31-maggio","status":"publish","type":"post","link":"https:\/\/www.raccontinellarete.it\/?p=31084","title":{"rendered":"Ultimi giorni per partecipare a Racconti nella Rete 2017. Inserisci il tuo racconto entro il 31 maggio"},"content":{"rendered":"<p><strong><a href=\"https:\/\/www.raccontinellarete.it\/?attachment_id=29214\" rel=\"attachment wp-att-29214\"><img loading=\"lazy\" decoding=\"async\" class=\"alignleft size-medium wp-image-29214\" src=\"https:\/\/www.raccontinellarete.it\/301\/wp-content\/uploads\/2016\/10\/gruppo-luccautori-2016-con-roberto-vecchioni-344x160.jpg\" alt=\"\" width=\"344\" height=\"160\" srcset=\"https:\/\/www.raccontinellarete.it\/301\/wp-content\/uploads\/2016\/10\/gruppo-luccautori-2016-con-roberto-vecchioni-344x160.jpg 344w, https:\/\/www.raccontinellarete.it\/301\/wp-content\/uploads\/2016\/10\/gruppo-luccautori-2016-con-roberto-vecchioni-768x357.jpg 768w, https:\/\/www.raccontinellarete.it\/301\/wp-content\/uploads\/2016\/10\/gruppo-luccautori-2016-con-roberto-vecchioni.jpg 960w\" sizes=\"(max-width: 344px) 100vw, 344px\" \/><\/a><\/strong><\/p>\n<p><strong>C\u2019\u00e8 tempo fino al 31 maggio per partecipare alla sedicesima edizione del premio letterario Racconti nella Rete.<\/strong><\/p>\n<p><strong>Nel sito www.raccontinellarete.it si possono inserire racconti brevi inediti, con una sezione dedicata ai racconti per bambini ed ai soggetti per cortometraggi. Sar\u00e0 assegnato il Premio Budu\u00e0r al migliore racconto umoristico.<\/strong><\/p>\n<p><strong>Nel mese di giugno la giuria indicher\u00e0 i venticinque racconti che saranno pubblicati ad ottobre in una antologia edita da Nottetempo. <\/strong><\/p>\n<p><strong>Il vincitore della sezione Corti potr\u00e0 partecipare alla realizzazione del cortometraggio &#8211; tratto dal suo soggetto &#8211; che verr\u00e0 realizzato \u00a0a Lucca in collaborazione con la Scuola di Cinema Immagina di Firenze diretta da Giuseppe Ferlito.<\/strong><\/p>\n<p>Racconti nella Rete \u00e8 una opportunit\u00e0 per tutti coloro che hanno un racconto nel cassetto e desiderano arrivare alla pubblicazione. Cosa che avviene puntualmente da sedici anni con l\u2019antologia dei venticinque vincitori curata da Demetrio Brandi, presidente del premio, che anche quest\u2019anno sar\u00e0 pubblicata dalle Edizioni Nottetempo.<\/p>\n<p>Questo concorso letterario ha una sua peculiarit\u00e0: il momento decisamente vitale, emozionante e innovativo della pubblicazione in rete dei racconti, fase altamente significativa sotto il profilo della comunicazione, dello scambio e del confronto culturale. Consigliamo quindi a chiunque voglia partecipare, di inserire i propri racconti e soggetti in tempo utile per poter essere letti e commentati dalle centinaia di utenti che frequentano il sito.<\/p>\n<p>In una sorta di agor\u00e0 virtuale, sul sito www.raccontinellarete.it\u00a0\u00a0 tutti trovano lo spazio privilegiato per dar voce alle proprie fantasie, memorie o sogni, per saggiare il valore e la qualit\u00e0 del proprio lavoro, per incontrare talenti sconosciuti o confrontarsi con diversi stili narrativi, generi e contenuti.<\/p>\n<p>In questi ultimi anni il premio letterario Racconti nella Rete \u00e8 decisamente cresciuto nella popolarit\u00e0 e nella qualit\u00e0 degli elaborati, tanto da poter a ragione essere definito un vero e proprio fenomeno mediatico.<\/p>\n<p>Per informazioni: info@raccontinellarete.it <a href=\"https:\/\/www.raccontinellarete.it\">www.raccontinellarete.it<\/a><\/p>\n<p>tel.0584 961169<\/p>\n<div class=\"pvc_clear\"><\/div>\n<p id=\"pvc_stats_31084\" class=\"pvc_stats all  \" data-element-id=\"31084\" style=\"\"><i class=\"pvc-stats-icon medium\" aria-hidden=\"true\"><svg aria-hidden=\"true\" focusable=\"false\" data-prefix=\"far\" data-icon=\"chart-bar\" role=\"img\" xmlns=\"http:\/\/www.w3.org\/2000\/svg\" viewBox=\"0 0 512 512\" class=\"svg-inline--fa fa-chart-bar fa-w-16 fa-2x\"><path fill=\"currentColor\" d=\"M396.8 352h22.4c6.4 0 12.8-6.4 12.8-12.8V108.8c0-6.4-6.4-12.8-12.8-12.8h-22.4c-6.4 0-12.8 6.4-12.8 12.8v230.4c0 6.4 6.4 12.8 12.8 12.8zm-192 0h22.4c6.4 0 12.8-6.4 12.8-12.8V140.8c0-6.4-6.4-12.8-12.8-12.8h-22.4c-6.4 0-12.8 6.4-12.8 12.8v198.4c0 6.4 6.4 12.8 12.8 12.8zm96 0h22.4c6.4 0 12.8-6.4 12.8-12.8V204.8c0-6.4-6.4-12.8-12.8-12.8h-22.4c-6.4 0-12.8 6.4-12.8 12.8v134.4c0 6.4 6.4 12.8 12.8 12.8zM496 400H48V80c0-8.84-7.16-16-16-16H16C7.16 64 0 71.16 0 80v336c0 17.67 14.33 32 32 32h464c8.84 0 16-7.16 16-16v-16c0-8.84-7.16-16-16-16zm-387.2-48h22.4c6.4 0 12.8-6.4 12.8-12.8v-70.4c0-6.4-6.4-12.8-12.8-12.8h-22.4c-6.4 0-12.8 6.4-12.8 12.8v70.4c0 6.4 6.4 12.8 12.8 12.8z\" class=\"\"><\/path><\/svg><\/i> <img loading=\"lazy\" decoding=\"async\" width=\"16\" height=\"16\" alt=\"Loading\" src=\"https:\/\/www.raccontinellarete.it\/301\/wp-content\/plugins\/page-views-count\/ajax-loader-2x.gif\" border=0 \/><\/p>\n<div class=\"pvc_clear\"><\/div>\n","protected":false},"excerpt":{"rendered":"<p>C\u2019\u00e8 tempo fino al 31 maggio per partecipare alla sedicesima edizione del premio letterario Racconti nella Rete. Nel sito www.raccontinellarete.it si possono inserire racconti brevi inediti, con una sezione dedicata ai racconti per bambini ed ai soggetti per cortometraggi. Sar\u00e0 assegnato il Premio Budu\u00e0r al migliore racconto umoristico. Nel mese di giugno la giuria indicher\u00e0 [&hellip;]<\/p>\n<div class=\"pvc_clear\"><\/div>\n<p id=\"pvc_stats_31084\" class=\"pvc_stats all  \" data-element-id=\"31084\" style=\"\"><i class=\"pvc-stats-icon medium\" aria-hidden=\"true\"><svg aria-hidden=\"true\" focusable=\"false\" data-prefix=\"far\" data-icon=\"chart-bar\" role=\"img\" xmlns=\"http:\/\/www.w3.org\/2000\/svg\" viewBox=\"0 0 512 512\" class=\"svg-inline--fa fa-chart-bar fa-w-16 fa-2x\"><path fill=\"currentColor\" d=\"M396.8 352h22.4c6.4 0 12.8-6.4 12.8-12.8V108.8c0-6.4-6.4-12.8-12.8-12.8h-22.4c-6.4 0-12.8 6.4-12.8 12.8v230.4c0 6.4 6.4 12.8 12.8 12.8zm-192 0h22.4c6.4 0 12.8-6.4 12.8-12.8V140.8c0-6.4-6.4-12.8-12.8-12.8h-22.4c-6.4 0-12.8 6.4-12.8 12.8v198.4c0 6.4 6.4 12.8 12.8 12.8zm96 0h22.4c6.4 0 12.8-6.4 12.8-12.8V204.8c0-6.4-6.4-12.8-12.8-12.8h-22.4c-6.4 0-12.8 6.4-12.8 12.8v134.4c0 6.4 6.4 12.8 12.8 12.8zM496 400H48V80c0-8.84-7.16-16-16-16H16C7.16 64 0 71.16 0 80v336c0 17.67 14.33 32 32 32h464c8.84 0 16-7.16 16-16v-16c0-8.84-7.16-16-16-16zm-387.2-48h22.4c6.4 0 12.8-6.4 12.8-12.8v-70.4c0-6.4-6.4-12.8-12.8-12.8h-22.4c-6.4 0-12.8 6.4-12.8 12.8v70.4c0 6.4 6.4 12.8 12.8 12.8z\" class=\"\"><\/path><\/svg><\/i> <img loading=\"lazy\" decoding=\"async\" width=\"16\" height=\"16\" alt=\"Loading\" src=\"https:\/\/www.raccontinellarete.it\/301\/wp-content\/plugins\/page-views-count\/ajax-loader-2x.gif\" border=0 \/><\/p>\n<div class=\"pvc_clear\"><\/div>\n","protected":false},"author":3,"featured_media":30481,"comment_status":"open","ping_status":"closed","sticky":false,"template":"","format":"standard","meta":{"footnotes":""},"categories":[87,413,5,4],"tags":[],"class_list":["post-31084","post","type-post","status-publish","format-standard","has-post-thumbnail","hentry","category-comunicato-stampa","category-in-concorso","category-racconti-nella-rete","category-news"],"_links":{"self":[{"href":"https:\/\/www.raccontinellarete.it\/index.php?rest_route=\/wp\/v2\/posts\/31084"}],"collection":[{"href":"https:\/\/www.raccontinellarete.it\/index.php?rest_route=\/wp\/v2\/posts"}],"about":[{"href":"https:\/\/www.raccontinellarete.it\/index.php?rest_route=\/wp\/v2\/types\/post"}],"author":[{"embeddable":true,"href":"https:\/\/www.raccontinellarete.it\/index.php?rest_route=\/wp\/v2\/users\/3"}],"replies":[{"embeddable":true,"href":"https:\/\/www.raccontinellarete.it\/index.php?rest_route=%2Fwp%2Fv2%2Fcomments&post=31084"}],"version-history":[{"count":7,"href":"https:\/\/www.raccontinellarete.it\/index.php?rest_route=\/wp\/v2\/posts\/31084\/revisions"}],"predecessor-version":[{"id":31091,"href":"https:\/\/www.raccontinellarete.it\/index.php?rest_route=\/wp\/v2\/posts\/31084\/revisions\/31091"}],"wp:featuredmedia":[{"embeddable":true,"href":"https:\/\/www.raccontinellarete.it\/index.php?rest_route=\/wp\/v2\/media\/30481"}],"wp:attachment":[{"href":"https:\/\/www.raccontinellarete.it\/index.php?rest_route=%2Fwp%2Fv2%2Fmedia&parent=31084"}],"wp:term":[{"taxonomy":"category","embeddable":true,"href":"https:\/\/www.raccontinellarete.it\/index.php?rest_route=%2Fwp%2Fv2%2Fcategories&post=31084"},{"taxonomy":"post_tag","embeddable":true,"href":"https:\/\/www.raccontinellarete.it\/index.php?rest_route=%2Fwp%2Fv2%2Ftags&post=31084"}],"curies":[{"name":"wp","href":"https:\/\/api.w.org\/{rel}","templated":true}]}}