{"id":31066,"date":"2017-05-22T17:27:53","date_gmt":"2017-05-22T16:27:53","guid":{"rendered":"http:\/\/www.raccontinellarete.it\/?p=31066"},"modified":"2017-05-25T18:59:59","modified_gmt":"2017-05-25T17:59:59","slug":"sabato-20-maggio-racconti-nella-rete-vi-aspetta-al-salone-del-libro-di-torino","status":"publish","type":"post","link":"https:\/\/www.raccontinellarete.it\/?p=31066","title":{"rendered":"Sabato 20 maggio Racconti nella Rete vi aspetta al Salone del Libro di Torino"},"content":{"rendered":"<p>22<a href=\"https:\/\/www.raccontinellarete.it\/?attachment_id=30719\" rel=\"attachment wp-att-30719\"><img loading=\"lazy\" decoding=\"async\" class=\"alignleft size-medium wp-image-30719\" src=\"https:\/\/www.raccontinellarete.it\/301\/wp-content\/uploads\/2017\/04\/DSC0728-344x229.jpg\" alt=\"\" width=\"344\" height=\"229\" srcset=\"https:\/\/www.raccontinellarete.it\/301\/wp-content\/uploads\/2017\/04\/DSC0728-344x229.jpg 344w, https:\/\/www.raccontinellarete.it\/301\/wp-content\/uploads\/2017\/04\/DSC0728-768x512.jpg 768w, https:\/\/www.raccontinellarete.it\/301\/wp-content\/uploads\/2017\/04\/DSC0728-1024x683.jpg 1024w\" sizes=\"(max-width: 344px) 100vw, 344px\" \/><\/a><\/p>\n<p>Sabato 20 maggio\u00a0 alle ore 17.30\u00a0 il premio letterario Racconti nella Rete sar\u00e0 ospite di <strong>Superfestival<\/strong> la prima vetrina dei Festival culturali ospitata all\u2019interno della <strong>XXX edizione del Salone del libro di Torino<\/strong>. Saranno\u00a0 presenti il Presidente del Premio Demetrio Brandi ed alcuni autori vincitori del premio che\u00a0parleranno della loro esperienza letteraria e dei racconti inseriti\u00a0 nell\u2019antologia Racconti nella Rete edita da Nottetempo. Brandi illustrer\u00e0 la nuova edizione del premio riservato a racconti brevi e soggetti per cortometraggi. Il concorso 2017, che prevede anche una sezione dedicata ai racconti per bambini, \u00e8\u00a0 in pieno svolgimento nel sito <a href=\"https:\/\/www.raccontinellarete.it\">www.raccontinellarete.it<\/a>. Sar\u00e0 anche assegnato il premio Budu\u00e0r per il miglior racconto umoristico.\u00a0 Il termine ultimo per l\u2019invio del materiale \u00e8 il prossimo 31 maggio.<\/p>\n<p>La nuova antologia del premio letterario, che sar\u00e0 presentata ad ottobre nell\u2019ambito della XXIII edizione del\u00a0 festival letterario LuccAutori raccoglier\u00e0 i venticinque racconti selezionati nel 2017. Il percorso culturale del premio verr\u00e0 evidenziato nella prefazione della scrittrice Eleonora Sottili.\u00a0 La copertina dell\u2019antologia sar\u00e0 impreziosita da un disegno di Silvia Ziche.<\/p>\n<p>Scrigno di piccole storie compiute, l&#8217;antologia diventa testimonianza del tempo in cui viviamo ed espressione di tematiche sociali affrontate a volte con leggerezza altre volte con passione, sensibilit\u00e0 e rabbia.\u00a0 Espressione di una qualit\u00e0 letteraria in continua crescita, i racconti si caratterizzano per una prosa sempre pi\u00f9 raffinata e variegata e con stili narrativi originali.\u00a0 Il concorso, sempre pi\u00f9 importante vetrina per autori emergenti, si sviluppa dal 2002 nel sito www.raccontinellarete.it. Molti tra gli scrittori pubblicati hanno ottenuto brillanti risultati in campo letterario ed \u00e8 questo il risultato pi\u00f9 importante.<\/p>\n<p>La qualit\u00e0 dei racconti selezionati dalla giuria fa ben sperare per il futuro del premio, il cui obiettivo ultimo \u00e8 quello di stimolare, aggregare, valorizzare e promuovere le creativit\u00e0 e le attitudini professionali in ambito letterario. Il premio, che comprende la sezione dedicata ai soggetti per cortometraggi, \u00e8 collegato al festival LuccAutori\u00ae, in programma ogni anno ad ottobre a Lucca.<\/p>\n<p>&nbsp;<\/p>\n<p><em><strong>Informazioni sul premio\u00a0 nel sito\u00a0 <\/strong><a href=\"https:\/\/www.raccontinellarete.it\"><strong>www.raccontinellarete.it<\/strong><\/a><strong>\u00a0\u00a0 <\/strong><a href=\"mailto:info@raccontinellarete.it\"><strong>info@raccontinellarete.it<\/strong><\/a><strong>\u00a0\u00a0<\/strong><\/em><\/p>\n<p><a href=\"https:\/\/www.raccontinellarete.it\/?attachment_id=31290\" rel=\"attachment wp-att-31290\"><img loading=\"lazy\" decoding=\"async\" class=\"alignleft size-medium wp-image-31290\" src=\"https:\/\/www.raccontinellarete.it\/301\/wp-content\/uploads\/2017\/05\/SuperFestival-logo-no-scritta-250x250.jpg\" alt=\"\" width=\"250\" height=\"250\" \/><\/a><\/p>\n<p><a href=\"https:\/\/www.raccontinellarete.it\/?attachment_id=31292\" rel=\"attachment wp-att-31292\"><img loading=\"lazy\" decoding=\"async\" class=\"alignleft size-medium wp-image-31292\" src=\"https:\/\/www.raccontinellarete.it\/301\/wp-content\/uploads\/2017\/05\/logo_salone_libro_high-344x93.jpg\" alt=\"\" width=\"344\" height=\"93\" \/><\/a><\/p>\n<div class=\"pvc_clear\"><\/div>\n<p id=\"pvc_stats_31066\" class=\"pvc_stats all  \" data-element-id=\"31066\" style=\"\"><i class=\"pvc-stats-icon medium\" aria-hidden=\"true\"><svg aria-hidden=\"true\" focusable=\"false\" data-prefix=\"far\" data-icon=\"chart-bar\" role=\"img\" xmlns=\"http:\/\/www.w3.org\/2000\/svg\" viewBox=\"0 0 512 512\" class=\"svg-inline--fa fa-chart-bar fa-w-16 fa-2x\"><path fill=\"currentColor\" d=\"M396.8 352h22.4c6.4 0 12.8-6.4 12.8-12.8V108.8c0-6.4-6.4-12.8-12.8-12.8h-22.4c-6.4 0-12.8 6.4-12.8 12.8v230.4c0 6.4 6.4 12.8 12.8 12.8zm-192 0h22.4c6.4 0 12.8-6.4 12.8-12.8V140.8c0-6.4-6.4-12.8-12.8-12.8h-22.4c-6.4 0-12.8 6.4-12.8 12.8v198.4c0 6.4 6.4 12.8 12.8 12.8zm96 0h22.4c6.4 0 12.8-6.4 12.8-12.8V204.8c0-6.4-6.4-12.8-12.8-12.8h-22.4c-6.4 0-12.8 6.4-12.8 12.8v134.4c0 6.4 6.4 12.8 12.8 12.8zM496 400H48V80c0-8.84-7.16-16-16-16H16C7.16 64 0 71.16 0 80v336c0 17.67 14.33 32 32 32h464c8.84 0 16-7.16 16-16v-16c0-8.84-7.16-16-16-16zm-387.2-48h22.4c6.4 0 12.8-6.4 12.8-12.8v-70.4c0-6.4-6.4-12.8-12.8-12.8h-22.4c-6.4 0-12.8 6.4-12.8 12.8v70.4c0 6.4 6.4 12.8 12.8 12.8z\" class=\"\"><\/path><\/svg><\/i> <img loading=\"lazy\" decoding=\"async\" width=\"16\" height=\"16\" alt=\"Loading\" src=\"https:\/\/www.raccontinellarete.it\/301\/wp-content\/plugins\/page-views-count\/ajax-loader-2x.gif\" border=0 \/><\/p>\n<div class=\"pvc_clear\"><\/div>\n","protected":false},"excerpt":{"rendered":"<p>22 Sabato 20 maggio\u00a0 alle ore 17.30\u00a0 il premio letterario Racconti nella Rete sar\u00e0 ospite di Superfestival la prima vetrina dei Festival culturali ospitata all\u2019interno della XXX edizione del Salone del libro di Torino. Saranno\u00a0 presenti il Presidente del Premio Demetrio Brandi ed alcuni autori vincitori del premio che\u00a0parleranno della loro esperienza letteraria e dei [&hellip;]<\/p>\n<div class=\"pvc_clear\"><\/div>\n<p id=\"pvc_stats_31066\" class=\"pvc_stats all  \" data-element-id=\"31066\" style=\"\"><i class=\"pvc-stats-icon medium\" aria-hidden=\"true\"><svg aria-hidden=\"true\" focusable=\"false\" data-prefix=\"far\" data-icon=\"chart-bar\" role=\"img\" xmlns=\"http:\/\/www.w3.org\/2000\/svg\" viewBox=\"0 0 512 512\" class=\"svg-inline--fa fa-chart-bar fa-w-16 fa-2x\"><path fill=\"currentColor\" d=\"M396.8 352h22.4c6.4 0 12.8-6.4 12.8-12.8V108.8c0-6.4-6.4-12.8-12.8-12.8h-22.4c-6.4 0-12.8 6.4-12.8 12.8v230.4c0 6.4 6.4 12.8 12.8 12.8zm-192 0h22.4c6.4 0 12.8-6.4 12.8-12.8V140.8c0-6.4-6.4-12.8-12.8-12.8h-22.4c-6.4 0-12.8 6.4-12.8 12.8v198.4c0 6.4 6.4 12.8 12.8 12.8zm96 0h22.4c6.4 0 12.8-6.4 12.8-12.8V204.8c0-6.4-6.4-12.8-12.8-12.8h-22.4c-6.4 0-12.8 6.4-12.8 12.8v134.4c0 6.4 6.4 12.8 12.8 12.8zM496 400H48V80c0-8.84-7.16-16-16-16H16C7.16 64 0 71.16 0 80v336c0 17.67 14.33 32 32 32h464c8.84 0 16-7.16 16-16v-16c0-8.84-7.16-16-16-16zm-387.2-48h22.4c6.4 0 12.8-6.4 12.8-12.8v-70.4c0-6.4-6.4-12.8-12.8-12.8h-22.4c-6.4 0-12.8 6.4-12.8 12.8v70.4c0 6.4 6.4 12.8 12.8 12.8z\" class=\"\"><\/path><\/svg><\/i> <img loading=\"lazy\" decoding=\"async\" width=\"16\" height=\"16\" alt=\"Loading\" src=\"https:\/\/www.raccontinellarete.it\/301\/wp-content\/plugins\/page-views-count\/ajax-loader-2x.gif\" border=0 \/><\/p>\n<div class=\"pvc_clear\"><\/div>\n","protected":false},"author":3,"featured_media":30823,"comment_status":"open","ping_status":"closed","sticky":false,"template":"","format":"standard","meta":{"footnotes":""},"categories":[87,413,5,4],"tags":[],"class_list":["post-31066","post","type-post","status-publish","format-standard","has-post-thumbnail","hentry","category-comunicato-stampa","category-in-concorso","category-racconti-nella-rete","category-news"],"_links":{"self":[{"href":"https:\/\/www.raccontinellarete.it\/index.php?rest_route=\/wp\/v2\/posts\/31066"}],"collection":[{"href":"https:\/\/www.raccontinellarete.it\/index.php?rest_route=\/wp\/v2\/posts"}],"about":[{"href":"https:\/\/www.raccontinellarete.it\/index.php?rest_route=\/wp\/v2\/types\/post"}],"author":[{"embeddable":true,"href":"https:\/\/www.raccontinellarete.it\/index.php?rest_route=\/wp\/v2\/users\/3"}],"replies":[{"embeddable":true,"href":"https:\/\/www.raccontinellarete.it\/index.php?rest_route=%2Fwp%2Fv2%2Fcomments&post=31066"}],"version-history":[{"count":5,"href":"https:\/\/www.raccontinellarete.it\/index.php?rest_route=\/wp\/v2\/posts\/31066\/revisions"}],"predecessor-version":[{"id":32079,"href":"https:\/\/www.raccontinellarete.it\/index.php?rest_route=\/wp\/v2\/posts\/31066\/revisions\/32079"}],"wp:featuredmedia":[{"embeddable":true,"href":"https:\/\/www.raccontinellarete.it\/index.php?rest_route=\/wp\/v2\/media\/30823"}],"wp:attachment":[{"href":"https:\/\/www.raccontinellarete.it\/index.php?rest_route=%2Fwp%2Fv2%2Fmedia&parent=31066"}],"wp:term":[{"taxonomy":"category","embeddable":true,"href":"https:\/\/www.raccontinellarete.it\/index.php?rest_route=%2Fwp%2Fv2%2Fcategories&post=31066"},{"taxonomy":"post_tag","embeddable":true,"href":"https:\/\/www.raccontinellarete.it\/index.php?rest_route=%2Fwp%2Fv2%2Ftags&post=31066"}],"curies":[{"name":"wp","href":"https:\/\/api.w.org\/{rel}","templated":true}]}}