{"id":30724,"date":"2017-04-14T12:16:17","date_gmt":"2017-04-14T11:16:17","guid":{"rendered":"http:\/\/www.raccontinellarete.it\/?p=30724"},"modified":"2017-04-23T22:25:48","modified_gmt":"2017-04-23T21:25:48","slug":"giovedi-20-aprile-racconti-nella-rete-alla-biblioteca-europea-di-roma","status":"publish","type":"post","link":"https:\/\/www.raccontinellarete.it\/?p=30724","title":{"rendered":"Gioved\u00ec 20 aprile Racconti nella Rete alla Biblioteca Europea di Roma"},"content":{"rendered":"<p>&nbsp;<\/p>\n<p><a href=\"https:\/\/www.raccontinellarete.it\/?attachment_id=30725\" rel=\"attachment wp-att-30725\"><img loading=\"lazy\" decoding=\"async\" class=\"alignleft size-medium wp-image-30725\" src=\"https:\/\/www.raccontinellarete.it\/301\/wp-content\/uploads\/2017\/04\/Racconti-nella-rete-177x250.jpg\" alt=\"\" width=\"177\" height=\"250\" srcset=\"https:\/\/www.raccontinellarete.it\/301\/wp-content\/uploads\/2017\/04\/Racconti-nella-rete-177x250.jpg 177w, https:\/\/www.raccontinellarete.it\/301\/wp-content\/uploads\/2017\/04\/Racconti-nella-rete-768x1086.jpg 768w, https:\/\/www.raccontinellarete.it\/301\/wp-content\/uploads\/2017\/04\/Racconti-nella-rete-724x1024.jpg 724w, https:\/\/www.raccontinellarete.it\/301\/wp-content\/uploads\/2017\/04\/Racconti-nella-rete.jpg 794w\" sizes=\"(max-width: 177px) 100vw, 177px\" \/><\/a><\/p>\n<p>Gioved\u00ec 20 aprile alle 17.30 appuntamento con il premio letterario <em>Racconti nella Rete<\/em> alla Biblioteca Europea di Roma, via Savoia 13\/15.<\/p>\n<p>Intervengono Demetrio Brandi, presidente di Racconti nella Rete con gli autori\u00a0 Marco Rinaldi, DuediRipicca, Andrea Mauri, Ottavio Mirra, Valentina Grosso, Eleonora Angelini, Daniele Miglietti e Marta Borroni. Letture a cura di Cinzia Iacono, Ines Lonigro e Carmen Verde.<\/p>\n<p>Si parler\u00e0 dei racconti presenti nell\u2019antologia\u00a0 del premio letterario Racconti nella Rete\u00a0 2016 (Nottetempo)\u00a0 e della nuova edizione\u00a0 in corso nel sito <a href=\"https:\/\/www.raccontinellarete.it\">www.raccontinellarete.it<\/a>\u00a0\u00a0 fino al prossimo 31 maggio. Vedremo anche le immagini del corto \u201c<em>Tale padre tale figlia<\/em>\u201d tratto dal racconto di Alex Creazzi, vincitore della sezione corti di Racconti nella Rete.<\/p>\n<p>Durante l\u2019incontro gli autori presenti parleranno dei racconti inseriti nell\u2019antologia\u00a0 e della nuova edizione del premio riservato a racconti brevi e soggetti per cortometraggi. Il concorso 2017, che prevede anche una sezione dedicata ai racconti per bambini, \u00e8\u00a0 in pieno svolgimento nel sito www.raccontinellarete.it.<\/p>\n<p>L\u2019antologia del premio letterario Racconti nella Rete\u00ae, curata da Demetrio Brandi, raccoglie i venticinque racconti selezionati nel 2016, scritti da altrettanti talenti letterari. Il percorso culturale del premio viene evidenziato nelle prime pagine di questa antologia dallo scrittore Adrian Bravi, amico del premio.<\/p>\n<p>Scrigno di piccole storie compiute, l&#8217;antologia diventa testimonianza del tempo in cui viviamo ed espressione di tematiche sociali affrontate a volte con leggerezza altre volte con passione, sensibilit\u00e0 e rabbia.\u00a0 Espressione di una qualit\u00e0 letteraria in continua crescita, i racconti si caratterizzano per una prosa sempre pi\u00f9 raffinata e variegata e con stili narrativi originali.\u00a0 Il concorso, sempre pi\u00f9 importante vetrina per autori emergenti, si sviluppa dal 2002 nel sito <a href=\"https:\/\/www.raccontinellarete.it\">www.raccontinellarete.it<\/a>.\u00a0 Molti tra gli scrittori pubblicati hanno ottenuto brillanti risultati in campo letterario ed \u00e8 questo il risultato pi\u00f9 importante.<\/p>\n<p>La qualit\u00e0 dei racconti selezionati dalla giuria fa ben sperare per il futuro del premio, il cui obiettivo ultimo \u00e8 quello di stimolare, aggregare, valorizzare e promuovere le creativit\u00e0 e le attitudini professionali in ambito letterario.<\/p>\n<p>Il premio, che comprende la sezione dedicata ai soggetti per cortometraggi, \u00e8 collegato al festival LuccAutori\u00ae,\u00a0 in programma ogni anno ad ottobre a Lucca.<\/p>\n<p>&nbsp;<\/p>\n<p>Questi i venticinque autori che hanno vinto la selezione 2016: Eleonora Angelini \u201cAgata\u201d (Roma) Dora Argento \u201cCent\u2019anni di troppo\u201d(Palermo) Giulio Artom \u201cSi fa presto a dire chiodi\u201d (Milano) Francesco\u00a0 che amava Schopenauer\u201d (Peschiera Borromeo) Gino Dondi \u201cL\u2019angelo\u201d (Parma) DuediRipicca (Li\u00e9 Laurousse e Gianluca Pavia) \u201cVolevo solo morire e invece sono morto\u201d (Roma) Antonio Fresa \u201cLa prova ardimentosa\u201d (Narni)\u00a0 Luigi Giampetraglia \u201cLa maledizione di famiglia\u201d (Avellino)\u00a0 Valentina Grosso \u201cCentodieci\u201d (Roma) Elena Margreth \u201cMaria\u201d (Milano)Andrea Mauri \u201cUn banchetto diverso\u201d (Roma)\u00a0 Daniele Miglietti \u201cLa terza classe\u201d (Roma)\u00a0 Ottavio Mirra \u201cSimonetta\u201d (Capua) Stefania Paganelli \u201cLa palla nel deserto\u201d (Bergamo) Roberto Perina \u201cLo strano caso della signora Jay\u201d (Verona)\u00a0 Marco Rinaldi \u201cAfrica e Cataratta\u201d (Roma) \/ Premio Budu\u00e0r\u00a0 Diana Salvadori \u201cIsbraa e Tabush\u201d (Prato)\u00a0 Giusy Scerri \u201cIl corredo\u201d (Lucca)\u00a0 Andrea Serra \u201cIl mio dentista\u201d (Torino) Michela Tognotti \u201cBevomangiofumo\u201d (Follonica) Enrico Vald\u00e8s \u201cLa nostra rosa\u201d (Cagliari).<\/p>\n<p>Informazioni sul premio 2016 nel sito\u00a0 www.raccontinellarete.it\u00a0\u00a0 info@raccontinellarete.it\u00a0 tel.0584961169<\/p>\n<div class=\"pvc_clear\"><\/div>\n<p id=\"pvc_stats_30724\" class=\"pvc_stats all  \" data-element-id=\"30724\" style=\"\"><i class=\"pvc-stats-icon medium\" aria-hidden=\"true\"><svg aria-hidden=\"true\" focusable=\"false\" data-prefix=\"far\" data-icon=\"chart-bar\" role=\"img\" xmlns=\"http:\/\/www.w3.org\/2000\/svg\" viewBox=\"0 0 512 512\" class=\"svg-inline--fa fa-chart-bar fa-w-16 fa-2x\"><path fill=\"currentColor\" d=\"M396.8 352h22.4c6.4 0 12.8-6.4 12.8-12.8V108.8c0-6.4-6.4-12.8-12.8-12.8h-22.4c-6.4 0-12.8 6.4-12.8 12.8v230.4c0 6.4 6.4 12.8 12.8 12.8zm-192 0h22.4c6.4 0 12.8-6.4 12.8-12.8V140.8c0-6.4-6.4-12.8-12.8-12.8h-22.4c-6.4 0-12.8 6.4-12.8 12.8v198.4c0 6.4 6.4 12.8 12.8 12.8zm96 0h22.4c6.4 0 12.8-6.4 12.8-12.8V204.8c0-6.4-6.4-12.8-12.8-12.8h-22.4c-6.4 0-12.8 6.4-12.8 12.8v134.4c0 6.4 6.4 12.8 12.8 12.8zM496 400H48V80c0-8.84-7.16-16-16-16H16C7.16 64 0 71.16 0 80v336c0 17.67 14.33 32 32 32h464c8.84 0 16-7.16 16-16v-16c0-8.84-7.16-16-16-16zm-387.2-48h22.4c6.4 0 12.8-6.4 12.8-12.8v-70.4c0-6.4-6.4-12.8-12.8-12.8h-22.4c-6.4 0-12.8 6.4-12.8 12.8v70.4c0 6.4 6.4 12.8 12.8 12.8z\" class=\"\"><\/path><\/svg><\/i> <img loading=\"lazy\" decoding=\"async\" width=\"16\" height=\"16\" alt=\"Loading\" src=\"https:\/\/www.raccontinellarete.it\/301\/wp-content\/plugins\/page-views-count\/ajax-loader-2x.gif\" border=0 \/><\/p>\n<div class=\"pvc_clear\"><\/div>\n","protected":false},"excerpt":{"rendered":"<p>&nbsp; Gioved\u00ec 20 aprile alle 17.30 appuntamento con il premio letterario Racconti nella Rete alla Biblioteca Europea di Roma, via Savoia 13\/15. Intervengono Demetrio Brandi, presidente di Racconti nella Rete con gli autori\u00a0 Marco Rinaldi, DuediRipicca, Andrea Mauri, Ottavio Mirra, Valentina Grosso, Eleonora Angelini, Daniele Miglietti e Marta Borroni. Letture a cura di Cinzia Iacono, [&hellip;]<\/p>\n<div class=\"pvc_clear\"><\/div>\n<p id=\"pvc_stats_30724\" class=\"pvc_stats all  \" data-element-id=\"30724\" style=\"\"><i class=\"pvc-stats-icon medium\" aria-hidden=\"true\"><svg aria-hidden=\"true\" focusable=\"false\" data-prefix=\"far\" data-icon=\"chart-bar\" role=\"img\" xmlns=\"http:\/\/www.w3.org\/2000\/svg\" viewBox=\"0 0 512 512\" class=\"svg-inline--fa fa-chart-bar fa-w-16 fa-2x\"><path fill=\"currentColor\" d=\"M396.8 352h22.4c6.4 0 12.8-6.4 12.8-12.8V108.8c0-6.4-6.4-12.8-12.8-12.8h-22.4c-6.4 0-12.8 6.4-12.8 12.8v230.4c0 6.4 6.4 12.8 12.8 12.8zm-192 0h22.4c6.4 0 12.8-6.4 12.8-12.8V140.8c0-6.4-6.4-12.8-12.8-12.8h-22.4c-6.4 0-12.8 6.4-12.8 12.8v198.4c0 6.4 6.4 12.8 12.8 12.8zm96 0h22.4c6.4 0 12.8-6.4 12.8-12.8V204.8c0-6.4-6.4-12.8-12.8-12.8h-22.4c-6.4 0-12.8 6.4-12.8 12.8v134.4c0 6.4 6.4 12.8 12.8 12.8zM496 400H48V80c0-8.84-7.16-16-16-16H16C7.16 64 0 71.16 0 80v336c0 17.67 14.33 32 32 32h464c8.84 0 16-7.16 16-16v-16c0-8.84-7.16-16-16-16zm-387.2-48h22.4c6.4 0 12.8-6.4 12.8-12.8v-70.4c0-6.4-6.4-12.8-12.8-12.8h-22.4c-6.4 0-12.8 6.4-12.8 12.8v70.4c0 6.4 6.4 12.8 12.8 12.8z\" class=\"\"><\/path><\/svg><\/i> <img loading=\"lazy\" decoding=\"async\" width=\"16\" height=\"16\" alt=\"Loading\" src=\"https:\/\/www.raccontinellarete.it\/301\/wp-content\/plugins\/page-views-count\/ajax-loader-2x.gif\" border=0 \/><\/p>\n<div class=\"pvc_clear\"><\/div>\n","protected":false},"author":3,"featured_media":30798,"comment_status":"open","ping_status":"closed","sticky":false,"template":"","format":"standard","meta":{"footnotes":""},"categories":[87,413,5,4],"tags":[],"class_list":["post-30724","post","type-post","status-publish","format-standard","has-post-thumbnail","hentry","category-comunicato-stampa","category-in-concorso","category-racconti-nella-rete","category-news"],"_links":{"self":[{"href":"https:\/\/www.raccontinellarete.it\/index.php?rest_route=\/wp\/v2\/posts\/30724"}],"collection":[{"href":"https:\/\/www.raccontinellarete.it\/index.php?rest_route=\/wp\/v2\/posts"}],"about":[{"href":"https:\/\/www.raccontinellarete.it\/index.php?rest_route=\/wp\/v2\/types\/post"}],"author":[{"embeddable":true,"href":"https:\/\/www.raccontinellarete.it\/index.php?rest_route=\/wp\/v2\/users\/3"}],"replies":[{"embeddable":true,"href":"https:\/\/www.raccontinellarete.it\/index.php?rest_route=%2Fwp%2Fv2%2Fcomments&post=30724"}],"version-history":[{"count":3,"href":"https:\/\/www.raccontinellarete.it\/index.php?rest_route=\/wp\/v2\/posts\/30724\/revisions"}],"predecessor-version":[{"id":30729,"href":"https:\/\/www.raccontinellarete.it\/index.php?rest_route=\/wp\/v2\/posts\/30724\/revisions\/30729"}],"wp:featuredmedia":[{"embeddable":true,"href":"https:\/\/www.raccontinellarete.it\/index.php?rest_route=\/wp\/v2\/media\/30798"}],"wp:attachment":[{"href":"https:\/\/www.raccontinellarete.it\/index.php?rest_route=%2Fwp%2Fv2%2Fmedia&parent=30724"}],"wp:term":[{"taxonomy":"category","embeddable":true,"href":"https:\/\/www.raccontinellarete.it\/index.php?rest_route=%2Fwp%2Fv2%2Fcategories&post=30724"},{"taxonomy":"post_tag","embeddable":true,"href":"https:\/\/www.raccontinellarete.it\/index.php?rest_route=%2Fwp%2Fv2%2Ftags&post=30724"}],"curies":[{"name":"wp","href":"https:\/\/api.w.org\/{rel}","templated":true}]}}