{"id":30070,"date":"2017-02-23T19:11:39","date_gmt":"2017-02-23T18:11:39","guid":{"rendered":"http:\/\/www.raccontinellarete.it\/?p=30070"},"modified":"2017-02-23T19:11:39","modified_gmt":"2017-02-23T18:11:39","slug":"premio-racconti-nella-rete-2017-una-solita-giornata-di-giovanna-paoletti","status":"publish","type":"post","link":"https:\/\/www.raccontinellarete.it\/?p=30070","title":{"rendered":"Premio Racconti nella Rete 2017 &#8220;Una solita giornata&#8221; di Giovanna Paoletti"},"content":{"rendered":"<p>Anna inizia la giornata con una tazzina di caff\u00e8 rito del mattino, \u00a0un&#8217;aggiustata al look, a sessanta anni \u00e8 importante sentirsi bene nei propri panni e poi\u00a0via al lavoro.<\/p>\n<p>Siamo ad Agosto, Lucca \u00e8 semideserta, ma mai come una volta, anni addietro in quel mese\u00a0non ci sarebbe stata anima viva e tutto sarebbe sembrato come sospeso, in attesa dell&#8217;autunno.<\/p>\n<p>L&#8217;autunno \u00e8 una delle stagioni che Anna preferisce, il sole mette meno a fuoco il vivere,\u00a0l&#8217;immaginazione e il pensiero prendono posto all&#8217;azione.<\/p>\n<p>Purtroppo, pensa lei, siamo ancora nel pieno dell&#8217;estate.<\/p>\n<p>Sulle Mura, gi\u00e0 da qualche ora si aggirano gli sportivi, alcuni affannano, altri fanno a gara a\u00a0correre pi\u00f9 veloce, altri ancora si stiracchiano i muscoli facendo movimenti strani.<\/p>\n<p>Le gite\u00a0 organizzate incominciano a entrare in citt\u00e0, con i turisti in pantaloncini, lo\u00a0sguardo in cerca di spunti per foto e alla ricerca di un bar per colazione.<\/p>\n<p>Anna corre al lavoro, il corpo \u00e8 un po&#8217; appesantito, il viso tuttavia conserva qualcosa, qualcosa eh,\u00a0di infantile, come\u00a0 uno stupore negli occhi.<\/p>\n<p>Nonostante l&#8217;et\u00e0, i problemi pi\u00f9 o meno come tutti, non ha ancora smesso di sognare, di poter\u00a0pensare di cambiare le cose, soprattutto nel lavoro.<\/p>\n<p>Arriva all&#8217;orologio timbra il cartellino , sorride pensando che la psicologia di alcune persone si\u00a0potrebbe vedere gi\u00e0 da l\u00ec.<\/p>\n<p>C&#8217;\u00e8 chi si posta davanti all&#8217;orologio e comincia a frugare\u00a0 nella borsa, tirando fuori cellulare, portafoglio,\u00a0scontrini, incurante di chi aspetta alle sue spalle, alla ricerca del cartellino.<\/p>\n<p>Altri incominciano a tirare fuori il cartellino a un km di distanza, sorpassando tutti, convinti di recuperare\u00a0chiss\u00e0 quanti minuti.<\/p>\n<p>Alcuni ti bloccano prima di timbrare chiedendoti morte, vita e miracoli , poi\u00a0 c&#8217;\u00e8 chi ti regala un sorriso con\u00a0un buongiorno,\u00a0 questo \u00e8 il suo preferito.<\/p>\n<p>La mole dell&#8217;ex-ospedale Campo di Marte appare come divisa in due, per met\u00e0 come la Bella Addormentata\u00a0nel bosco e per l&#8217;altra met\u00e0 come il labirinto di Pinocchio.<\/p>\n<p>Infatti la parte di pi\u00f9 recente costruzione, paradossalmente \u00e8 quella non ancora utilizzata, dormiente; l&#8217;altra\u00a0parte, diciamo pi\u00f9 vecchia \u00e8 stata utilizzata inserendo vari uffici, servizi e la gente di solito si perde in vari\u00a0corridoi, stanze, piani, cercando a tentoni l&#8217;ufficio richiesto.<\/p>\n<p>Lo studio di Anna \u00e8 nella parte vecchia. Anna \u00e8 logopedista e si appresta a ricevere i vari appuntamenti della\u00a0giornata. Saluta le colleghe, chi di ritorno dalla ferie, chi in procinto di andarci, il clima \u00e8 disteso, siamo in\u00a0estate, i bambini non frequentano le scuole e \u00e8 possibile vederli con calma, a orari pi\u00f9 possibili per loro.<\/p>\n<p>La mattinata passa in fretta, Anna riceve i vari bambini, partecipa con loro a vari giochi mirati, utilizza\u00a0vari strumenti per vari esercizi sempre per la corretta pronuncia e la diminuzione di vari difetti nella produzione\u00a0verbale. Le piace il suo lavoro, nonostante la sempre pi\u00f9 presente burocratizzazione, i vari protocolli operativi e<\/p>\n<p>la riduzione delle risorse , il rapporto con i bambini, il poterli aiutare nelle loro difficolt\u00e0, la ricompensa di tutto.<\/p>\n<p>Si ricorda quando da bambina anche lei ha avuto\u00a0 problemi nel parlare, poi il disturbo \u00e8 rientrato da se, ma\u00a0intanto se l&#8217;era portato dietro nei primi anni della sua infanzia creandole un persistente insicurezza che\u00a0 le\u00a0aveva reso pi\u00f9 difficile il rapporto con gli altri.<\/p>\n<p>Anna \u00e8 stanca, sta preparandosi per prendere qualcosa da mangiare e affrontare spiritualmente il caldo<\/p>\n<p>che ci sar\u00e0 fuori, quando un rumore si fa sempre pi\u00f9\u00a0 insistente, un forte rumore assordante\u00a0 , si affaccia \u00e8 un\u00a0elicottero che sta sorvolando lo stabile in cui lavora.<\/p>\n<p>Il rumore penetra nella stanza, si fa sempre pi\u00f9 intenso, interrompe il silenzio.<\/p>\n<p>Cosa pu\u00f2 essere successo, un incendio? Arrivata al bar del Campo di Marte\u00a0 interroga una collega che\u00a0conosce bene e la\u00a0 risposta \u00e8 la pi\u00f9 crudele e infame che potesse aspettarsi.<\/p>\n<p>&#8220;Hanno portato via con l&#8217;elicottero una donna in fin di vita, ridotta cos\u00ec da qualcuno che le ha rovesciato\u00a0del liquido infiammabile addosso, qui a due passi, a un centinaio di metri da qua&#8221;.<\/p>\n<p>Anna \u00e8 annichilita, non riesce a darsi pace, rientra in ufficio, li per l\u00ec non riesce neanche a parlare, possibile\u00a0a due passi da lei, poi lo riferisce alle colleghe che tanto \u00e8 lo sgomento che non le credono molto &#8221; Avrai capito\u00a0male, sei sicura?<\/p>\n<p>Qualcuno va su internet,\u00a0 si, si, \u00e8 vero, confermano, come se la realt\u00e0 virtuale fosse pi\u00f9 vera di quella reale.<\/p>\n<p>Purtroppo qui non c&#8217;\u00e8 nulla di virtuale.<\/p>\n<p>Si \u00e8 vero, qualcuno ha incendiato un corpo e un&#8217;anima, purtroppo il giorno dopo si sapr\u00e0 che Vania non ce \u00a0l&#8217;ha fatta, Vania quel volto intravisto di mattina, un sorriso scambiato in fretta, un attimo.<\/p>\n<p>L&#8217;ennesimo femminicidio l&#8217;ha portata via, si \u00e8 vero il 2 agosto 2016.<\/p>\n<p>una solita giornata di violenza sulle donne.<\/p>\n<p>Anna l&#8217;ha stampata in testa quella data, non se la scorder\u00e0 mai pi\u00f9 e per\u00a0non dimenticare scriver\u00e0 per ricordarla.<\/p>\n<p>Una solita giornata<\/p>\n<p>Tutto era cominciato come al solito<\/p>\n<p>Il rientro in ufficio in quell&#8217;estate appiccicosa<\/p>\n<p>il caff\u00e9<\/p>\n<p>Le colleghe abbronzate pi\u00f9 o meno<\/p>\n<p>il lavoro<\/p>\n<p>poi all&#8221;improvviso un rumore sempre pi\u00f9 vicino<\/p>\n<p>sempre pi\u00f9 assordante<\/p>\n<p>un elicottero<\/p>\n<p>un incendio del corpo e dell&#8217;anima<\/p>\n<p>l&#8217;ennesimo femminicidio<\/p>\n<p>si era proprio una solita giornata<\/p>\n<p>&nbsp;<\/p>\n<p>&nbsp;<\/p>\n<p>&nbsp;<\/p>\n<p>&nbsp;<\/p>\n<p>&nbsp;<\/p>\n<div class=\"pvc_clear\"><\/div>\n<p id=\"pvc_stats_30070\" class=\"pvc_stats all  \" data-element-id=\"30070\" style=\"\"><i class=\"pvc-stats-icon medium\" aria-hidden=\"true\"><svg aria-hidden=\"true\" focusable=\"false\" data-prefix=\"far\" data-icon=\"chart-bar\" role=\"img\" xmlns=\"http:\/\/www.w3.org\/2000\/svg\" viewBox=\"0 0 512 512\" class=\"svg-inline--fa fa-chart-bar fa-w-16 fa-2x\"><path fill=\"currentColor\" d=\"M396.8 352h22.4c6.4 0 12.8-6.4 12.8-12.8V108.8c0-6.4-6.4-12.8-12.8-12.8h-22.4c-6.4 0-12.8 6.4-12.8 12.8v230.4c0 6.4 6.4 12.8 12.8 12.8zm-192 0h22.4c6.4 0 12.8-6.4 12.8-12.8V140.8c0-6.4-6.4-12.8-12.8-12.8h-22.4c-6.4 0-12.8 6.4-12.8 12.8v198.4c0 6.4 6.4 12.8 12.8 12.8zm96 0h22.4c6.4 0 12.8-6.4 12.8-12.8V204.8c0-6.4-6.4-12.8-12.8-12.8h-22.4c-6.4 0-12.8 6.4-12.8 12.8v134.4c0 6.4 6.4 12.8 12.8 12.8zM496 400H48V80c0-8.84-7.16-16-16-16H16C7.16 64 0 71.16 0 80v336c0 17.67 14.33 32 32 32h464c8.84 0 16-7.16 16-16v-16c0-8.84-7.16-16-16-16zm-387.2-48h22.4c6.4 0 12.8-6.4 12.8-12.8v-70.4c0-6.4-6.4-12.8-12.8-12.8h-22.4c-6.4 0-12.8 6.4-12.8 12.8v70.4c0 6.4 6.4 12.8 12.8 12.8z\" class=\"\"><\/path><\/svg><\/i> <img loading=\"lazy\" decoding=\"async\" width=\"16\" height=\"16\" alt=\"Loading\" src=\"https:\/\/www.raccontinellarete.it\/301\/wp-content\/plugins\/page-views-count\/ajax-loader-2x.gif\" border=0 \/><\/p>\n<div class=\"pvc_clear\"><\/div>\n","protected":false},"excerpt":{"rendered":"<p>Anna inizia la giornata con una tazzina di caff\u00e8 rito del mattino, \u00a0un&#8217;aggiustata al look, a sessanta anni \u00e8 importante sentirsi bene nei propri panni e poi\u00a0via al lavoro. Siamo ad Agosto, Lucca \u00e8 semideserta, ma mai come una volta, anni addietro in quel mese\u00a0non ci sarebbe stata anima viva e tutto sarebbe sembrato come [&hellip;]<\/p>\n<div class=\"pvc_clear\"><\/div>\n<p id=\"pvc_stats_30070\" class=\"pvc_stats all  \" data-element-id=\"30070\" style=\"\"><i class=\"pvc-stats-icon medium\" aria-hidden=\"true\"><svg aria-hidden=\"true\" focusable=\"false\" data-prefix=\"far\" data-icon=\"chart-bar\" role=\"img\" xmlns=\"http:\/\/www.w3.org\/2000\/svg\" viewBox=\"0 0 512 512\" class=\"svg-inline--fa fa-chart-bar fa-w-16 fa-2x\"><path fill=\"currentColor\" d=\"M396.8 352h22.4c6.4 0 12.8-6.4 12.8-12.8V108.8c0-6.4-6.4-12.8-12.8-12.8h-22.4c-6.4 0-12.8 6.4-12.8 12.8v230.4c0 6.4 6.4 12.8 12.8 12.8zm-192 0h22.4c6.4 0 12.8-6.4 12.8-12.8V140.8c0-6.4-6.4-12.8-12.8-12.8h-22.4c-6.4 0-12.8 6.4-12.8 12.8v198.4c0 6.4 6.4 12.8 12.8 12.8zm96 0h22.4c6.4 0 12.8-6.4 12.8-12.8V204.8c0-6.4-6.4-12.8-12.8-12.8h-22.4c-6.4 0-12.8 6.4-12.8 12.8v134.4c0 6.4 6.4 12.8 12.8 12.8zM496 400H48V80c0-8.84-7.16-16-16-16H16C7.16 64 0 71.16 0 80v336c0 17.67 14.33 32 32 32h464c8.84 0 16-7.16 16-16v-16c0-8.84-7.16-16-16-16zm-387.2-48h22.4c6.4 0 12.8-6.4 12.8-12.8v-70.4c0-6.4-6.4-12.8-12.8-12.8h-22.4c-6.4 0-12.8 6.4-12.8 12.8v70.4c0 6.4 6.4 12.8 12.8 12.8z\" class=\"\"><\/path><\/svg><\/i> <img loading=\"lazy\" decoding=\"async\" width=\"16\" height=\"16\" alt=\"Loading\" src=\"https:\/\/www.raccontinellarete.it\/301\/wp-content\/plugins\/page-views-count\/ajax-loader-2x.gif\" border=0 \/><\/p>\n<div class=\"pvc_clear\"><\/div>\n","protected":false},"author":8664,"featured_media":0,"comment_status":"open","ping_status":"closed","sticky":false,"template":"","format":"standard","meta":{"footnotes":""},"categories":[398],"tags":[],"class_list":["post-30070","post","type-post","status-publish","format-standard","hentry","category-premio-racconti-nella-rete-2017"],"_links":{"self":[{"href":"https:\/\/www.raccontinellarete.it\/index.php?rest_route=\/wp\/v2\/posts\/30070"}],"collection":[{"href":"https:\/\/www.raccontinellarete.it\/index.php?rest_route=\/wp\/v2\/posts"}],"about":[{"href":"https:\/\/www.raccontinellarete.it\/index.php?rest_route=\/wp\/v2\/types\/post"}],"author":[{"embeddable":true,"href":"https:\/\/www.raccontinellarete.it\/index.php?rest_route=\/wp\/v2\/users\/8664"}],"replies":[{"embeddable":true,"href":"https:\/\/www.raccontinellarete.it\/index.php?rest_route=%2Fwp%2Fv2%2Fcomments&post=30070"}],"version-history":[{"count":3,"href":"https:\/\/www.raccontinellarete.it\/index.php?rest_route=\/wp\/v2\/posts\/30070\/revisions"}],"predecessor-version":[{"id":30088,"href":"https:\/\/www.raccontinellarete.it\/index.php?rest_route=\/wp\/v2\/posts\/30070\/revisions\/30088"}],"wp:attachment":[{"href":"https:\/\/www.raccontinellarete.it\/index.php?rest_route=%2Fwp%2Fv2%2Fmedia&parent=30070"}],"wp:term":[{"taxonomy":"category","embeddable":true,"href":"https:\/\/www.raccontinellarete.it\/index.php?rest_route=%2Fwp%2Fv2%2Fcategories&post=30070"},{"taxonomy":"post_tag","embeddable":true,"href":"https:\/\/www.raccontinellarete.it\/index.php?rest_route=%2Fwp%2Fv2%2Ftags&post=30070"}],"curies":[{"name":"wp","href":"https:\/\/api.w.org\/{rel}","templated":true}]}}