{"id":29452,"date":"2017-02-20T19:19:06","date_gmt":"2017-02-20T18:19:06","guid":{"rendered":"http:\/\/www.raccontinellarete.it\/?p=29452"},"modified":"2017-02-21T18:35:10","modified_gmt":"2017-02-21T17:35:10","slug":"a-marzo-nuovo-corso-di-scrittura-con-eleonora-sottili","status":"publish","type":"post","link":"https:\/\/www.raccontinellarete.it\/?p=29452","title":{"rendered":"Iscrivetevi subito al corso di scrittura con Eleonora Sottili in programma il 4 e 5 marzo a Lucca"},"content":{"rendered":"<p style=\"text-align: justify;\"><a href=\"https:\/\/www.raccontinellarete.it\/?attachment_id=26638\" rel=\"attachment wp-att-26638\"><img loading=\"lazy\" decoding=\"async\" class=\"alignleft size-medium wp-image-26638\" src=\"https:\/\/www.raccontinellarete.it\/301\/wp-content\/uploads\/2016\/03\/IMG_2459-333x250.jpg\" alt=\"IMG_2459\" width=\"333\" height=\"250\" srcset=\"https:\/\/www.raccontinellarete.it\/301\/wp-content\/uploads\/2016\/03\/IMG_2459-333x250.jpg 333w, https:\/\/www.raccontinellarete.it\/301\/wp-content\/uploads\/2016\/03\/IMG_2459-768x576.jpg 768w, https:\/\/www.raccontinellarete.it\/301\/wp-content\/uploads\/2016\/03\/IMG_2459-1024x768.jpg 1024w\" sizes=\"(max-width: 333px) 100vw, 333px\" \/><\/a><\/p>\n<p style=\"text-align: justify;\">Sabato 4 e domenica 5 marzo, il Premio Racconti nella Rete organizza a Lucca un corso di scrittura con Eleonora Sottili, scrittrice e docente della Scuola Holden di Torino. Eleonora \u00e8 stata tra i vincitori del nostro premio letterario e da quest&#8217;anno fa parte della giuria del concorso. Il corso \u00e8 aperto agli scrittori ed ai principianti, senza limiti di et\u00e0. Chi \u00e8 interessato a partecipare pu\u00f2 scrivere a info@raccontinellarete.it tel 0584961169<\/p>\n<p style=\"text-align: justify;\"><em>Nella foto, il gruppo che ha partecipato al corso tenutosi l&#8217;anno scorso.<\/em><\/p>\n<p><strong>Ecco alcune indicazioni per partecipare \u2013 le iscrizioni stanno per chiudersi. Affrettatevi. \u00a0<\/strong><\/p>\n<p><strong>Quando:<\/strong><br \/>\n<strong>Sabato 4 e domenica 5 marzo alla Biblioteca Civica Agor\u00e0 di Lucca &#8211; piazza dei Servi<\/strong><br \/>\n<strong>sabato 5 marzo orario 10,00-13,00 14,30-18,00<\/strong><br \/>\n<strong>domenica 6 marzo orario 10,00-13,00 14,30-17,30<\/strong><\/p>\n<p><strong>Costo per partecipante:<\/strong><br \/>\n<strong>\u20ac 100,00<\/strong><\/p>\n<p>&#8212;&#8212;&#8212;&#8212;&#8212;&#8212;&#8212;&#8212;&#8212;&#8212;&#8212;&#8212;&#8212;&#8212;&#8212;&#8212;&#8212;<\/p>\n<p>La preghiamo di inviarci i suoi dati anagrafici completi \u2013 una breve scheda di presentazione, indirizzo e numero di telefono &#8211; sempre via email e di versare entro il 24 FEBBRAIO la quota d\u2019acconto di 50 euro per il CORSO DI SCRITTURA condotto da Eleonora Sottili\u00a0 &#8211; indicando nella causale CORSO DI SCRITTURA 2017 &#8211;\u00a0\u00a0 sul c\/c postale intestato a: Associazione Culturale LuccAutori, via A. Pucci 138\/a, 55049 Viareggio &#8211; Lucca, conto corrente postale n. 37010295 oppure\u00a0 Iban IT 18 I0760113700000037010295.<\/p>\n<p><u><strong>Con i suoi dati attendiamo conferma dell\u2019avvenuto pagamento della quota, sempre via e-mail a info@raccontinellarete.it<\/strong>\u00a0<\/u>.\u00a0 Il saldo di 50 euro lo far\u00e0 prima dell\u2019inizio del corso, la mattina di sabato 4 marzo alla Biblioteca Agor\u00e0 di Lucca.<\/p>\n<p>Per \u00a0ulteriori indicazioni sul corso pu\u00f2 comunicare con Eleonora Sottili scrivendo a\u00a0 <a href=\"mailto:elisottili@hotmail.com\">elisottili@hotmail.com<\/a><\/p>\n<p>&nbsp;<\/p>\n<p>Biblioteca Civica AGORA\u2019 \u2013 Lucca<\/p>\n<p>LuccAutori \u2013 Premio Racconti nella Rete<\/p>\n<p><strong>Sabato 4 e domenica 5 marzo 2017<\/strong><\/p>\n<p><strong>Il mestiere di scrivere. Spunti e strumenti<\/strong><\/p>\n<p><strong>Corso di scrittura con Eleonora Sottili<\/strong><\/p>\n<p>Per partecipare scrivere a <a href=\"mailto:info@raccontinellarete.it\">info@raccontinellarete.it<\/a>\u00a0 tel.0584961169<\/p>\n<p><strong>Un weekend per conoscere i meccanismi della scrittura, per comprendere e sperimentare attraverso l\u2019analisi di racconti e romanzi gli elementi necessari per scrivere un buon racconto o un buon romanzo.<\/strong><\/p>\n<p><strong>Nel percorso utilizzeremo la musica, le immagini e la scrittura per stimolare la nostra fantasia, per farci venire nuove idee e per trovare le storie che vogliamo raccontare.<\/strong><\/p>\n<p><strong>\u00a0<\/strong><\/p>\n<p><strong>SABATO 4 marzo (dalle 10.00 alle 13.00 e dalle 14.30 alle 18.00)<\/strong><\/p>\n<p><strong>Recuperare la attenzione e l\u2019immaginazione<\/strong>. Superare la paura di essere creativi attraverso i sensi. L\u2019emozione e il gesto.<\/p>\n<p><strong>A caccia di storie:<\/strong> I ricordi e l\u2019autobiografia come fonte di spunti e motore della narrazione. Articoli, dipinti, fotografie e oggetti: tutti i luoghi del racconto.<\/p>\n<p><strong>Scrittura en plein air<\/strong>. Osservazione dal vero e fotografia. Come passeggiare per la citt\u00e0 pu\u00f2 fare nascere nuove idee e personaggi diversi. Il rapporto tra reale e finzione.<\/p>\n<p><strong>Elementi del racconto<\/strong>. Lo spazio e il tempo e il punto di vista. Tra zoomate e panoramiche, la prima e la terza persona: significato di una scelta.<\/p>\n<p><strong>DOMENICA 5 marzo (dalle 10.00 alle 13.00 e dalle 14.30 alle 17.30)<\/strong><\/p>\n<p><strong>Creazione del personaggio<\/strong>. Il conflitto e il desiderio. La voce del personaggio. Il gesto: far vivere il mio protagonista<\/p>\n<p><strong>Il Dialogo e la Voce del personaggio<\/strong>. Di che cosa si parla in un racconto: pericoli e funzioni del dialogo.<\/p>\n<p><strong>Forma e struttura<\/strong>. Tutti gli strumenti per migliorare il racconto.\u00a0\u00a0\u00a0\u00a0\u00a0\u00a0\u00a0\u00a0\u00a0\u00a0\u00a0\u00a0\u00a0 Incipit, montaggio e finale. Lo spazio bianco.<\/p>\n<p><strong>A racconto finito<\/strong>. Il finale: quando finisce davvero una storia. Revisione. Concorsi, riviste letterarie e case editrici.<\/p>\n<p>&nbsp;<\/p>\n<p><strong>Eleonora Sottili<\/strong> \u00e8 nata a Viareggio nel 1970. Si \u00e8 laureata in Psicologia Clinica e ha frequentato workshop di scrittura e sceneggiatura alla Scuola Holden, e il corso di editoria di Minimum Fax. Ha tenuto diverse lezioni di letteratura all\u2019Accademia Albertina, dal 2004 insegna alla Scuola Holden di Torino e collabora con la Casa Editrice Einaudi.<\/p>\n<p>Autrice de Il futuro \u00e8 nella plastica (Nottetempo, 2010), Se tu fossi neve (Giunti, 2015) e del racconto La direzione del cuore nella raccolta Ritratti dell\u2019autore da cucciolo (Instar Libri, 2016).<\/p>\n<p style=\"text-align: justify;\">\n<div class=\"pvc_clear\"><\/div>\n<p id=\"pvc_stats_29452\" class=\"pvc_stats all  \" data-element-id=\"29452\" style=\"\"><i class=\"pvc-stats-icon medium\" aria-hidden=\"true\"><svg aria-hidden=\"true\" focusable=\"false\" data-prefix=\"far\" data-icon=\"chart-bar\" role=\"img\" xmlns=\"http:\/\/www.w3.org\/2000\/svg\" viewBox=\"0 0 512 512\" class=\"svg-inline--fa fa-chart-bar fa-w-16 fa-2x\"><path fill=\"currentColor\" d=\"M396.8 352h22.4c6.4 0 12.8-6.4 12.8-12.8V108.8c0-6.4-6.4-12.8-12.8-12.8h-22.4c-6.4 0-12.8 6.4-12.8 12.8v230.4c0 6.4 6.4 12.8 12.8 12.8zm-192 0h22.4c6.4 0 12.8-6.4 12.8-12.8V140.8c0-6.4-6.4-12.8-12.8-12.8h-22.4c-6.4 0-12.8 6.4-12.8 12.8v198.4c0 6.4 6.4 12.8 12.8 12.8zm96 0h22.4c6.4 0 12.8-6.4 12.8-12.8V204.8c0-6.4-6.4-12.8-12.8-12.8h-22.4c-6.4 0-12.8 6.4-12.8 12.8v134.4c0 6.4 6.4 12.8 12.8 12.8zM496 400H48V80c0-8.84-7.16-16-16-16H16C7.16 64 0 71.16 0 80v336c0 17.67 14.33 32 32 32h464c8.84 0 16-7.16 16-16v-16c0-8.84-7.16-16-16-16zm-387.2-48h22.4c6.4 0 12.8-6.4 12.8-12.8v-70.4c0-6.4-6.4-12.8-12.8-12.8h-22.4c-6.4 0-12.8 6.4-12.8 12.8v70.4c0 6.4 6.4 12.8 12.8 12.8z\" class=\"\"><\/path><\/svg><\/i> <img loading=\"lazy\" decoding=\"async\" width=\"16\" height=\"16\" alt=\"Loading\" src=\"https:\/\/www.raccontinellarete.it\/301\/wp-content\/plugins\/page-views-count\/ajax-loader-2x.gif\" border=0 \/><\/p>\n<div class=\"pvc_clear\"><\/div>\n","protected":false},"excerpt":{"rendered":"<p>Sabato 4 e domenica 5 marzo, il Premio Racconti nella Rete organizza a Lucca un corso di scrittura con Eleonora Sottili, scrittrice e docente della Scuola Holden di Torino. Eleonora \u00e8 stata tra i vincitori del nostro premio letterario e da quest&#8217;anno fa parte della giuria del concorso. Il corso \u00e8 aperto agli scrittori ed [&hellip;]<\/p>\n<div class=\"pvc_clear\"><\/div>\n<p id=\"pvc_stats_29452\" class=\"pvc_stats all  \" data-element-id=\"29452\" style=\"\"><i class=\"pvc-stats-icon medium\" aria-hidden=\"true\"><svg aria-hidden=\"true\" focusable=\"false\" data-prefix=\"far\" data-icon=\"chart-bar\" role=\"img\" xmlns=\"http:\/\/www.w3.org\/2000\/svg\" viewBox=\"0 0 512 512\" class=\"svg-inline--fa fa-chart-bar fa-w-16 fa-2x\"><path fill=\"currentColor\" d=\"M396.8 352h22.4c6.4 0 12.8-6.4 12.8-12.8V108.8c0-6.4-6.4-12.8-12.8-12.8h-22.4c-6.4 0-12.8 6.4-12.8 12.8v230.4c0 6.4 6.4 12.8 12.8 12.8zm-192 0h22.4c6.4 0 12.8-6.4 12.8-12.8V140.8c0-6.4-6.4-12.8-12.8-12.8h-22.4c-6.4 0-12.8 6.4-12.8 12.8v198.4c0 6.4 6.4 12.8 12.8 12.8zm96 0h22.4c6.4 0 12.8-6.4 12.8-12.8V204.8c0-6.4-6.4-12.8-12.8-12.8h-22.4c-6.4 0-12.8 6.4-12.8 12.8v134.4c0 6.4 6.4 12.8 12.8 12.8zM496 400H48V80c0-8.84-7.16-16-16-16H16C7.16 64 0 71.16 0 80v336c0 17.67 14.33 32 32 32h464c8.84 0 16-7.16 16-16v-16c0-8.84-7.16-16-16-16zm-387.2-48h22.4c6.4 0 12.8-6.4 12.8-12.8v-70.4c0-6.4-6.4-12.8-12.8-12.8h-22.4c-6.4 0-12.8 6.4-12.8 12.8v70.4c0 6.4 6.4 12.8 12.8 12.8z\" class=\"\"><\/path><\/svg><\/i> <img loading=\"lazy\" decoding=\"async\" width=\"16\" height=\"16\" alt=\"Loading\" src=\"https:\/\/www.raccontinellarete.it\/301\/wp-content\/plugins\/page-views-count\/ajax-loader-2x.gif\" border=0 \/><\/p>\n<div class=\"pvc_clear\"><\/div>\n","protected":false},"author":3,"featured_media":0,"comment_status":"open","ping_status":"closed","sticky":false,"template":"","format":"standard","meta":{"footnotes":""},"categories":[87,5,4],"tags":[],"class_list":["post-29452","post","type-post","status-publish","format-standard","hentry","category-comunicato-stampa","category-racconti-nella-rete","category-news"],"_links":{"self":[{"href":"https:\/\/www.raccontinellarete.it\/index.php?rest_route=\/wp\/v2\/posts\/29452"}],"collection":[{"href":"https:\/\/www.raccontinellarete.it\/index.php?rest_route=\/wp\/v2\/posts"}],"about":[{"href":"https:\/\/www.raccontinellarete.it\/index.php?rest_route=\/wp\/v2\/types\/post"}],"author":[{"embeddable":true,"href":"https:\/\/www.raccontinellarete.it\/index.php?rest_route=\/wp\/v2\/users\/3"}],"replies":[{"embeddable":true,"href":"https:\/\/www.raccontinellarete.it\/index.php?rest_route=%2Fwp%2Fv2%2Fcomments&post=29452"}],"version-history":[{"count":6,"href":"https:\/\/www.raccontinellarete.it\/index.php?rest_route=\/wp\/v2\/posts\/29452\/revisions"}],"predecessor-version":[{"id":30058,"href":"https:\/\/www.raccontinellarete.it\/index.php?rest_route=\/wp\/v2\/posts\/29452\/revisions\/30058"}],"wp:attachment":[{"href":"https:\/\/www.raccontinellarete.it\/index.php?rest_route=%2Fwp%2Fv2%2Fmedia&parent=29452"}],"wp:term":[{"taxonomy":"category","embeddable":true,"href":"https:\/\/www.raccontinellarete.it\/index.php?rest_route=%2Fwp%2Fv2%2Fcategories&post=29452"},{"taxonomy":"post_tag","embeddable":true,"href":"https:\/\/www.raccontinellarete.it\/index.php?rest_route=%2Fwp%2Fv2%2Ftags&post=29452"}],"curies":[{"name":"wp","href":"https:\/\/api.w.org\/{rel}","templated":true}]}}