{"id":29392,"date":"2016-11-21T12:59:34","date_gmt":"2016-11-21T11:59:34","guid":{"rendered":"http:\/\/www.raccontinellarete.it\/?p=29392"},"modified":"2016-11-21T13:02:57","modified_gmt":"2016-11-21T12:02:57","slug":"domenica-27-novembre-cesare-bocci-e-daniela-spada-alla-biblioteca-agora-di-lucca","status":"publish","type":"post","link":"https:\/\/www.raccontinellarete.it\/?p=29392","title":{"rendered":"Domenica 27 novembre Cesare Bocci e Daniela Spada alla Biblioteca Agor\u00e0 di Lucca"},"content":{"rendered":"<div dir=\"ltr\">\n<div dir=\"ltr\">\n<div style=\"text-align: justify;\"><a href=\"https:\/\/www.raccontinellarete.it\/?attachment_id=29393\" rel=\"attachment wp-att-29393\"><img loading=\"lazy\" decoding=\"async\" class=\"alignleft size-medium wp-image-29393\" src=\"https:\/\/www.raccontinellarete.it\/301\/wp-content\/uploads\/2016\/11\/BOCCI-2-179x250.jpg\" alt=\"bocci-2\" width=\"179\" height=\"250\" \/><\/a><\/div>\n<div style=\"text-align: justify;\"><\/div>\n<div style=\"text-align: justify;\"><span style=\"font-family: Arial;\"><strong><br \/>\nDOMENICA 27 NOVEMBRE alle 17.30 presso l\u2019auditorium della Biblioteca Agor\u00e0, piazza dei Servi \u2013 Lucca, incontro con\u00a0 <span style=\"color: #000000; font-size: large;\">CESARE BOCCI e DANIELA SPADA.<\/span>\u00a0 Presentano il loro libro dal titolo\u00a0 PESCE D\u2019APRILE\u00a0 (Sperling &amp; Kupfer) . <\/strong><\/span><\/div>\n<div style=\"text-align: justify;\"><strong><span style=\"font-family: Arial;\">L&#8217;incontro fa parte della rassegna \u201cAutori all\u2019Agor\u00e0\u201d organizzata da LuccAutori &#8211; Premio Racconti nella Rete e Biblioteca Civica Agor\u00e0. Intervengono Demetrio Brandi e Elena Marchini.\u00a0 <\/span><\/strong><\/div>\n<div style=\"text-align: justify;\"><strong><span style=\"font-family: Arial;\">Ingresso libero fino ad esaurimento posti.<\/span><\/strong><\/div>\n<div style=\"text-align: justify;\"><\/div>\n<div style=\"text-align: justify;\"><span style=\"font-family: Arial;\"><em>\u00abE noi, con e nonostante la malattia di Dany, abbiamo saputo ricominciare da capo e affrontare la sfida. Per questo oggi vogliamo raccontare la nostra vittoria sull\u2019ictus. In realt\u00e0 non abbiamo ancora vinto, siamo solo ai supplementari, ma siamo in vantaggio. Ecco, questa \u00e8 la storia di noi che non ci siamo arresi.\u00bb \u2013 Cesare Bocci.<\/em><\/span><\/div>\n<div style=\"text-align: justify;\"><span style=\"font-family: Arial;\"><strong>Cesare Bocci<\/strong> (marchigiano, attore e sceneggiatore italiano tra i pi\u00f9 noti della sua generazione) ha cominciato a recitare da ragazzo e, da allora, la passione non l\u2019ha pi\u00f9 abbandonato. Nel 1983 \u00e8 stato tra i fondatori della Compagnia della Rancia. Trasferitosi a Roma, ha preso parte a numerosi film e fiction, tra cui la fortunatissima serie del Commissario Montalbano, dove interpreta Mim\u00ec Augello, il bel Vicecommissario sciupafemmine amatissimo dal pubblico. Periodicamente ritorna al suo primo amore: il teatro. <\/span><\/div>\n<div style=\"text-align: justify;\"><span style=\"font-family: Arial;\"><strong>Daniela Spada<\/strong>, la sua compagna da pi\u00f9 di vent\u2019anni, ha lavorato a lungo come grafica. Dopo l\u2019ictus che l\u2019ha colpita nel 2000, si \u00e8 reinventata cuoca e ora gestisce a Roma una scuola di cucina. Il suo vecchio blog, www.cucinaamoremio.com, \u00e8 stato uno dei tanti escamotage usati per alleviare la propria malattia.<\/span><\/div>\n<div style=\"text-align: justify;\"><span style=\"font-family: Arial;\">La prima domenica a casa dall\u2019ospedale, la piccola Mia che aspetta di essere allattata e poi un improvviso dolore che cancella tutto. \u00c8 il 1\u00b0 aprile 2000 e Daniela Spada si risveglier\u00e0 dal coma dopo venti giorni per ritrovarsi in un incubo ancora pi\u00f9 grande: il lungo percorso per riprendersi dalle conseguenze di un ictus che ha colpito il cervelletto. Il risveglio \u00e8 tragico: non sa chi \u00e8, il medico dice che non camminer\u00e0 pi\u00f9. \u00abVaffanculo\u00bb \u00e8 la risposta del compagno Cesare, che ha pi\u00f9 fiducia nella forza della sua donna che nelle diagnosi. <\/span><\/div>\n<div style=\"text-align: justify;\"><span style=\"font-family: Arial;\">E il tempo gli d\u00e0 ragione: lottando contro il dolore e lo sconforto, contro un servizio sanitario \u201cpoco umano\u201d, e contro il rimpianto per tutto quello che l\u2019ictus si \u00e8 portato via i primi mesi di Mia, il lavoro, la moto, il sax, lo sci d\u2019acqua, il ballo, Daniela si \u00e8 rimessa in piedi, pi\u00f9 coraggiosa di ogni pronostico. Ha ripreso a guidare, si \u00e8 inventata una nuova professione e ha recuperato giorno dopo giorno un rapporto speciale con la figlia, alla faccia di quel maledetto pesce d\u2019aprile.<\/span><\/div>\n<div style=\"text-align: justify;\"><span style=\"font-family: Arial;\">Il recupero \u00e8 stato lento e difficile ma, a distanza di 16 anni, Daniela e Cesare hanno deciso di raccontare la loro storia, per dimostrare che un ictus non \u00e8 la fine del mondo e, a modo suo, ha lasciato anche inattesi regali: straordinarie prove d\u2019affetto, la scoperta di una forza insospettata, una famiglia sempre pi\u00f9 solida. Perch\u00e9, come dice Daniela, \u00abinvece di pensare a quello che non potete pi\u00f9 fare, pensate a quello che avete in pi\u00f9\u00bb.<\/span><\/div>\n<\/div>\n<\/div>\n<div style=\"text-align: justify;\"><\/div>\n<div style=\"text-align: justify;\"><a href=\"https:\/\/www.raccontinellarete.it\/?attachment_id=29394\" rel=\"attachment wp-att-29394\"><img loading=\"lazy\" decoding=\"async\" class=\"alignleft size-medium wp-image-29394\" src=\"https:\/\/www.raccontinellarete.it\/301\/wp-content\/uploads\/2016\/11\/978882006020-SPADA-BOCCI-Pesce-daprile-163x250.jpg\" alt=\"978882006020-spada-bocci-pesce-daprile\" width=\"163\" height=\"250\" \/><\/a><\/div>\n<div dir=\"ltr\">\n<div dir=\"ltr\"><\/div>\n<div style=\"text-align: justify;\"><a href=\"https:\/\/www.raccontinellarete.it\">www.raccontinellarete.it<\/a><\/div>\n<\/div>\n<div class=\"pvc_clear\"><\/div>\n<p id=\"pvc_stats_29392\" class=\"pvc_stats all  \" data-element-id=\"29392\" style=\"\"><i class=\"pvc-stats-icon medium\" aria-hidden=\"true\"><svg aria-hidden=\"true\" focusable=\"false\" data-prefix=\"far\" data-icon=\"chart-bar\" role=\"img\" xmlns=\"http:\/\/www.w3.org\/2000\/svg\" viewBox=\"0 0 512 512\" class=\"svg-inline--fa fa-chart-bar fa-w-16 fa-2x\"><path fill=\"currentColor\" d=\"M396.8 352h22.4c6.4 0 12.8-6.4 12.8-12.8V108.8c0-6.4-6.4-12.8-12.8-12.8h-22.4c-6.4 0-12.8 6.4-12.8 12.8v230.4c0 6.4 6.4 12.8 12.8 12.8zm-192 0h22.4c6.4 0 12.8-6.4 12.8-12.8V140.8c0-6.4-6.4-12.8-12.8-12.8h-22.4c-6.4 0-12.8 6.4-12.8 12.8v198.4c0 6.4 6.4 12.8 12.8 12.8zm96 0h22.4c6.4 0 12.8-6.4 12.8-12.8V204.8c0-6.4-6.4-12.8-12.8-12.8h-22.4c-6.4 0-12.8 6.4-12.8 12.8v134.4c0 6.4 6.4 12.8 12.8 12.8zM496 400H48V80c0-8.84-7.16-16-16-16H16C7.16 64 0 71.16 0 80v336c0 17.67 14.33 32 32 32h464c8.84 0 16-7.16 16-16v-16c0-8.84-7.16-16-16-16zm-387.2-48h22.4c6.4 0 12.8-6.4 12.8-12.8v-70.4c0-6.4-6.4-12.8-12.8-12.8h-22.4c-6.4 0-12.8 6.4-12.8 12.8v70.4c0 6.4 6.4 12.8 12.8 12.8z\" class=\"\"><\/path><\/svg><\/i> <img loading=\"lazy\" decoding=\"async\" width=\"16\" height=\"16\" alt=\"Loading\" src=\"https:\/\/www.raccontinellarete.it\/301\/wp-content\/plugins\/page-views-count\/ajax-loader-2x.gif\" border=0 \/><\/p>\n<div class=\"pvc_clear\"><\/div>\n","protected":false},"excerpt":{"rendered":"<p>DOMENICA 27 NOVEMBRE alle 17.30 presso l\u2019auditorium della Biblioteca Agor\u00e0, piazza dei Servi \u2013 Lucca, incontro con\u00a0 CESARE BOCCI e DANIELA SPADA.\u00a0 Presentano il loro libro dal titolo\u00a0 PESCE D\u2019APRILE\u00a0 (Sperling &amp; Kupfer) . L&#8217;incontro fa parte della rassegna \u201cAutori all\u2019Agor\u00e0\u201d organizzata da LuccAutori &#8211; Premio Racconti nella Rete e Biblioteca Civica Agor\u00e0. Intervengono Demetrio [&hellip;]<\/p>\n<div class=\"pvc_clear\"><\/div>\n<p id=\"pvc_stats_29392\" class=\"pvc_stats all  \" data-element-id=\"29392\" style=\"\"><i class=\"pvc-stats-icon medium\" aria-hidden=\"true\"><svg aria-hidden=\"true\" focusable=\"false\" data-prefix=\"far\" data-icon=\"chart-bar\" role=\"img\" xmlns=\"http:\/\/www.w3.org\/2000\/svg\" viewBox=\"0 0 512 512\" class=\"svg-inline--fa fa-chart-bar fa-w-16 fa-2x\"><path fill=\"currentColor\" d=\"M396.8 352h22.4c6.4 0 12.8-6.4 12.8-12.8V108.8c0-6.4-6.4-12.8-12.8-12.8h-22.4c-6.4 0-12.8 6.4-12.8 12.8v230.4c0 6.4 6.4 12.8 12.8 12.8zm-192 0h22.4c6.4 0 12.8-6.4 12.8-12.8V140.8c0-6.4-6.4-12.8-12.8-12.8h-22.4c-6.4 0-12.8 6.4-12.8 12.8v198.4c0 6.4 6.4 12.8 12.8 12.8zm96 0h22.4c6.4 0 12.8-6.4 12.8-12.8V204.8c0-6.4-6.4-12.8-12.8-12.8h-22.4c-6.4 0-12.8 6.4-12.8 12.8v134.4c0 6.4 6.4 12.8 12.8 12.8zM496 400H48V80c0-8.84-7.16-16-16-16H16C7.16 64 0 71.16 0 80v336c0 17.67 14.33 32 32 32h464c8.84 0 16-7.16 16-16v-16c0-8.84-7.16-16-16-16zm-387.2-48h22.4c6.4 0 12.8-6.4 12.8-12.8v-70.4c0-6.4-6.4-12.8-12.8-12.8h-22.4c-6.4 0-12.8 6.4-12.8 12.8v70.4c0 6.4 6.4 12.8 12.8 12.8z\" class=\"\"><\/path><\/svg><\/i> <img loading=\"lazy\" decoding=\"async\" width=\"16\" height=\"16\" alt=\"Loading\" src=\"https:\/\/www.raccontinellarete.it\/301\/wp-content\/plugins\/page-views-count\/ajax-loader-2x.gif\" border=0 \/><\/p>\n<div class=\"pvc_clear\"><\/div>\n","protected":false},"author":3,"featured_media":0,"comment_status":"open","ping_status":"closed","sticky":false,"template":"","format":"standard","meta":{"footnotes":""},"categories":[87,5,4],"tags":[350,355,400,7],"class_list":["post-29392","post","type-post","status-publish","format-standard","hentry","category-comunicato-stampa","category-racconti-nella-rete","category-news","tag-luccautori","tag-raccontinellarete","tag-cesare-bocci","tag-demetrio-brandi"],"_links":{"self":[{"href":"https:\/\/www.raccontinellarete.it\/index.php?rest_route=\/wp\/v2\/posts\/29392"}],"collection":[{"href":"https:\/\/www.raccontinellarete.it\/index.php?rest_route=\/wp\/v2\/posts"}],"about":[{"href":"https:\/\/www.raccontinellarete.it\/index.php?rest_route=\/wp\/v2\/types\/post"}],"author":[{"embeddable":true,"href":"https:\/\/www.raccontinellarete.it\/index.php?rest_route=\/wp\/v2\/users\/3"}],"replies":[{"embeddable":true,"href":"https:\/\/www.raccontinellarete.it\/index.php?rest_route=%2Fwp%2Fv2%2Fcomments&post=29392"}],"version-history":[{"count":3,"href":"https:\/\/www.raccontinellarete.it\/index.php?rest_route=\/wp\/v2\/posts\/29392\/revisions"}],"predecessor-version":[{"id":29399,"href":"https:\/\/www.raccontinellarete.it\/index.php?rest_route=\/wp\/v2\/posts\/29392\/revisions\/29399"}],"wp:attachment":[{"href":"https:\/\/www.raccontinellarete.it\/index.php?rest_route=%2Fwp%2Fv2%2Fmedia&parent=29392"}],"wp:term":[{"taxonomy":"category","embeddable":true,"href":"https:\/\/www.raccontinellarete.it\/index.php?rest_route=%2Fwp%2Fv2%2Fcategories&post=29392"},{"taxonomy":"post_tag","embeddable":true,"href":"https:\/\/www.raccontinellarete.it\/index.php?rest_route=%2Fwp%2Fv2%2Ftags&post=29392"}],"curies":[{"name":"wp","href":"https:\/\/api.w.org\/{rel}","templated":true}]}}