{"id":29247,"date":"2016-10-31T11:26:01","date_gmt":"2016-10-31T10:26:01","guid":{"rendered":"http:\/\/www.raccontinellarete.it\/?p=29247"},"modified":"2016-10-31T11:48:55","modified_gmt":"2016-10-31T10:48:55","slug":"pubblica-il-tuo-racconto-breve-partecipa-subito-al-premio-racconti-nella-rete-2017","status":"publish","type":"post","link":"https:\/\/www.raccontinellarete.it\/?p=29247","title":{"rendered":"Pubblica il tuo racconto breve. Partecipa subito al premio Racconti nella Rete 2017"},"content":{"rendered":"<p style=\"text-align: justify;\"><a href=\"https:\/\/www.raccontinellarete.it\/?attachment_id=29056\" rel=\"attachment wp-att-29056\"><img loading=\"lazy\" decoding=\"async\" class=\"alignleft size-medium wp-image-29056\" src=\"https:\/\/www.raccontinellarete.it\/301\/wp-content\/uploads\/2014\/07\/copertina-talani-2016-175x250.jpg\" alt=\"Raccontirete_2016_cover_01.indd\" width=\"175\" height=\"250\" srcset=\"https:\/\/www.raccontinellarete.it\/301\/wp-content\/uploads\/2014\/07\/copertina-talani-2016-175x250.jpg 175w, https:\/\/www.raccontinellarete.it\/301\/wp-content\/uploads\/2014\/07\/copertina-talani-2016-768x1097.jpg 768w, https:\/\/www.raccontinellarete.it\/301\/wp-content\/uploads\/2014\/07\/copertina-talani-2016-717x1024.jpg 717w, https:\/\/www.raccontinellarete.it\/301\/wp-content\/uploads\/2014\/07\/copertina-talani-2016.jpg 1654w\" sizes=\"(max-width: 175px) 100vw, 175px\" \/><\/a><\/p>\n<p style=\"text-align: justify;\">Ha preso il via la <strong>XVI edizione del Premio Letterario \u201cRacconti nelle Rete\u201d<\/strong>. Pubblica il tuo racconto breve, anche per bambini, o un soggetto per corti nel sito <a href=\"https:\/\/www.raccontinellarete.it\">www.raccontinellarete.it<\/a>\u00a0 e partecipa al premio letterario. \u00a0Nato da un&#8217;idea del giornalista Demetrio Brandi, il Premio Racconti nella Rete \u00e8 collegato al XXIII Festival letterario LuccAutori. Tra tutti i racconti inseriti in concorso, la giuria ne sceglier\u00e0 venticinque che saranno inseriti nell&#8217;antologia &#8220;Racconti nella Rete &#8221; edita da Nottetempo. Inoltre sar\u00e0 assegnato il <strong>Premio Budu\u00e0r<\/strong> per il racconto umoristico. \u00a0Il testo sar\u00e0 scelto tra i venticinque vincitori del premio.<\/p>\n<p style=\"text-align: justify;\">La sedicesima edizione del premio letterario si sviluppa durante tutto l&#8217;anno sul sito www.raccontinellarete.it\u00a0\u00a0 dove gli scrittori possono pubblicare i loro racconti oltre che leggerli e commentarli. Numerosi sono gli appuntamenti con il premio e gli scrittori fissati nelle pi\u00f9 importanti citt\u00e0 italiane. Un calendario che trovate nel sito del concorso.<\/p>\n<p style=\"text-align: justify;\">Si tratta di una vetrina d&#8217;autore. Possono partecipare al Premio tutti coloro che hanno un racconto inedito, oppure un soggetto per la sezione Corti. Racconti nella Rete vuole essere un&#8217;opportunit\u00e0 di espressione e confronto fra aspiranti scrittori pi\u00f9 o meno giovani. In una sorta di agor\u00e0 virtuale, tutti trovano infatti lo spazio privilegiato per dar voce alle proprie fantasie, memorie o sogni, per cimentarsi nella scrittura creativa e per saggiare il valore e la qualit\u00e0 del proprio lavoro, incontrando talenti sconosciuti o confrontandosi immediatamente con i diversi stili narrativi, generi e contenuti. E\u2019 questo il momento in cui tutti, dal professionista al dilettante, hanno piena possibilit\u00e0 di espressione e uguale dignit\u00e0 di ascolto. E\u2019 uno spazio democratico in cui si da possibilit\u00e0 di espressione a tutti coloro che lo desiderano.<\/p>\n<p style=\"text-align: justify;\">Gli autori fino ai 25 anni di et\u00e0 potranno usufruire di uno sconto di dieci euro sulla quota di partecipazione al premio 2017 \u2013 sezioni racconti e corti.\u00a0 Baster\u00e0 segnalare la vostra adesione con una email indirizzata a info@raccontinellarete.it. \u201cQuesta agevolazione\u201d \u2013 dice Demetrio Brandi, presidente del Premio \u2013 \u201c\u00e8 rivolta ai giovani talenti letterari, uno stimolo in pi\u00f9 per farli partecipare ad una vetrina sempre pi\u00f9 importante per gli autori emergenti.\u201d Molti tra gli autori pubblicati in questi anni nelle antologie edite da Nottetempo hanno ottenuto\u00a0 brillanti risultati in campo letterario.<\/p>\n<p style=\"text-align: justify;\">Per partecipare basta registrarsi e leggere il regolamento sul sito www.raccontinellarete.it. Il racconto, a tema libero, non dovr\u00e0 superare le cinque cartelle di testo: se l&#8217;elaborato sar\u00e0 ritenuto interessante verr\u00e0 subito inserito nel sito. <strong>Il termine ultimo ed improrogabile per l&#8217;invio del materiale \u00e8 fissato al 31 maggio 2017<\/strong>. \u00a0La presentazione in anteprima della nuova antologia avverr\u00e0 insieme alla proiezione del cortometraggio vincitore della sezione Corti in occasione del festival letterario LuccAutori in programma a Lucca nel mese di ottobre.<\/p>\n<p style=\"text-align: justify;\">Nel sito www.raccontinellarete.it\u00a0\u00a0 si pu\u00f2 vedere il cortometraggio \u201cTale padre tale figlia\u201d.\u00a0 Tratto dal soggetto di Alex Creazzi vincitore della sezione corti del premio letterario, \u00e8 stato realizzato dalla Scuola di Cinema Immagina di Firenze per la regia di Giuseppe Ferlito.<\/p>\n<p>&nbsp;<\/p>\n<div class=\"pvc_clear\"><\/div>\n<p id=\"pvc_stats_29247\" class=\"pvc_stats all  \" data-element-id=\"29247\" style=\"\"><i class=\"pvc-stats-icon medium\" aria-hidden=\"true\"><svg aria-hidden=\"true\" focusable=\"false\" data-prefix=\"far\" data-icon=\"chart-bar\" role=\"img\" xmlns=\"http:\/\/www.w3.org\/2000\/svg\" viewBox=\"0 0 512 512\" class=\"svg-inline--fa fa-chart-bar fa-w-16 fa-2x\"><path fill=\"currentColor\" d=\"M396.8 352h22.4c6.4 0 12.8-6.4 12.8-12.8V108.8c0-6.4-6.4-12.8-12.8-12.8h-22.4c-6.4 0-12.8 6.4-12.8 12.8v230.4c0 6.4 6.4 12.8 12.8 12.8zm-192 0h22.4c6.4 0 12.8-6.4 12.8-12.8V140.8c0-6.4-6.4-12.8-12.8-12.8h-22.4c-6.4 0-12.8 6.4-12.8 12.8v198.4c0 6.4 6.4 12.8 12.8 12.8zm96 0h22.4c6.4 0 12.8-6.4 12.8-12.8V204.8c0-6.4-6.4-12.8-12.8-12.8h-22.4c-6.4 0-12.8 6.4-12.8 12.8v134.4c0 6.4 6.4 12.8 12.8 12.8zM496 400H48V80c0-8.84-7.16-16-16-16H16C7.16 64 0 71.16 0 80v336c0 17.67 14.33 32 32 32h464c8.84 0 16-7.16 16-16v-16c0-8.84-7.16-16-16-16zm-387.2-48h22.4c6.4 0 12.8-6.4 12.8-12.8v-70.4c0-6.4-6.4-12.8-12.8-12.8h-22.4c-6.4 0-12.8 6.4-12.8 12.8v70.4c0 6.4 6.4 12.8 12.8 12.8z\" class=\"\"><\/path><\/svg><\/i> <img loading=\"lazy\" decoding=\"async\" width=\"16\" height=\"16\" alt=\"Loading\" src=\"https:\/\/www.raccontinellarete.it\/301\/wp-content\/plugins\/page-views-count\/ajax-loader-2x.gif\" border=0 \/><\/p>\n<div class=\"pvc_clear\"><\/div>\n","protected":false},"excerpt":{"rendered":"<p>Ha preso il via la XVI edizione del Premio Letterario \u201cRacconti nelle Rete\u201d. Pubblica il tuo racconto breve, anche per bambini, o un soggetto per corti nel sito www.raccontinellarete.it\u00a0 e partecipa al premio letterario. \u00a0Nato da un&#8217;idea del giornalista Demetrio Brandi, il Premio Racconti nella Rete \u00e8 collegato al XXIII Festival letterario LuccAutori. Tra tutti [&hellip;]<\/p>\n<div class=\"pvc_clear\"><\/div>\n<p id=\"pvc_stats_29247\" class=\"pvc_stats all  \" data-element-id=\"29247\" style=\"\"><i class=\"pvc-stats-icon medium\" aria-hidden=\"true\"><svg aria-hidden=\"true\" focusable=\"false\" data-prefix=\"far\" data-icon=\"chart-bar\" role=\"img\" xmlns=\"http:\/\/www.w3.org\/2000\/svg\" viewBox=\"0 0 512 512\" class=\"svg-inline--fa fa-chart-bar fa-w-16 fa-2x\"><path fill=\"currentColor\" d=\"M396.8 352h22.4c6.4 0 12.8-6.4 12.8-12.8V108.8c0-6.4-6.4-12.8-12.8-12.8h-22.4c-6.4 0-12.8 6.4-12.8 12.8v230.4c0 6.4 6.4 12.8 12.8 12.8zm-192 0h22.4c6.4 0 12.8-6.4 12.8-12.8V140.8c0-6.4-6.4-12.8-12.8-12.8h-22.4c-6.4 0-12.8 6.4-12.8 12.8v198.4c0 6.4 6.4 12.8 12.8 12.8zm96 0h22.4c6.4 0 12.8-6.4 12.8-12.8V204.8c0-6.4-6.4-12.8-12.8-12.8h-22.4c-6.4 0-12.8 6.4-12.8 12.8v134.4c0 6.4 6.4 12.8 12.8 12.8zM496 400H48V80c0-8.84-7.16-16-16-16H16C7.16 64 0 71.16 0 80v336c0 17.67 14.33 32 32 32h464c8.84 0 16-7.16 16-16v-16c0-8.84-7.16-16-16-16zm-387.2-48h22.4c6.4 0 12.8-6.4 12.8-12.8v-70.4c0-6.4-6.4-12.8-12.8-12.8h-22.4c-6.4 0-12.8 6.4-12.8 12.8v70.4c0 6.4 6.4 12.8 12.8 12.8z\" class=\"\"><\/path><\/svg><\/i> <img loading=\"lazy\" decoding=\"async\" width=\"16\" height=\"16\" alt=\"Loading\" src=\"https:\/\/www.raccontinellarete.it\/301\/wp-content\/plugins\/page-views-count\/ajax-loader-2x.gif\" border=0 \/><\/p>\n<div class=\"pvc_clear\"><\/div>\n","protected":false},"author":3,"featured_media":29214,"comment_status":"open","ping_status":"closed","sticky":false,"template":"","format":"standard","meta":{"footnotes":""},"categories":[87,5,4,86],"tags":[357,350,355],"class_list":["post-29247","post","type-post","status-publish","format-standard","has-post-thumbnail","hentry","category-comunicato-stampa","category-racconti-nella-rete","category-news","category-news-racconti-nella-rete","tag-demetriobrandi","tag-luccautori","tag-raccontinellarete"],"_links":{"self":[{"href":"https:\/\/www.raccontinellarete.it\/index.php?rest_route=\/wp\/v2\/posts\/29247"}],"collection":[{"href":"https:\/\/www.raccontinellarete.it\/index.php?rest_route=\/wp\/v2\/posts"}],"about":[{"href":"https:\/\/www.raccontinellarete.it\/index.php?rest_route=\/wp\/v2\/types\/post"}],"author":[{"embeddable":true,"href":"https:\/\/www.raccontinellarete.it\/index.php?rest_route=\/wp\/v2\/users\/3"}],"replies":[{"embeddable":true,"href":"https:\/\/www.raccontinellarete.it\/index.php?rest_route=%2Fwp%2Fv2%2Fcomments&post=29247"}],"version-history":[{"count":5,"href":"https:\/\/www.raccontinellarete.it\/index.php?rest_route=\/wp\/v2\/posts\/29247\/revisions"}],"predecessor-version":[{"id":29254,"href":"https:\/\/www.raccontinellarete.it\/index.php?rest_route=\/wp\/v2\/posts\/29247\/revisions\/29254"}],"wp:featuredmedia":[{"embeddable":true,"href":"https:\/\/www.raccontinellarete.it\/index.php?rest_route=\/wp\/v2\/media\/29214"}],"wp:attachment":[{"href":"https:\/\/www.raccontinellarete.it\/index.php?rest_route=%2Fwp%2Fv2%2Fmedia&parent=29247"}],"wp:term":[{"taxonomy":"category","embeddable":true,"href":"https:\/\/www.raccontinellarete.it\/index.php?rest_route=%2Fwp%2Fv2%2Fcategories&post=29247"},{"taxonomy":"post_tag","embeddable":true,"href":"https:\/\/www.raccontinellarete.it\/index.php?rest_route=%2Fwp%2Fv2%2Ftags&post=29247"}],"curies":[{"name":"wp","href":"https:\/\/api.w.org\/{rel}","templated":true}]}}