{"id":29152,"date":"2016-09-26T18:42:29","date_gmt":"2016-09-26T17:42:29","guid":{"rendered":"http:\/\/www.raccontinellarete.it\/?p=29152"},"modified":"2016-09-27T17:53:49","modified_gmt":"2016-09-27T16:53:49","slug":"luccautori-2016-sabato-8-ottobre-con-roberto-vecchioni","status":"publish","type":"post","link":"https:\/\/www.raccontinellarete.it\/?p=29152","title":{"rendered":"LuccAutori 2016  sabato 8 ottobre con Roberto Vecchioni"},"content":{"rendered":"<p style=\"text-align: justify;\"><a href=\"https:\/\/www.raccontinellarete.it\/?attachment_id=29153\" rel=\"attachment wp-att-29153\"><img loading=\"lazy\" decoding=\"async\" class=\"alignleft wp-image-29153 size-medium\" src=\"https:\/\/www.raccontinellarete.it\/301\/wp-content\/uploads\/2016\/09\/vecchioni-foto-277x250.png\" alt=\"vecchioni-foto\" width=\"277\" height=\"250\" srcset=\"https:\/\/www.raccontinellarete.it\/301\/wp-content\/uploads\/2016\/09\/vecchioni-foto-277x250.png 277w, https:\/\/www.raccontinellarete.it\/301\/wp-content\/uploads\/2016\/09\/vecchioni-foto.png 621w\" sizes=\"(max-width: 277px) 100vw, 277px\" \/><\/a><\/p>\n<p style=\"text-align: justify;\">Sabato 8 ottobre alle ore 18 presso la Sala Conferenze di Villa Bottini, via Elisa a Lucca, il Festival LuccAutori presenta l&#8217;incontro con\u00a0<strong>ROBERTO VECCHIONI. \u00a0<\/strong>Sar\u00e0 l&#8217;occasione per parlare del suo nuovo libro\u00a0 \u201c La vita che si ama\u201d (Einaudi).<\/p>\n<p style=\"text-align: justify;\">\u00abQui sono proprio io\u00bb, scrive Roberto Vecchioni: e questo \u00e8 davvero il suo libro pi\u00fa intimo, pi\u00fa autobiografico e urgente. Il libro in cui l&#8217;idea stessa della vita e della felicit\u00e0, il senso del rotolare dei giorni, trova forma di racconto.<\/p>\n<p style=\"text-align: justify;\">Conduce l&#8217;incontro Maria Elena Marchini.<\/p>\n<p style=\"text-align: justify;\">Il pomeriggio a Villa Bottini inizia alle 16.30 con la proiezione del cortometraggio <strong>Tale padre tale figlia<\/strong> di <strong>Alex Creazzi<\/strong>, realizzato dalla Scuola di cinema Immagina con la regia di <strong>Giuseppe Ferlito<\/strong>, \u00a0e con la premiazione dei vincitori del <strong>Premio letterario Racconti nella Rete. <\/strong>Sar\u00e0 presente lo scrittore<strong> Adrian Bravi.\u00a0<\/strong><\/p>\n<p style=\"text-align: justify;\">Ingresso libero fino ad esaurimento posti.<\/p>\n<p><a href=\"https:\/\/www.raccontinellarete.it\">www.raccontinellarete.it <\/a><\/p>\n<div class=\"pvc_clear\"><\/div>\n<p id=\"pvc_stats_29152\" class=\"pvc_stats all  \" data-element-id=\"29152\" style=\"\"><i class=\"pvc-stats-icon medium\" aria-hidden=\"true\"><svg aria-hidden=\"true\" focusable=\"false\" data-prefix=\"far\" data-icon=\"chart-bar\" role=\"img\" xmlns=\"http:\/\/www.w3.org\/2000\/svg\" viewBox=\"0 0 512 512\" class=\"svg-inline--fa fa-chart-bar fa-w-16 fa-2x\"><path fill=\"currentColor\" d=\"M396.8 352h22.4c6.4 0 12.8-6.4 12.8-12.8V108.8c0-6.4-6.4-12.8-12.8-12.8h-22.4c-6.4 0-12.8 6.4-12.8 12.8v230.4c0 6.4 6.4 12.8 12.8 12.8zm-192 0h22.4c6.4 0 12.8-6.4 12.8-12.8V140.8c0-6.4-6.4-12.8-12.8-12.8h-22.4c-6.4 0-12.8 6.4-12.8 12.8v198.4c0 6.4 6.4 12.8 12.8 12.8zm96 0h22.4c6.4 0 12.8-6.4 12.8-12.8V204.8c0-6.4-6.4-12.8-12.8-12.8h-22.4c-6.4 0-12.8 6.4-12.8 12.8v134.4c0 6.4 6.4 12.8 12.8 12.8zM496 400H48V80c0-8.84-7.16-16-16-16H16C7.16 64 0 71.16 0 80v336c0 17.67 14.33 32 32 32h464c8.84 0 16-7.16 16-16v-16c0-8.84-7.16-16-16-16zm-387.2-48h22.4c6.4 0 12.8-6.4 12.8-12.8v-70.4c0-6.4-6.4-12.8-12.8-12.8h-22.4c-6.4 0-12.8 6.4-12.8 12.8v70.4c0 6.4 6.4 12.8 12.8 12.8z\" class=\"\"><\/path><\/svg><\/i> <img loading=\"lazy\" decoding=\"async\" width=\"16\" height=\"16\" alt=\"Loading\" src=\"https:\/\/www.raccontinellarete.it\/301\/wp-content\/plugins\/page-views-count\/ajax-loader-2x.gif\" border=0 \/><\/p>\n<div class=\"pvc_clear\"><\/div>\n","protected":false},"excerpt":{"rendered":"<p>Sabato 8 ottobre alle ore 18 presso la Sala Conferenze di Villa Bottini, via Elisa a Lucca, il Festival LuccAutori presenta l&#8217;incontro con\u00a0ROBERTO VECCHIONI. \u00a0Sar\u00e0 l&#8217;occasione per parlare del suo nuovo libro\u00a0 \u201c La vita che si ama\u201d (Einaudi). \u00abQui sono proprio io\u00bb, scrive Roberto Vecchioni: e questo \u00e8 davvero il suo libro pi\u00fa intimo, [&hellip;]<\/p>\n<div class=\"pvc_clear\"><\/div>\n<p id=\"pvc_stats_29152\" class=\"pvc_stats all  \" data-element-id=\"29152\" style=\"\"><i class=\"pvc-stats-icon medium\" aria-hidden=\"true\"><svg aria-hidden=\"true\" focusable=\"false\" data-prefix=\"far\" data-icon=\"chart-bar\" role=\"img\" xmlns=\"http:\/\/www.w3.org\/2000\/svg\" viewBox=\"0 0 512 512\" class=\"svg-inline--fa fa-chart-bar fa-w-16 fa-2x\"><path fill=\"currentColor\" d=\"M396.8 352h22.4c6.4 0 12.8-6.4 12.8-12.8V108.8c0-6.4-6.4-12.8-12.8-12.8h-22.4c-6.4 0-12.8 6.4-12.8 12.8v230.4c0 6.4 6.4 12.8 12.8 12.8zm-192 0h22.4c6.4 0 12.8-6.4 12.8-12.8V140.8c0-6.4-6.4-12.8-12.8-12.8h-22.4c-6.4 0-12.8 6.4-12.8 12.8v198.4c0 6.4 6.4 12.8 12.8 12.8zm96 0h22.4c6.4 0 12.8-6.4 12.8-12.8V204.8c0-6.4-6.4-12.8-12.8-12.8h-22.4c-6.4 0-12.8 6.4-12.8 12.8v134.4c0 6.4 6.4 12.8 12.8 12.8zM496 400H48V80c0-8.84-7.16-16-16-16H16C7.16 64 0 71.16 0 80v336c0 17.67 14.33 32 32 32h464c8.84 0 16-7.16 16-16v-16c0-8.84-7.16-16-16-16zm-387.2-48h22.4c6.4 0 12.8-6.4 12.8-12.8v-70.4c0-6.4-6.4-12.8-12.8-12.8h-22.4c-6.4 0-12.8 6.4-12.8 12.8v70.4c0 6.4 6.4 12.8 12.8 12.8z\" class=\"\"><\/path><\/svg><\/i> <img loading=\"lazy\" decoding=\"async\" width=\"16\" height=\"16\" alt=\"Loading\" src=\"https:\/\/www.raccontinellarete.it\/301\/wp-content\/plugins\/page-views-count\/ajax-loader-2x.gif\" border=0 \/><\/p>\n<div class=\"pvc_clear\"><\/div>\n","protected":false},"author":3,"featured_media":29153,"comment_status":"open","ping_status":"closed","sticky":false,"template":"","format":"standard","meta":{"footnotes":""},"categories":[87,5,4],"tags":[],"class_list":["post-29152","post","type-post","status-publish","format-standard","has-post-thumbnail","hentry","category-comunicato-stampa","category-racconti-nella-rete","category-news"],"_links":{"self":[{"href":"https:\/\/www.raccontinellarete.it\/index.php?rest_route=\/wp\/v2\/posts\/29152"}],"collection":[{"href":"https:\/\/www.raccontinellarete.it\/index.php?rest_route=\/wp\/v2\/posts"}],"about":[{"href":"https:\/\/www.raccontinellarete.it\/index.php?rest_route=\/wp\/v2\/types\/post"}],"author":[{"embeddable":true,"href":"https:\/\/www.raccontinellarete.it\/index.php?rest_route=\/wp\/v2\/users\/3"}],"replies":[{"embeddable":true,"href":"https:\/\/www.raccontinellarete.it\/index.php?rest_route=%2Fwp%2Fv2%2Fcomments&post=29152"}],"version-history":[{"count":4,"href":"https:\/\/www.raccontinellarete.it\/index.php?rest_route=\/wp\/v2\/posts\/29152\/revisions"}],"predecessor-version":[{"id":29157,"href":"https:\/\/www.raccontinellarete.it\/index.php?rest_route=\/wp\/v2\/posts\/29152\/revisions\/29157"}],"wp:featuredmedia":[{"embeddable":true,"href":"https:\/\/www.raccontinellarete.it\/index.php?rest_route=\/wp\/v2\/media\/29153"}],"wp:attachment":[{"href":"https:\/\/www.raccontinellarete.it\/index.php?rest_route=%2Fwp%2Fv2%2Fmedia&parent=29152"}],"wp:term":[{"taxonomy":"category","embeddable":true,"href":"https:\/\/www.raccontinellarete.it\/index.php?rest_route=%2Fwp%2Fv2%2Fcategories&post=29152"},{"taxonomy":"post_tag","embeddable":true,"href":"https:\/\/www.raccontinellarete.it\/index.php?rest_route=%2Fwp%2Fv2%2Ftags&post=29152"}],"curies":[{"name":"wp","href":"https:\/\/api.w.org\/{rel}","templated":true}]}}