{"id":29126,"date":"2016-09-19T12:18:36","date_gmt":"2016-09-19T11:18:36","guid":{"rendered":"http:\/\/www.raccontinellarete.it\/?p=29126"},"modified":"2016-09-20T18:11:44","modified_gmt":"2016-09-20T17:11:44","slug":"luccautori-2016-immagine-e-comunicazione-ai-tempi-di-internet-la-scrittura-nella-rete","status":"publish","type":"post","link":"https:\/\/www.raccontinellarete.it\/?p=29126","title":{"rendered":"LuccAutori 2016 &#8211; Immagine e comunicazione ai tempi di internet. La scrittura nella rete"},"content":{"rendered":"<div class=\"\" data-block=\"true\" data-editor=\"4avre\" data-offset-key=\"b384e-0-0\">\n<div class=\"_1mf _1mj\" data-offset-key=\"b384e-0-0\"><img loading=\"lazy\" decoding=\"async\" class=\"alignleft size-medium wp-image-29127\" src=\"https:\/\/www.raccontinellarete.it\/301\/wp-content\/uploads\/2016\/09\/manifesto-luccautori-2016-ridotto-175x250.jpg\" alt=\"manifesto-luccautori-2016-ridotto\" width=\"175\" height=\"250\" srcset=\"https:\/\/www.raccontinellarete.it\/301\/wp-content\/uploads\/2016\/09\/manifesto-luccautori-2016-ridotto-175x250.jpg 175w, https:\/\/www.raccontinellarete.it\/301\/wp-content\/uploads\/2016\/09\/manifesto-luccautori-2016-ridotto.jpg 537w\" sizes=\"(max-width: 175px) 100vw, 175px\" \/><\/div>\n<div class=\"_1mf _1mj\" data-offset-key=\"b384e-0-0\"><\/div>\n<div class=\"_1mf _1mj\" data-offset-key=\"b384e-0-0\"><\/div>\n<div class=\"_1mf _1mj\" data-offset-key=\"b384e-0-0\"><span data-offset-key=\"b384e-0-0\"><span data-text=\"true\"> <br \/>Sabato 24 settembre alle ore 9 presso l&#8217;Auditorium BML \u00a0in piazza San Martino a Lucca, \u00e8 in programma il primo incontro del Festival LuccAtori 2016. \u00a0<\/span><\/span><\/div>\n<\/div>\n<div class=\"\" data-block=\"true\" data-editor=\"4avre\" data-offset-key=\"nf2g-0-0\">\n<div class=\"_1mf _1mj\" data-offset-key=\"nf2g-0-0\"><span data-offset-key=\"nf2g-0-0\"><span data-text=\"true\">Trenta anni fa, il 30 aprile 1986, l&#8217;Italia venne collegata per la prima volta a internet. Quindici anni fa, nell&#8217;inverno 2001, iniziava il concorso letterario Racconti nella Rete, rivolto agli autori esordienti che potevano pubblicare, condividere e commentare i loro lavori sul web. Il web ha cambiato, in maniera molto chiara, il modo in cui sono organizzate le informazioni: dal formato fisso e solido di libri e giornali si\u00a0<\/span><\/span>\u00e8 passati a qualcosa di liquido e con un flusso libero, dalle possibilit\u00e0 illimitate: l&#8217;informazione digitale \u00e8 costantemente aggiornata, modificata, spostata, sviluppata, una conversazione e una collaborazione continue. \u00c8 viva, in evoluzione, senza limiti, inarrestabile. Web, internet, rete, condivisione, social&#8230; come sono cambiate la fruizione della comunicazione, l&#8217;uso del linguaggio e la diffusione dell&#8217;immagine con la diffusione di internet e della rete?<\/div>\n<\/div>\n<div class=\"\" data-block=\"true\" data-editor=\"4avre\" data-offset-key=\"a2m0d-0-0\">\n<div class=\"_1mf _1mj\" data-offset-key=\"a2m0d-0-0\">Con Demetrio Brandi, presidente di LuccAutori, e la giornalista Maria Elena Marchini. \u00a0Introduce Sandro Bennucci, giornalista presidente Ast. \u00a0<span data-offset-key=\"62m3u-0-0\"><span data-text=\"true\">Relatori: \u00a0<strong>\u00a0<\/strong><\/span><\/span><strong>Ernesto Assante<\/strong>, esperto di new media e giornalista di Repubblica e <strong>Marco De Angelis<\/strong>, giornalista di Repubblica, illustratore e vignettista.<\/div>\n<\/div>\n<div class=\"pvc_clear\"><\/div>\n<p id=\"pvc_stats_29126\" class=\"pvc_stats all  \" data-element-id=\"29126\" style=\"\"><i class=\"pvc-stats-icon medium\" aria-hidden=\"true\"><svg aria-hidden=\"true\" focusable=\"false\" data-prefix=\"far\" data-icon=\"chart-bar\" role=\"img\" xmlns=\"http:\/\/www.w3.org\/2000\/svg\" viewBox=\"0 0 512 512\" class=\"svg-inline--fa fa-chart-bar fa-w-16 fa-2x\"><path fill=\"currentColor\" d=\"M396.8 352h22.4c6.4 0 12.8-6.4 12.8-12.8V108.8c0-6.4-6.4-12.8-12.8-12.8h-22.4c-6.4 0-12.8 6.4-12.8 12.8v230.4c0 6.4 6.4 12.8 12.8 12.8zm-192 0h22.4c6.4 0 12.8-6.4 12.8-12.8V140.8c0-6.4-6.4-12.8-12.8-12.8h-22.4c-6.4 0-12.8 6.4-12.8 12.8v198.4c0 6.4 6.4 12.8 12.8 12.8zm96 0h22.4c6.4 0 12.8-6.4 12.8-12.8V204.8c0-6.4-6.4-12.8-12.8-12.8h-22.4c-6.4 0-12.8 6.4-12.8 12.8v134.4c0 6.4 6.4 12.8 12.8 12.8zM496 400H48V80c0-8.84-7.16-16-16-16H16C7.16 64 0 71.16 0 80v336c0 17.67 14.33 32 32 32h464c8.84 0 16-7.16 16-16v-16c0-8.84-7.16-16-16-16zm-387.2-48h22.4c6.4 0 12.8-6.4 12.8-12.8v-70.4c0-6.4-6.4-12.8-12.8-12.8h-22.4c-6.4 0-12.8 6.4-12.8 12.8v70.4c0 6.4 6.4 12.8 12.8 12.8z\" class=\"\"><\/path><\/svg><\/i> <img loading=\"lazy\" decoding=\"async\" width=\"16\" height=\"16\" alt=\"Loading\" src=\"https:\/\/www.raccontinellarete.it\/301\/wp-content\/plugins\/page-views-count\/ajax-loader-2x.gif\" border=0 \/><\/p>\n<div class=\"pvc_clear\"><\/div>\n","protected":false},"excerpt":{"rendered":"<p>Sabato 24 settembre alle ore 9 presso l&#8217;Auditorium BML \u00a0in piazza San Martino a Lucca, \u00e8 in programma il primo incontro del Festival LuccAtori 2016. \u00a0 Trenta anni fa, il 30 aprile 1986, l&#8217;Italia venne collegata per la prima volta a internet. Quindici anni fa, nell&#8217;inverno 2001, iniziava il concorso letterario Racconti nella Rete, rivolto [&hellip;]<\/p>\n<div class=\"pvc_clear\"><\/div>\n<p id=\"pvc_stats_29126\" class=\"pvc_stats all  \" data-element-id=\"29126\" style=\"\"><i class=\"pvc-stats-icon medium\" aria-hidden=\"true\"><svg aria-hidden=\"true\" focusable=\"false\" data-prefix=\"far\" data-icon=\"chart-bar\" role=\"img\" xmlns=\"http:\/\/www.w3.org\/2000\/svg\" viewBox=\"0 0 512 512\" class=\"svg-inline--fa fa-chart-bar fa-w-16 fa-2x\"><path fill=\"currentColor\" d=\"M396.8 352h22.4c6.4 0 12.8-6.4 12.8-12.8V108.8c0-6.4-6.4-12.8-12.8-12.8h-22.4c-6.4 0-12.8 6.4-12.8 12.8v230.4c0 6.4 6.4 12.8 12.8 12.8zm-192 0h22.4c6.4 0 12.8-6.4 12.8-12.8V140.8c0-6.4-6.4-12.8-12.8-12.8h-22.4c-6.4 0-12.8 6.4-12.8 12.8v198.4c0 6.4 6.4 12.8 12.8 12.8zm96 0h22.4c6.4 0 12.8-6.4 12.8-12.8V204.8c0-6.4-6.4-12.8-12.8-12.8h-22.4c-6.4 0-12.8 6.4-12.8 12.8v134.4c0 6.4 6.4 12.8 12.8 12.8zM496 400H48V80c0-8.84-7.16-16-16-16H16C7.16 64 0 71.16 0 80v336c0 17.67 14.33 32 32 32h464c8.84 0 16-7.16 16-16v-16c0-8.84-7.16-16-16-16zm-387.2-48h22.4c6.4 0 12.8-6.4 12.8-12.8v-70.4c0-6.4-6.4-12.8-12.8-12.8h-22.4c-6.4 0-12.8 6.4-12.8 12.8v70.4c0 6.4 6.4 12.8 12.8 12.8z\" class=\"\"><\/path><\/svg><\/i> <img loading=\"lazy\" decoding=\"async\" width=\"16\" height=\"16\" alt=\"Loading\" src=\"https:\/\/www.raccontinellarete.it\/301\/wp-content\/plugins\/page-views-count\/ajax-loader-2x.gif\" border=0 \/><\/p>\n<div class=\"pvc_clear\"><\/div>\n","protected":false},"author":3,"featured_media":29133,"comment_status":"open","ping_status":"closed","sticky":false,"template":"","format":"standard","meta":{"footnotes":""},"categories":[87,5,4],"tags":[],"class_list":["post-29126","post","type-post","status-publish","format-standard","has-post-thumbnail","hentry","category-comunicato-stampa","category-racconti-nella-rete","category-news"],"_links":{"self":[{"href":"https:\/\/www.raccontinellarete.it\/index.php?rest_route=\/wp\/v2\/posts\/29126"}],"collection":[{"href":"https:\/\/www.raccontinellarete.it\/index.php?rest_route=\/wp\/v2\/posts"}],"about":[{"href":"https:\/\/www.raccontinellarete.it\/index.php?rest_route=\/wp\/v2\/types\/post"}],"author":[{"embeddable":true,"href":"https:\/\/www.raccontinellarete.it\/index.php?rest_route=\/wp\/v2\/users\/3"}],"replies":[{"embeddable":true,"href":"https:\/\/www.raccontinellarete.it\/index.php?rest_route=%2Fwp%2Fv2%2Fcomments&post=29126"}],"version-history":[{"count":5,"href":"https:\/\/www.raccontinellarete.it\/index.php?rest_route=\/wp\/v2\/posts\/29126\/revisions"}],"predecessor-version":[{"id":29132,"href":"https:\/\/www.raccontinellarete.it\/index.php?rest_route=\/wp\/v2\/posts\/29126\/revisions\/29132"}],"wp:featuredmedia":[{"embeddable":true,"href":"https:\/\/www.raccontinellarete.it\/index.php?rest_route=\/wp\/v2\/media\/29133"}],"wp:attachment":[{"href":"https:\/\/www.raccontinellarete.it\/index.php?rest_route=%2Fwp%2Fv2%2Fmedia&parent=29126"}],"wp:term":[{"taxonomy":"category","embeddable":true,"href":"https:\/\/www.raccontinellarete.it\/index.php?rest_route=%2Fwp%2Fv2%2Fcategories&post=29126"},{"taxonomy":"post_tag","embeddable":true,"href":"https:\/\/www.raccontinellarete.it\/index.php?rest_route=%2Fwp%2Fv2%2Ftags&post=29126"}],"curies":[{"name":"wp","href":"https:\/\/api.w.org\/{rel}","templated":true}]}}