{"id":28969,"date":"2016-07-02T18:22:48","date_gmt":"2016-07-02T17:22:48","guid":{"rendered":"http:\/\/www.raccontinellarete.it\/?p=28969"},"modified":"2016-07-02T18:25:54","modified_gmt":"2016-07-02T17:25:54","slug":"lucca-venerdi-8-luglio-alle-21-antonio-casanova-presenta-ventuno","status":"publish","type":"post","link":"https:\/\/www.raccontinellarete.it\/?p=28969","title":{"rendered":"Lucca &#8211; Venerdi 8 luglio alle 21 ANTONIO CASANOVA presenta &#8220;Ventuno&#8221;"},"content":{"rendered":"<div>\n<div align=\"justify\"><\/div>\n<div align=\"justify\"><a href=\"https:\/\/www.raccontinellarete.it\/?attachment_id=28970\" rel=\"attachment wp-att-28970\"><img loading=\"lazy\" decoding=\"async\" class=\"alignleft size-medium wp-image-28970\" src=\"https:\/\/www.raccontinellarete.it\/301\/wp-content\/uploads\/2016\/07\/Agor\u00e0-AUTORI-LOCANDINA-e-MANIFESTO-CASANOVA-ridotta-178x250.jpg\" alt=\"Agor\u00e0 AUTORI LOCANDINA e MANIFESTO CASANOVA - ridotta\" width=\"178\" height=\"250\" \/><\/a><\/div>\n<div align=\"justify\"><\/div>\n<div align=\"justify\"><\/div>\n<div align=\"justify\"><span style=\"font-family: Arial;\"><strong><br \/>Venerd\u00ec 8 luglio alle ore 21 in piazza San Martino a Lucca <\/strong>\u00e8 in programma la presentazione del libro\u00a0 &#8220;<strong>VENTUNO<\/strong>&#8221;\u00a0 di <strong>ANTONIO CASANOVA<\/strong> (<span style=\"background-color: #ffffff;\">Sperling &amp; Kupfer<\/span>).\u00a0 Interviene l&#8217;autore. <\/span><\/div>\n<div align=\"justify\"><span style=\"font-family: Arial;\">L\u2019incontro, condotto da Demetrio Brandi ed Elena Marchini, \u00e8 organizzato dalla Biblioteca Agor\u00e0 di Lucca e dall\u2019 Associazione culturale\u00a0 LuccAutori &#8211; Premio Racconti nella Rete.\u00a0 <\/span><strong><span style=\"font-family: Arial;\">L\u2019ingresso \u00e8 libero. <\/span><\/strong><\/div>\n<div align=\"justify\"><\/div>\n<div align=\"justify\"><strong><span style=\"font-family: Arial;\"><br \/>Una sequenza di omicidi incomprensibili, a migliaia di chilometri l\u2019uno dall\u2019altro. Un marchio sulla pelle a firmare le morti. Un illusionista capace di annullare il filo che divide la realt\u00e0 dall\u2019illusione.<\/span><\/strong><\/div>\n<div align=\"justify\"><\/div>\n<div align=\"justify\"><span style=\"font-family: Arial;\"><strong><br \/>A Las Vegas <\/strong>persino il clima \u00e8 complice della giostra del divertimento. L\u2019atmosfera bollente costringe a cercare rifugio nell\u2019aria condizionata di casin\u00f2, teatri, hotel. \u00c8 l\u00ec che stanno i vivi. E se Robert Estevez, croupier, giace riverso sul sedile posteriore di un taxi abbandonato, \u00e8 solo perch\u00e9 ha un proiettile conficcato in testa. Ma c\u2019\u00e8 dell\u2019altro: un\u2019arpia tatuata sul braccio. Il marchio sulla vittima collega il caso a un omicidio avvenuto due anni prima, in cui a essere uccisa era stata una giovane donna, sorella di Nathaniel Poe, ex capitano di polizia che non si \u00e8 mai dato pace per non aver trovato il responsabile. Proprio lui, che durante quelle indagini aveva perso la vista in un incidente, riscontra ora l\u2019analogia tra le due morti, tanto da condurre un\u2019indagine in parallelo a quella della polizia. A guidarlo, il fedele Elijah Fisher, hacker sopraffino. Le tracce conducono da subito nel mondo dell\u2019illusionismo e portano a galla altri delitti, avvenuti a migliaia di chilometri di distanza. Tutti firmati allo stesso modo. In un continuo ribaltamento tra realt\u00e0 e illusione, mentre gli inquirenti si perdono in un labirinto di indizi fuorvianti, Poe sceglier\u00e0 di andare pi\u00f9 a fondo, contro ogni evidenza.<\/span><\/div>\n<div align=\"justify\"><\/div>\n<div align=\"justify\"><span style=\"font-family: Arial;\"><strong>Antonio Casanova<\/strong> \u00e8 nato nel 1972 a Ravenna. Illusionista, vincitore di due Merlin Award (l\u2019Oscar della magia), autore di svariati spettacoli che ha portato nei pi\u00f9 importanti teatri del mondo, da anni \u00e8 inviato di <i><strong>Striscia la notizia<\/strong><\/i>, trasmissione in cui ha una rubrica fissa il sabato sera, <i>Incantesimi di Viaggio<\/i>. Dal 2014 \u00e8 nei teatri italiani con lo spettacolo <i>Aenigma<\/i>.<\/span><\/div>\n<div align=\"justify\"><\/div>\n<\/div>\n<div class=\"pvc_clear\"><\/div>\n<p id=\"pvc_stats_28969\" class=\"pvc_stats all  \" data-element-id=\"28969\" style=\"\"><i class=\"pvc-stats-icon medium\" aria-hidden=\"true\"><svg aria-hidden=\"true\" focusable=\"false\" data-prefix=\"far\" data-icon=\"chart-bar\" role=\"img\" xmlns=\"http:\/\/www.w3.org\/2000\/svg\" viewBox=\"0 0 512 512\" class=\"svg-inline--fa fa-chart-bar fa-w-16 fa-2x\"><path fill=\"currentColor\" d=\"M396.8 352h22.4c6.4 0 12.8-6.4 12.8-12.8V108.8c0-6.4-6.4-12.8-12.8-12.8h-22.4c-6.4 0-12.8 6.4-12.8 12.8v230.4c0 6.4 6.4 12.8 12.8 12.8zm-192 0h22.4c6.4 0 12.8-6.4 12.8-12.8V140.8c0-6.4-6.4-12.8-12.8-12.8h-22.4c-6.4 0-12.8 6.4-12.8 12.8v198.4c0 6.4 6.4 12.8 12.8 12.8zm96 0h22.4c6.4 0 12.8-6.4 12.8-12.8V204.8c0-6.4-6.4-12.8-12.8-12.8h-22.4c-6.4 0-12.8 6.4-12.8 12.8v134.4c0 6.4 6.4 12.8 12.8 12.8zM496 400H48V80c0-8.84-7.16-16-16-16H16C7.16 64 0 71.16 0 80v336c0 17.67 14.33 32 32 32h464c8.84 0 16-7.16 16-16v-16c0-8.84-7.16-16-16-16zm-387.2-48h22.4c6.4 0 12.8-6.4 12.8-12.8v-70.4c0-6.4-6.4-12.8-12.8-12.8h-22.4c-6.4 0-12.8 6.4-12.8 12.8v70.4c0 6.4 6.4 12.8 12.8 12.8z\" class=\"\"><\/path><\/svg><\/i> <img loading=\"lazy\" decoding=\"async\" width=\"16\" height=\"16\" alt=\"Loading\" src=\"https:\/\/www.raccontinellarete.it\/301\/wp-content\/plugins\/page-views-count\/ajax-loader-2x.gif\" border=0 \/><\/p>\n<div class=\"pvc_clear\"><\/div>\n","protected":false},"excerpt":{"rendered":"<p>Venerd\u00ec 8 luglio alle ore 21 in piazza San Martino a Lucca \u00e8 in programma la presentazione del libro\u00a0 &#8220;VENTUNO&#8221;\u00a0 di ANTONIO CASANOVA (Sperling &amp; Kupfer).\u00a0 Interviene l&#8217;autore. L\u2019incontro, condotto da Demetrio Brandi ed Elena Marchini, \u00e8 organizzato dalla Biblioteca Agor\u00e0 di Lucca e dall\u2019 Associazione culturale\u00a0 LuccAutori &#8211; Premio Racconti nella Rete.\u00a0 L\u2019ingresso \u00e8 [&hellip;]<\/p>\n<div class=\"pvc_clear\"><\/div>\n<p id=\"pvc_stats_28969\" class=\"pvc_stats all  \" data-element-id=\"28969\" style=\"\"><i class=\"pvc-stats-icon medium\" aria-hidden=\"true\"><svg aria-hidden=\"true\" focusable=\"false\" data-prefix=\"far\" data-icon=\"chart-bar\" role=\"img\" xmlns=\"http:\/\/www.w3.org\/2000\/svg\" viewBox=\"0 0 512 512\" class=\"svg-inline--fa fa-chart-bar fa-w-16 fa-2x\"><path fill=\"currentColor\" d=\"M396.8 352h22.4c6.4 0 12.8-6.4 12.8-12.8V108.8c0-6.4-6.4-12.8-12.8-12.8h-22.4c-6.4 0-12.8 6.4-12.8 12.8v230.4c0 6.4 6.4 12.8 12.8 12.8zm-192 0h22.4c6.4 0 12.8-6.4 12.8-12.8V140.8c0-6.4-6.4-12.8-12.8-12.8h-22.4c-6.4 0-12.8 6.4-12.8 12.8v198.4c0 6.4 6.4 12.8 12.8 12.8zm96 0h22.4c6.4 0 12.8-6.4 12.8-12.8V204.8c0-6.4-6.4-12.8-12.8-12.8h-22.4c-6.4 0-12.8 6.4-12.8 12.8v134.4c0 6.4 6.4 12.8 12.8 12.8zM496 400H48V80c0-8.84-7.16-16-16-16H16C7.16 64 0 71.16 0 80v336c0 17.67 14.33 32 32 32h464c8.84 0 16-7.16 16-16v-16c0-8.84-7.16-16-16-16zm-387.2-48h22.4c6.4 0 12.8-6.4 12.8-12.8v-70.4c0-6.4-6.4-12.8-12.8-12.8h-22.4c-6.4 0-12.8 6.4-12.8 12.8v70.4c0 6.4 6.4 12.8 12.8 12.8z\" class=\"\"><\/path><\/svg><\/i> <img loading=\"lazy\" decoding=\"async\" width=\"16\" height=\"16\" alt=\"Loading\" src=\"https:\/\/www.raccontinellarete.it\/301\/wp-content\/plugins\/page-views-count\/ajax-loader-2x.gif\" border=0 \/><\/p>\n<div class=\"pvc_clear\"><\/div>\n","protected":false},"author":3,"featured_media":0,"comment_status":"open","ping_status":"closed","sticky":false,"template":"","format":"standard","meta":{"footnotes":""},"categories":[87,5,4,86],"tags":[],"class_list":["post-28969","post","type-post","status-publish","format-standard","hentry","category-comunicato-stampa","category-racconti-nella-rete","category-news","category-news-racconti-nella-rete"],"_links":{"self":[{"href":"https:\/\/www.raccontinellarete.it\/index.php?rest_route=\/wp\/v2\/posts\/28969"}],"collection":[{"href":"https:\/\/www.raccontinellarete.it\/index.php?rest_route=\/wp\/v2\/posts"}],"about":[{"href":"https:\/\/www.raccontinellarete.it\/index.php?rest_route=\/wp\/v2\/types\/post"}],"author":[{"embeddable":true,"href":"https:\/\/www.raccontinellarete.it\/index.php?rest_route=\/wp\/v2\/users\/3"}],"replies":[{"embeddable":true,"href":"https:\/\/www.raccontinellarete.it\/index.php?rest_route=%2Fwp%2Fv2%2Fcomments&post=28969"}],"version-history":[{"count":5,"href":"https:\/\/www.raccontinellarete.it\/index.php?rest_route=\/wp\/v2\/posts\/28969\/revisions"}],"predecessor-version":[{"id":28976,"href":"https:\/\/www.raccontinellarete.it\/index.php?rest_route=\/wp\/v2\/posts\/28969\/revisions\/28976"}],"wp:attachment":[{"href":"https:\/\/www.raccontinellarete.it\/index.php?rest_route=%2Fwp%2Fv2%2Fmedia&parent=28969"}],"wp:term":[{"taxonomy":"category","embeddable":true,"href":"https:\/\/www.raccontinellarete.it\/index.php?rest_route=%2Fwp%2Fv2%2Fcategories&post=28969"},{"taxonomy":"post_tag","embeddable":true,"href":"https:\/\/www.raccontinellarete.it\/index.php?rest_route=%2Fwp%2Fv2%2Ftags&post=28969"}],"curies":[{"name":"wp","href":"https:\/\/api.w.org\/{rel}","templated":true}]}}