{"id":28682,"date":"2016-06-01T18:04:45","date_gmt":"2016-06-01T17:04:45","guid":{"rendered":"http:\/\/www.raccontinellarete.it\/?p=28682"},"modified":"2016-06-01T18:04:45","modified_gmt":"2016-06-01T17:04:45","slug":"premio-racconti-nella-rete-2016-lida-di-elena-marrassini","status":"publish","type":"post","link":"https:\/\/www.raccontinellarete.it\/?p=28682","title":{"rendered":"Premio Racconti nella Rete 2016 &#8220;L&#8217;Ida&#8221; di Elena Marrassini"},"content":{"rendered":"<p>Ma badate se pensavo di ritrovarmi dentro un pasticceria alle cinque di un pomeriggio congelato a pensare all\u2019Ida. Deve essere perch\u00e8 l\u2019ho vista poco fa stesa\u00a0sul suo ultimo letto, nella camera mortuaria n\u00b0 3 della Misericordia. Era tutta precisa l\u2019Ida, preparata da mani sapienti, le solite che quando preparano le bare lo fanno come fossero dei letti di quelli di lusso, degli albergoni barocchi. Era coperta da una specie di zanzariera color rosa pallido, come il velo delle spose di quelle pi\u00f9 attente.<\/p>\n<p>Ricordo che a mio nonno misero una fascia a tener chiusa la mandibola, prima di metterlo nel suo letto di lusso. Per la Ida invece niente fascia. Lei, la ricordo bene dietro al bancone della sua bottega, la mascella la teneva sempre serrata. Sempre in posizione battagliera era l\u2019Ida, e col braccio destro piegato e rigido come i carabinieri quando hanno la mitraglietta ma lei no, c\u2019aveva il dolore al braccio intirizzito, lei.<\/p>\n<p>Un po\u2019 era in guerra con Nello, il marito fornaio che si divorava i nostri libri di storia delle elementari. E quelli di scienze, pure, stando seduto davanti alla stufa a legna della cucina col pavimento in graniglia e appoggiandovi i piedoni numero quarantasei avvolti nei calzini grossi fatti a mano. Dalla Ida, probabilmente.<\/p>\n<p>Un po\u2019 era in guerra col mondo, l\u2019Ida, secondo me. Con noi bambini per\u00f2 ci scherzava spesso. Fu lei a dare a mim\u00ec bambina, quando ancora io e mim\u00ec non ci si conosceva mica per bene, il soprannome di \u2018socerina\u2019, perch\u00e8 parlava in continuazione e comandava; lo sport preferito dell\u2019infanta mim\u00ec era infatti mettere in riga tutti i nipoti, maschi, dell\u2019Ida e comandarli, organizzare i loro pomeriggi d\u2019estate e pure quelli di nebbia d&#8217;inverno.<\/p>\n<p>Era ma tosta, l\u2019Ida. Ha lavorato un monte, dietro al banco e fuori. E c\u2019aveva delle uscite buffe, l\u2019Ida. Poi \u00e8 invecchiata con rabbia, m\u2019han detto. Pare che dal suo letto di inferma inveisse contro la figlia appellandola con aggettivi scurrili. Quando rientrava un po\u2019 in s\u00e8 poi la Carlina tornava ad essere la Carlina, la sua unica figlia, la cocca del babbo Nello che non c\u2019\u00e8 pi\u00f9.<\/p>\n<p>Io non ce la facevo a non salutarla l\u2019Ida.<\/p>\n<p>E\u2019 stata una icona della mia infanzia, dei nostri pomeriggi alla bottega, che quando non c\u2019era nessuno si\u00a0ciucciava il tubetto del latte condensato e una volta si sbagli\u00f2 ed era pasta d\u2019acciughe. Che schifo. E lei, ma che fate!\u00a0E gi\u00f9 urli.<\/p>\n<p>E\u2019 stata una icona, davvero: femminista al punto giusto. Serva di nessuno, nonostante fosse nata nel 1920.<\/p>\n<p>&nbsp;<\/p>\n<p>&nbsp;<\/p>\n<div class=\"pvc_clear\"><\/div>\n<p id=\"pvc_stats_28682\" class=\"pvc_stats all  \" data-element-id=\"28682\" style=\"\"><i class=\"pvc-stats-icon medium\" aria-hidden=\"true\"><svg aria-hidden=\"true\" focusable=\"false\" data-prefix=\"far\" data-icon=\"chart-bar\" role=\"img\" xmlns=\"http:\/\/www.w3.org\/2000\/svg\" viewBox=\"0 0 512 512\" class=\"svg-inline--fa fa-chart-bar fa-w-16 fa-2x\"><path fill=\"currentColor\" d=\"M396.8 352h22.4c6.4 0 12.8-6.4 12.8-12.8V108.8c0-6.4-6.4-12.8-12.8-12.8h-22.4c-6.4 0-12.8 6.4-12.8 12.8v230.4c0 6.4 6.4 12.8 12.8 12.8zm-192 0h22.4c6.4 0 12.8-6.4 12.8-12.8V140.8c0-6.4-6.4-12.8-12.8-12.8h-22.4c-6.4 0-12.8 6.4-12.8 12.8v198.4c0 6.4 6.4 12.8 12.8 12.8zm96 0h22.4c6.4 0 12.8-6.4 12.8-12.8V204.8c0-6.4-6.4-12.8-12.8-12.8h-22.4c-6.4 0-12.8 6.4-12.8 12.8v134.4c0 6.4 6.4 12.8 12.8 12.8zM496 400H48V80c0-8.84-7.16-16-16-16H16C7.16 64 0 71.16 0 80v336c0 17.67 14.33 32 32 32h464c8.84 0 16-7.16 16-16v-16c0-8.84-7.16-16-16-16zm-387.2-48h22.4c6.4 0 12.8-6.4 12.8-12.8v-70.4c0-6.4-6.4-12.8-12.8-12.8h-22.4c-6.4 0-12.8 6.4-12.8 12.8v70.4c0 6.4 6.4 12.8 12.8 12.8z\" class=\"\"><\/path><\/svg><\/i> <img loading=\"lazy\" decoding=\"async\" width=\"16\" height=\"16\" alt=\"Loading\" src=\"https:\/\/www.raccontinellarete.it\/301\/wp-content\/plugins\/page-views-count\/ajax-loader-2x.gif\" border=0 \/><\/p>\n<div class=\"pvc_clear\"><\/div>\n","protected":false},"excerpt":{"rendered":"<p>Ma badate se pensavo di ritrovarmi dentro un pasticceria alle cinque di un pomeriggio congelato a pensare all\u2019Ida. Deve essere perch\u00e8 l\u2019ho vista poco fa stesa\u00a0sul suo ultimo letto, nella camera mortuaria n\u00b0 3 della Misericordia. Era tutta precisa l\u2019Ida, preparata da mani sapienti, le solite che quando preparano le bare lo fanno come fossero [&hellip;]<\/p>\n<div class=\"pvc_clear\"><\/div>\n<p id=\"pvc_stats_28682\" class=\"pvc_stats all  \" data-element-id=\"28682\" style=\"\"><i class=\"pvc-stats-icon medium\" aria-hidden=\"true\"><svg aria-hidden=\"true\" focusable=\"false\" data-prefix=\"far\" data-icon=\"chart-bar\" role=\"img\" xmlns=\"http:\/\/www.w3.org\/2000\/svg\" viewBox=\"0 0 512 512\" class=\"svg-inline--fa fa-chart-bar fa-w-16 fa-2x\"><path fill=\"currentColor\" d=\"M396.8 352h22.4c6.4 0 12.8-6.4 12.8-12.8V108.8c0-6.4-6.4-12.8-12.8-12.8h-22.4c-6.4 0-12.8 6.4-12.8 12.8v230.4c0 6.4 6.4 12.8 12.8 12.8zm-192 0h22.4c6.4 0 12.8-6.4 12.8-12.8V140.8c0-6.4-6.4-12.8-12.8-12.8h-22.4c-6.4 0-12.8 6.4-12.8 12.8v198.4c0 6.4 6.4 12.8 12.8 12.8zm96 0h22.4c6.4 0 12.8-6.4 12.8-12.8V204.8c0-6.4-6.4-12.8-12.8-12.8h-22.4c-6.4 0-12.8 6.4-12.8 12.8v134.4c0 6.4 6.4 12.8 12.8 12.8zM496 400H48V80c0-8.84-7.16-16-16-16H16C7.16 64 0 71.16 0 80v336c0 17.67 14.33 32 32 32h464c8.84 0 16-7.16 16-16v-16c0-8.84-7.16-16-16-16zm-387.2-48h22.4c6.4 0 12.8-6.4 12.8-12.8v-70.4c0-6.4-6.4-12.8-12.8-12.8h-22.4c-6.4 0-12.8 6.4-12.8 12.8v70.4c0 6.4 6.4 12.8 12.8 12.8z\" class=\"\"><\/path><\/svg><\/i> <img loading=\"lazy\" decoding=\"async\" width=\"16\" height=\"16\" alt=\"Loading\" src=\"https:\/\/www.raccontinellarete.it\/301\/wp-content\/plugins\/page-views-count\/ajax-loader-2x.gif\" border=0 \/><\/p>\n<div class=\"pvc_clear\"><\/div>\n","protected":false},"author":8977,"featured_media":0,"comment_status":"open","ping_status":"closed","sticky":false,"template":"","format":"standard","meta":{"footnotes":""},"categories":[359],"tags":[],"class_list":["post-28682","post","type-post","status-publish","format-standard","hentry","category-premio-racconti-nella-rete-2016"],"_links":{"self":[{"href":"https:\/\/www.raccontinellarete.it\/index.php?rest_route=\/wp\/v2\/posts\/28682"}],"collection":[{"href":"https:\/\/www.raccontinellarete.it\/index.php?rest_route=\/wp\/v2\/posts"}],"about":[{"href":"https:\/\/www.raccontinellarete.it\/index.php?rest_route=\/wp\/v2\/types\/post"}],"author":[{"embeddable":true,"href":"https:\/\/www.raccontinellarete.it\/index.php?rest_route=\/wp\/v2\/users\/8977"}],"replies":[{"embeddable":true,"href":"https:\/\/www.raccontinellarete.it\/index.php?rest_route=%2Fwp%2Fv2%2Fcomments&post=28682"}],"version-history":[{"count":3,"href":"https:\/\/www.raccontinellarete.it\/index.php?rest_route=\/wp\/v2\/posts\/28682\/revisions"}],"predecessor-version":[{"id":28828,"href":"https:\/\/www.raccontinellarete.it\/index.php?rest_route=\/wp\/v2\/posts\/28682\/revisions\/28828"}],"wp:attachment":[{"href":"https:\/\/www.raccontinellarete.it\/index.php?rest_route=%2Fwp%2Fv2%2Fmedia&parent=28682"}],"wp:term":[{"taxonomy":"category","embeddable":true,"href":"https:\/\/www.raccontinellarete.it\/index.php?rest_route=%2Fwp%2Fv2%2Fcategories&post=28682"},{"taxonomy":"post_tag","embeddable":true,"href":"https:\/\/www.raccontinellarete.it\/index.php?rest_route=%2Fwp%2Fv2%2Ftags&post=28682"}],"curies":[{"name":"wp","href":"https:\/\/api.w.org\/{rel}","templated":true}]}}