{"id":28066,"date":"2016-05-23T19:08:02","date_gmt":"2016-05-23T18:08:02","guid":{"rendered":"http:\/\/www.raccontinellarete.it\/?p=28066"},"modified":"2016-05-23T19:08:02","modified_gmt":"2016-05-23T18:08:02","slug":"premio-racconti-nella-rete-2016-la-panchina-di-fiorella-malchiodi-albedi","status":"publish","type":"post","link":"https:\/\/www.raccontinellarete.it\/?p=28066","title":{"rendered":"Premio Racconti nella Rete 2016 &#8220;La panchina&#8221; di Fiorella Malchiodi Albedi"},"content":{"rendered":"<p>Sto uscendo per andare al lavoro, ma prima scendo un attimo in giardino a guardare la panchina nuova. L\u2019ho comprata ieri sera e quando l\u2019ho sistemata sul prato, sotto al fico, era gi\u00e0 tardi e quasi buio e non sono riuscita a capire se faceva un bell\u2019effetto. Ora, scendendo le scale, non vedo l\u2019ora di ammirarla immersa nel verde e gi\u00e0 pregusto il tocco di eleganza che dar\u00e0 al giardino.<\/p>\n<p>Ma girando l\u2019angolo della casa, scopro che sulla panchina \u00e8 seduto un signore anziano, sconosciuto.<\/p>\n<p>Vi avvicino perplessa.<\/p>\n<p>&#8211; Salve! &#8211; gli dico.<\/p>\n<p>&#8211; Buongiorno &#8211; risponde lui, con un bel sorriso, facendo il gesto di sollevarsi il cappello. Ha un giornale in mano, ma non lo sta leggendo.<\/p>\n<p>&#8211; Scusi, ma come \u00e8 entrato?<\/p>\n<p>Sorride di nuovo.<\/p>\n<p>&#8211; Il cancello era aperto.<\/p>\n<p>Sto per dirgli: \u201cSi, ma non vede che \u00e8 propriet\u00e0 privata!\u201d ma poi mi sembra una cosa davvero brutta. Cos\u00ec dico solo:<\/p>\n<p>&#8211; Trova comoda la panchina?<\/p>\n<p>&#8211; S\u00ec, \u00e8 molto comoda. Ha scelto lei di metterla qui, sotto il fico?<\/p>\n<p>&#8211; S\u00ec.<\/p>\n<p>&#8211; Non c\u2019era posizione migliore. Vede, arriva il profumo di quell\u2019arbusto con i fiori bianchi\u2026 Petti d\u2019angelo, se non sbaglio\u2026<\/p>\n<p>&#8211; S\u00ec, sono proprio petti d\u2019angelo.<\/p>\n<p>&#8211; Non sentivo questo profumo da quando ero bambino, ce n\u2019era un cespuglio proprio sotto la mia finestra. E\u2019 incredibile il potere evocativo dei profumi, sono seduto qui da dieci minuti, ed ho visto scorrere davanti ai miei occhi tanti ricordi che credevo perduti\u2026<\/p>\n<p>&#8211; E\u2019 proprio vero, &#8211; gli rispondo &#8211; e anch\u2019io ho dei petti d\u2019angelo nei ricordi della mia infanzia. Sa, quando ho traslocato qui, questa pianta non fioriva. Sapevo cos\u2019era, e tutti gli anni aspettavo ansiosa la primavera, ma niente, mai neanche un bocciolo. Allora ho pensato che l\u2019esposizione non era delle migliori e l\u2019ho spostata qui, dove riceve il sole del mattino. Pu\u00f2 immaginare la mia gioia l\u2019anno dopo, quando si \u00e8 coperta di fiori?<\/p>\n<p>&#8211; Certo, risponde lui.<\/p>\n<p>Tacciamo un attimo e poi dico.<\/p>\n<p>&#8211; Pu\u00f2 chiudere il cancello quando va via?<\/p>\n<p>&#8211; Senz\u2019altro, dice lui, e di nuovo fa quel gesto gentile di saluto.<\/p>\n<p>Percorro i pochi passi verso il cancello e mi giro. Lui se ne sta comodamente seduto, e ancora guarda lontano con aria sognante.<\/p>\n<p>La mattina dopo, sulla panchina, c\u2019\u00e8 seduta una donna che ha vicino una carrozzina con un bimbo.<\/p>\n<p>Di nuovo trasecolo.<\/p>\n<p>&#8211; Scusi, ma come ha fatto a entrare?<\/p>\n<p>&#8211; Oh, il suo vicino, gentilissimo, mi ha aiutato a scendere i gradini con la carrozzina.<\/p>\n<p>Non era questo che intendevo ovviamente!<\/p>\n<p>&#8211; E il cancello era aperto!<\/p>\n<p>&#8211; S\u00ec, aperto e molto invitante, grazie.<\/p>\n<p>Mi viene il dubbio che qualcuno mi abbia fatto uno scherzo. Magari sul mio portone hanno attaccato un cartello, tipo \u201cEntrate e mettetevi comodi\u201d. Vado a controllare, ma sul cancello non ci sono scritte di nessun genere.<\/p>\n<p>Torno indietro, di nuovo vorrei chiedere conto dell\u2019intrusione, invece dico:<\/p>\n<p>&#8211; Le piace il giardino?<\/p>\n<p>&#8211; Oh, \u00e8 veramente delizioso. Lo cura lei?<\/p>\n<p>&#8211; S\u00ec. Che ne pensa di questi tralci di rose rampicanti, non li trova un po\u2019 troppo invadenti?<\/p>\n<p>&#8211; No, affatto, creano questo effetto di fiori a cascata, davvero bello. E sono anche profumati.<\/p>\n<p>Guarda con affetto il bimbo che sonnecchia nella carrozzina.<\/p>\n<p>&#8211; Tutti dovremmo vivere l\u2019infanzia a contatto con la natura.<\/p>\n<p>Penso che abbia ragione e mi viene in mente un ricordo a cui non pensavo da tempo.<\/p>\n<p>&#8211; Sa, &#8211; le dico &#8211; forse il mio primo ricordo sono le foglie di una pianta che filtrano i raggi del sole; dovevo essere proprio piccola, forse avevo appena un anno, ed ero seduta sulla terra, magari ancora non camminavo, e quella luce era cos\u00ec intensa\u2026<\/p>\n<p>&#8211; Gi\u00e0, &#8211; dice lei &#8211; \u00e8 il sole dell\u2019infanzia, non sar\u00e0 mai pi\u00f9 cos\u00ec luminoso\u2026 Ma non vuole sedersi a fare due chiacchiere?<\/p>\n<p>&#8211; No, la ringrazio, purtroppo devo andare a lavorare. Ma come far\u00e0 a risalire i gradini da sola, con la carrozzina?<\/p>\n<p>&#8211; Il suo vicino gentile mi ha detto che posso citofonargli, quando vado via.<\/p>\n<p>&#8211; Quindi \u00e8 tutto a posto?<\/p>\n<p>&#8211; S\u00ec, certo. Grazie ancora.<\/p>\n<p>&#8211; Bene, allora vado. Pu\u00f2 chiudere il cancello quando va via?<\/p>\n<p>&#8211; Senz\u2019altro!<\/p>\n<p>La mattina dopo, scendendo le scale di casa, gi\u00e0 mi immagino, che so, un signore con il cane o una coppia di fidanzati, ma invece oggi non c\u2019\u00e8 nessuno. Beh, almeno potr\u00f2 vedere se la panchina \u00e8 comoda, ma mentre mi avvicino, ecco che da dietro il fico spuntano due donne, una di una certa et\u00e0, l\u2019altra pi\u00f9 giovane. Mi vedono e fanno un cenno di saluto, come se niente fosse.<\/p>\n<p>&#8211; Veniva a sedersi sulla panchina? &#8211; chiede la giovane.<\/p>\n<p>&#8211; No, no, &#8211; rispondo un po\u2019 a disagio &#8211; prego, sedetevi pure.<\/p>\n<p>Mi sorridono e si accomodano.<\/p>\n<p>&#8211; Com\u2019\u00e8 bello questo cespuglio giallo, come si chiama? &#8211; chiede l\u2019anziana.<\/p>\n<p>&#8211; E\u2019 una kerria.<\/p>\n<p>&#8211; Ah, ecco, dice lei. Ma tanto non riuscir\u00f2 a ricordarlo. Sa, il bello di questo giardino \u00e8 che \u00e8 un luogo separato, ben delimitato, e per entrarci si apre un piccolo cancello e si scendono dei gradini. Insomma si ha l\u2019impressione di entrare in un posto diverso, e speciale. Mentre ora si fa tutto prato, si mette qualche pianta, magari si creano delle aiole, e lo si chiama giardino, ma non \u00e8 cos\u00ec. Questo \u00e8 un vero giardino.<\/p>\n<p>&#8211; Ha ragione, &#8211; le rispondo &#8211; capisco bene quello che dice. Era cos\u00ec il giardino di mia madre, ed io ho cercato proprio di ricreare la sensazione di cui lei parla, di entrare in un luogo esclusivo in cui potersi appartare, lontano dagli sguardi degli altri. Da piccola era il luogo preferito in cui sognare e vivere avventure immaginarie, un\u2019attivit\u00e0 importante quando si \u00e8 bambini.<\/p>\n<p>&#8211; Anche quando si \u00e8 adulti, a volte &#8211; dice la giovane, sorridendo.<\/p>\n<p>Sorrido anch\u2019io. Almeno i miei intrusi sono gente simpatica, penso.<\/p>\n<p>&#8211; Purtroppo devo andare. Mi raccomando di chiudere il cancello, quando uscite.<\/p>\n<p>&#8211; Stia tranquilla. A presto.<\/p>\n<p>&nbsp;<\/p>\n<p>Ieri, al tramonto, mi sono affacciata dal balcone a guardare il giardino. Questa \u00e8 davvero la stagione pi\u00f9 bella; gli iris viola stanno sfiorendo, ma gi\u00e0 cominciano quelli color oro, e i tralci di rose, e i cespugli gialli, e il tronco del fico, cos\u00ec contorto e nodoso, su cui cominciano a verdeggiare tenere foglioline: \u00e8 una vera gioia starli a guardare. Presto far\u00e0 caldo, ma sotto il fico ci sar\u00e0 un\u2019ombra piacevole. S\u00ec, proprio l\u00ec, sotto le sue fronde, devo proprio decidermi a mettere una panchina.<\/p>\n<p>&nbsp;<\/p>\n<div class=\"pvc_clear\"><\/div>\n<p id=\"pvc_stats_28066\" class=\"pvc_stats all  \" data-element-id=\"28066\" style=\"\"><i class=\"pvc-stats-icon medium\" aria-hidden=\"true\"><svg aria-hidden=\"true\" focusable=\"false\" data-prefix=\"far\" data-icon=\"chart-bar\" role=\"img\" xmlns=\"http:\/\/www.w3.org\/2000\/svg\" viewBox=\"0 0 512 512\" class=\"svg-inline--fa fa-chart-bar fa-w-16 fa-2x\"><path fill=\"currentColor\" d=\"M396.8 352h22.4c6.4 0 12.8-6.4 12.8-12.8V108.8c0-6.4-6.4-12.8-12.8-12.8h-22.4c-6.4 0-12.8 6.4-12.8 12.8v230.4c0 6.4 6.4 12.8 12.8 12.8zm-192 0h22.4c6.4 0 12.8-6.4 12.8-12.8V140.8c0-6.4-6.4-12.8-12.8-12.8h-22.4c-6.4 0-12.8 6.4-12.8 12.8v198.4c0 6.4 6.4 12.8 12.8 12.8zm96 0h22.4c6.4 0 12.8-6.4 12.8-12.8V204.8c0-6.4-6.4-12.8-12.8-12.8h-22.4c-6.4 0-12.8 6.4-12.8 12.8v134.4c0 6.4 6.4 12.8 12.8 12.8zM496 400H48V80c0-8.84-7.16-16-16-16H16C7.16 64 0 71.16 0 80v336c0 17.67 14.33 32 32 32h464c8.84 0 16-7.16 16-16v-16c0-8.84-7.16-16-16-16zm-387.2-48h22.4c6.4 0 12.8-6.4 12.8-12.8v-70.4c0-6.4-6.4-12.8-12.8-12.8h-22.4c-6.4 0-12.8 6.4-12.8 12.8v70.4c0 6.4 6.4 12.8 12.8 12.8z\" class=\"\"><\/path><\/svg><\/i> <img loading=\"lazy\" decoding=\"async\" width=\"16\" height=\"16\" alt=\"Loading\" src=\"https:\/\/www.raccontinellarete.it\/301\/wp-content\/plugins\/page-views-count\/ajax-loader-2x.gif\" border=0 \/><\/p>\n<div class=\"pvc_clear\"><\/div>\n","protected":false},"excerpt":{"rendered":"<p>Sto uscendo per andare al lavoro, ma prima scendo un attimo in giardino a guardare la panchina nuova. L\u2019ho comprata ieri sera e quando l\u2019ho sistemata sul prato, sotto al fico, era gi\u00e0 tardi e quasi buio e non sono riuscita a capire se faceva un bell\u2019effetto. Ora, scendendo le scale, non vedo l\u2019ora di [&hellip;]<\/p>\n<div class=\"pvc_clear\"><\/div>\n<p id=\"pvc_stats_28066\" class=\"pvc_stats all  \" data-element-id=\"28066\" style=\"\"><i class=\"pvc-stats-icon medium\" aria-hidden=\"true\"><svg aria-hidden=\"true\" focusable=\"false\" data-prefix=\"far\" data-icon=\"chart-bar\" role=\"img\" xmlns=\"http:\/\/www.w3.org\/2000\/svg\" viewBox=\"0 0 512 512\" class=\"svg-inline--fa fa-chart-bar fa-w-16 fa-2x\"><path fill=\"currentColor\" d=\"M396.8 352h22.4c6.4 0 12.8-6.4 12.8-12.8V108.8c0-6.4-6.4-12.8-12.8-12.8h-22.4c-6.4 0-12.8 6.4-12.8 12.8v230.4c0 6.4 6.4 12.8 12.8 12.8zm-192 0h22.4c6.4 0 12.8-6.4 12.8-12.8V140.8c0-6.4-6.4-12.8-12.8-12.8h-22.4c-6.4 0-12.8 6.4-12.8 12.8v198.4c0 6.4 6.4 12.8 12.8 12.8zm96 0h22.4c6.4 0 12.8-6.4 12.8-12.8V204.8c0-6.4-6.4-12.8-12.8-12.8h-22.4c-6.4 0-12.8 6.4-12.8 12.8v134.4c0 6.4 6.4 12.8 12.8 12.8zM496 400H48V80c0-8.84-7.16-16-16-16H16C7.16 64 0 71.16 0 80v336c0 17.67 14.33 32 32 32h464c8.84 0 16-7.16 16-16v-16c0-8.84-7.16-16-16-16zm-387.2-48h22.4c6.4 0 12.8-6.4 12.8-12.8v-70.4c0-6.4-6.4-12.8-12.8-12.8h-22.4c-6.4 0-12.8 6.4-12.8 12.8v70.4c0 6.4 6.4 12.8 12.8 12.8z\" class=\"\"><\/path><\/svg><\/i> <img loading=\"lazy\" decoding=\"async\" width=\"16\" height=\"16\" alt=\"Loading\" src=\"https:\/\/www.raccontinellarete.it\/301\/wp-content\/plugins\/page-views-count\/ajax-loader-2x.gif\" border=0 \/><\/p>\n<div class=\"pvc_clear\"><\/div>\n","protected":false},"author":7493,"featured_media":0,"comment_status":"open","ping_status":"closed","sticky":false,"template":"","format":"standard","meta":{"footnotes":""},"categories":[359],"tags":[],"class_list":["post-28066","post","type-post","status-publish","format-standard","hentry","category-premio-racconti-nella-rete-2016"],"_links":{"self":[{"href":"https:\/\/www.raccontinellarete.it\/index.php?rest_route=\/wp\/v2\/posts\/28066"}],"collection":[{"href":"https:\/\/www.raccontinellarete.it\/index.php?rest_route=\/wp\/v2\/posts"}],"about":[{"href":"https:\/\/www.raccontinellarete.it\/index.php?rest_route=\/wp\/v2\/types\/post"}],"author":[{"embeddable":true,"href":"https:\/\/www.raccontinellarete.it\/index.php?rest_route=\/wp\/v2\/users\/7493"}],"replies":[{"embeddable":true,"href":"https:\/\/www.raccontinellarete.it\/index.php?rest_route=%2Fwp%2Fv2%2Fcomments&post=28066"}],"version-history":[{"count":1,"href":"https:\/\/www.raccontinellarete.it\/index.php?rest_route=\/wp\/v2\/posts\/28066\/revisions"}],"predecessor-version":[{"id":28139,"href":"https:\/\/www.raccontinellarete.it\/index.php?rest_route=\/wp\/v2\/posts\/28066\/revisions\/28139"}],"wp:attachment":[{"href":"https:\/\/www.raccontinellarete.it\/index.php?rest_route=%2Fwp%2Fv2%2Fmedia&parent=28066"}],"wp:term":[{"taxonomy":"category","embeddable":true,"href":"https:\/\/www.raccontinellarete.it\/index.php?rest_route=%2Fwp%2Fv2%2Fcategories&post=28066"},{"taxonomy":"post_tag","embeddable":true,"href":"https:\/\/www.raccontinellarete.it\/index.php?rest_route=%2Fwp%2Fv2%2Ftags&post=28066"}],"curies":[{"name":"wp","href":"https:\/\/api.w.org\/{rel}","templated":true}]}}