{"id":27934,"date":"2016-05-21T22:00:01","date_gmt":"2016-05-21T21:00:01","guid":{"rendered":"http:\/\/www.raccontinellarete.it\/?p=27934"},"modified":"2016-05-21T22:00:01","modified_gmt":"2016-05-21T21:00:01","slug":"premio-racconti-nella-rete-2016-ferragosto-al-cimitero-di-andrea-iannamorelli","status":"publish","type":"post","link":"https:\/\/www.raccontinellarete.it\/?p=27934","title":{"rendered":"Premio Racconti nella Rete 2016 &#8220;Ferragosto al cimitero&#8221; di Andrea Iannamorelli"},"content":{"rendered":"<p>La mattina del 10 agosto, \u201cgli amici\u201d ricevettero un messaggio, tramite posta elettronica: \u201c<em>Come sapete il caro Giovanni non c\u2019\u00e8 pi\u00f9.<\/em> (Infatti tutti, in paese, avevano sentito che Giovanni era venuto a mancare poco prima di Natale)<em>. Ora \u00e8 arrivato il momento di onorarlo e ricordarlo, nei modi e nei tempi che la sua bonomia aveva da tempo stabilito&#8230; Vi aspetto quindi tutti al Cimitero, per la tumulazione del suo corpo, evidentemente gi\u00e0 cremato, alle 12 del 15 agosto. Mi raccomando: niente lacrime, n\u00e9 lamenti, ma tanta musica e risate. Tumuleremo quel che resta di lui; ma\u00a0 al termine lo ricorderemo in grande stile\u2026con le sue amate \u201cbollicine\u201d. Vi aspetto, Andrea\u201d.<\/em><\/p>\n<p>Le reazioni furono le pi\u00f9 disparate. Per la verit\u00e0, pochi, di quegli \u201camici\u201d, quel 10 agosto, erano presenti, nel paese dal quale Giovanni ed Andrea si erano allontanati pi\u00f9 di quarant\u2019anni prima senza, praticamente, farci mai pi\u00f9 ritorno. Tutti o quasi erano sparsi sulle spiagge italiane e straniere, chi con mogli e figli, chi con le amanti, pi\u00f9 o meno note ed \u201cufficiali\u201d. Ed inevitabile, pertanto, fu un fitto e forsennato collegamento telefonico sostanzialmente finalizzato a verificare se si trattasse di uno scherzo (era facile, infatti, e scontata l\u2019associazione di idee alla fortunata serie cinematografica del Maestro Monicelli, ispirata agli \u201cscherzi tra amici\u201d) ovvero anche rivolto a sapere se ci si dovesse muovere o no. Interrompere le vacanze, per presenziare alla <em>tumulazione delle ceneri di Giovanni<\/em>, proprio in occasione del Ferragosto, era \u201c<em>cosa tosta<\/em>\u201d (il commento era unanimemente condiviso). Ma, d\u2019altro canto, come dire di no, come <em>giustificare<\/em> (direttamente o indirettamente, di fronte ai paesani) un\u2019assenza che sarebbe stata certamente commentata, con <em>postille<\/em> (tutte ingiustificate, ma comprensibili) sulle quali per anni si sarebbe <em>ricamato<\/em> per molto tempo, dando per certo ci\u00f2 che, in realt\u00e0, altro non era che gratuito pettegolezzo di infimo livello\u2026<\/p>\n<p>(<em>E\u2019 Andr\u00e9\u2019 che ha deciso di fa\u2019 \u2018sta cosa strana\u2026iss\u2019 \u00e8 stato sempre strambo\u2026 lui, lu fratell\u2019, \u00e8 sempre stato nu cristiane normale\u2026autre che musiche, risate e bollicine!&#8230;Che ne \u00e0 sapute ma\u2019, Giuvann\u2019 delle bollicine!&#8230;Andr\u00e9\u2019 se vo present\u00e0 a Sindac\u2019\u2026e m\u00f2 se ricord\u2019 de\u2019j amice!&#8230;.<\/em>I commenti, per la verit\u00e0, erano gi\u00e0 incominciati, all\u2019indomani degli inviti diramati per la <em>strana cerimonia<\/em>\u2026Cosa si sarebbe detto, a <em>cerimonia svolta, <\/em>anche ad un obbligatorio consuntivo degli assenti e dei presenti, era pressoch\u00e9 scontato!&#8230;.).<\/p>\n<p>Cosicch\u00e9 Bruno, Paolo, Beppe (Lu scianc\u00e0te), Peppino (\u201cil fotografo\u201d), il prof. Trangredi, Giulia, Annalisa, Stefania e Marcella (tutte coetanee e compagne di studi di Andrea) e quindi Pinuccio, Giorgino, Sergio e via via tutti gli altri, decisero di essere presenti, quel Ferragosto, per quella <em>strana<\/em> esequie nella quale erano stati esplicitamente invitati ed <em>erano<\/em>, sicuramente, molto <em>attesi<\/em>.<\/p>\n<p>Ma non furono soli. Praticamente al cimitero, quel giorno c\u2019era tre quarti del paese, perch\u00e9 la notizia aveva fatto il giro e tutti sapevano, tutti volevano vedere, tutti non volevano mancare all\u2019appello, alla conta, all\u2019esame dei corali commenti su quella <em>funzione<\/em> inconsueta, strana e strampalata che Andrea aveva pensato di mettere in scena per la tumulazione delle ceneri del fratello Giovanni.<\/p>\n<p>Il <em>Ferragosto<\/em>, in paese, era una cosa seria. Una grande festa, una sorta di rito laico, al quale nessuno, fino a dieci, quindici anni prima di allora, avrebbe pensato di mancare.<\/p>\n<p>Si ritornava, appunto, da lontano. Tornavano gli emigrati con le rispettive famiglie (mogli, cognate e figli\u2026), tornavano dal Belgio, soprattutto, dalla Francia e dalla Germania, ove da generazioni si emigrava per trovar lavoro. E tornavano tutti: sia quelli che avevano \u201cfatto fortuna\u201d, sia quelli che ancora aspettavano di risolvere i propri problemi di sopravvivenza.<\/p>\n<p>C\u2019erano le <em>sagre<\/em> (dei prodotti del fiume, pulito fino a tutti gli anni settanta, fino a quando l\u2019inquinamento, alterando l\u2019eco-sistema, ha impedito ai pesci di essere \u201cspeciali\u201d e di meritare un appuntamento annuale capace di richiamare, oltre ai paesani, anche quelli che tornavano da lontano, turisti da ogni parte d\u2019Italia).<\/p>\n<p>C\u2019era la <em>cronoscalata<\/em>, una corsa podistica anch\u2019essa capace di richiamare l\u2019attenzione di appassionati, curiosi; si correva a piedi nudi\u2026. ). Ma tutto questo fino alla fine degli anni ottanta. Da pi\u00f9 di vent\u2019anni, infatti, quel <em>Ferragosto\u2026\u201dnon era pi\u00f9 lui\u201d<\/em>, come dicevano tutti: il fiume era inquinato e i pesci per la sagra venivano importati, pare dalla Turchia; i soldi, per arricchire la <em>festa<\/em> con artisti di musica leggera di richiamo nazionale, incominciarono a scarseggiare\u2026 la cronoscalata incominci\u00f2 anche ad avere problemi organizzativi\u2026 ed \u00e8 per tutte queste ragioni che, come si diceva, <em>da tempo il Ferragosto non era pi\u00f9 lui!&#8230;.).<\/em><\/p>\n<p>E fu anche per questa fondamentale mutata \u201ccultura paesana\u201d che l\u2019e-mail di Andrea gener\u00f2 un certo fastidio. Ciononostante c\u2019erano quasi tutti. Nessuno se l\u2019era sentita di \u201cfare uno sgarbo\u201d alle <em>signorine Di Girolamo,<\/em> le sorelle di Andrea e Giovanni, le uniche esponenti di una famiglia, ritenuta nobile, un tempo,\u00a0 certamente benestanti, rimaste, con il passare degli anni, praticamente sole in paese. Si erano ridotte a vivere nella <em>d\u00e9pendance<\/em> della <em>villa del<\/em> <em>barone<\/em> (come dicevano tutti\u2026). Andrea, infatti, aveva trasformato le sedici stanze della \u201ctenuta\u201d paterna in un Bed&amp;Breakfast, affidato in gestione ad una societ\u00e0 di Venaria, dove lui esercitava, con notevole successo (si favoleggiava), la professione di avvocato.<\/p>\n<p><em>\u201cA voi non mancher\u00e0 mai nulla\u201d<\/em>, aveva detto alle sorelle. <em>\u201cAd una certa et\u00e0 state meglio nella d\u00e9pendance, pi\u00f9 piccola, certo, ma pi\u00f9 accogliente e meno\u2026lavorata, della villa!&#8230;Al resto penso a tutto io\u2026\u201d<\/em><\/p>\n<p><em>\u201cS\u00ec, ma Giovanni?\u201d<\/em> avevano chiesto le <em>signorine<\/em>.<\/p>\n<p><em>\u201cA quello non ci pensate\u2026del resto lui pensa a voi? Nemmeno per sogno\u2026fategli fare quello che vuole\u2026Quando torna, se torna, gli fate dare una stanza nel B&amp;B\u2026e lui sar\u00e0 contento di non dover pagare!&#8230;\u201d<\/em> e gi\u00f9, una fragorosa risata.<\/p>\n<p>Andrea aveva ripreso tutto dal padre. Era fatto cos\u00ec. Decideva sempre lui per conto di tutti e le signorine gli volevano bene.<\/p>\n<p>Giovanni era diverso. Strano. Un artista. Suonava il pianoforte, la fisarmonica e la tromba. Cantava e faceva teatro (almeno questo risultava in paese). Fatto sta che era uno squattrinato\u2026Ogni tanto, a casa, arrivavano multe che lui non aveva pagato\u2026e le sorelle, che si preoccupavano, facevano del tutto per pagargliele; poi glielo scrivevano, ma le lettere, spesso tornavano al mittente con la dicitura <em>\u201csconosciuto\u201d<\/em>.<\/p>\n<p><em>\u201cMa Giovanni dove abita?\u201d<\/em> chiedevano le signorine ad Andrea.<\/p>\n<p><em>\u201cNel mondo\u201d<\/em> era la risposta, seguita dalla solita, consueta e rumorosa risata<\/p>\n<p><em>\u201cMa quest\u2019\u00e8 una risposta?\u201d<\/em>si chiedevano, loro, perplesse. Piano piano, per\u00f2, con il passare degli anni, finirono anche con il non porsi pi\u00f9 la domanda, che, l\u2019avevano capito da sole, non poteva avere una risposta consueta, condivisa e criteriata. Tuttavia davano a tutti l\u2019impressione di essere contente. Dicevano di voler bene a questi fratelli cos\u00ec diversi tra loro. Ed in paese, ancorch\u00e9 non\u00a0 avessero quasi mai notizie, raccontavano tante cose, inventando gesta e buone nuove di entrambi\u2026(<em>\u201cGiovanni \u00e8 impegnato in una turn\u00e9e in Scandinavia\u2026Andrea \u00e8 il difensore di un magnate francese accusato di frode fiscale\u2026Sembra che ora Giovanni debba fare un film\u2026Ad Andrea lo vogliono candidare Sindaco a Venaria, ma lui non vuole, anzi, ha detto che prima o poi torna e vuol fare il Sindaco qui!&#8230;.)\u2026<\/em> insomma favoleggiavano, cos\u00ec, tanto per non far pesare la circostanza che il fratello pi\u00f9 piccolo, le avesse relegate nella <em>d\u00e9pendance<\/em> e che di Giovanni non si sapesse assolutamente nulla da tempo, oramai\u2026<\/p>\n<p>Ecco perch\u00e9 quel \u201c<em>Ferragosto<\/em> di lutto\u201d divenne, per loro e per tutti quelli che le rispettavano, un giorno di festa.<\/p>\n<p>&nbsp;<\/p>\n<p><em>\u201cGiovanni ci ha lasciati\u2026Viva Giovanni!&#8230;\u201d<\/em> esord\u00ec Andrea quel Ferragosto al cimitero, con l\u2019urna tra le mani. E subito part\u00ec un revival dei Beatles accompagnato dalla chitarra a otto corde che Pinuccio aveva prudentemente portato con s\u00e9. <em>In my life<\/em>, del \u201965, <em>Let it be<\/em>, del \u201970, <em>Here comes the sun <\/em>del \u201969\u2026tutto come ai vecchi tempi\u2026<\/p>\n<p>\u2026<em>Ci sono luoghi che ricorder\u00f2 per tutta la vita\u2026Quando mi ritrovo in momenti di sconforto..lascia che accada\u2026Ecco arriva il sole\u2026tutto apposto..<\/em><\/p>\n<p>E mentre tutti cantavano Andrea riponeva l\u2019urna nel loculo, i muratori avviavano l\u2019opera di fissaggio della lapide nella quale in risalto c\u2019era una bellissima fotografia di Giovanni (ventenne) con una scritta in caratteri d\u2019ottone (di discutibile gusto):\u201d<em>E quando ti chiameremo non fare lo stronzo, rispondi, dicci dove sei<\/em><\/p>\n<p><em>I parenti e gli amici, con l\u2019affetto di sempre. 15 agosto 2020\u201d<\/em><\/p>\n<p>Dopo la cerimonia, al Caff\u00e8 Centrale c\u2019erano tutti, anche quelli che non avevano ricevuto il messaggio di posta elettronica. E <em>le bollicine<\/em> altro non fu che un normalissimo prosecco con olive.<\/p>\n<p>A casa delle <em>signorine<\/em> a pranzo, nonostante gli inviti insistenti e ripetuti, non and\u00f2 nessuno.<\/p>\n<p>Era <em>Ferragosto<\/em> e ciascuno aveva un\u2019ottima ragione per stare a casa propria con la propria famiglia. Molti ripartirono di corsa per continuare la vacanza\u2026<\/p>\n<p>Le <em>Di Girolamo<\/em>, comunque, furono molto contente, perch\u00e9.. <em>fino ai morti<\/em> ( cio\u00e8 dal Ferragosto fino al 2 novembre) in paese, non si parl\u00f2 d\u2019altro\u2026Andrea, Giovanni, gli amici, le ceneri, i Beatles ed il fatto che <em>\u201cso\u2019 returnate tutt\u2019\u2026Che ce pazz\u00ece\u2026eva ferragust\u2019..e so\u2019 returnate tuttt\u2019!&#8230;\u201d<\/em><\/p>\n<p><em>\u00a0Andrea Iannamorelli<\/em><\/p>\n<div class=\"pvc_clear\"><\/div>\n<p id=\"pvc_stats_27934\" class=\"pvc_stats all  \" data-element-id=\"27934\" style=\"\"><i class=\"pvc-stats-icon medium\" aria-hidden=\"true\"><svg aria-hidden=\"true\" focusable=\"false\" data-prefix=\"far\" data-icon=\"chart-bar\" role=\"img\" xmlns=\"http:\/\/www.w3.org\/2000\/svg\" viewBox=\"0 0 512 512\" class=\"svg-inline--fa fa-chart-bar fa-w-16 fa-2x\"><path fill=\"currentColor\" d=\"M396.8 352h22.4c6.4 0 12.8-6.4 12.8-12.8V108.8c0-6.4-6.4-12.8-12.8-12.8h-22.4c-6.4 0-12.8 6.4-12.8 12.8v230.4c0 6.4 6.4 12.8 12.8 12.8zm-192 0h22.4c6.4 0 12.8-6.4 12.8-12.8V140.8c0-6.4-6.4-12.8-12.8-12.8h-22.4c-6.4 0-12.8 6.4-12.8 12.8v198.4c0 6.4 6.4 12.8 12.8 12.8zm96 0h22.4c6.4 0 12.8-6.4 12.8-12.8V204.8c0-6.4-6.4-12.8-12.8-12.8h-22.4c-6.4 0-12.8 6.4-12.8 12.8v134.4c0 6.4 6.4 12.8 12.8 12.8zM496 400H48V80c0-8.84-7.16-16-16-16H16C7.16 64 0 71.16 0 80v336c0 17.67 14.33 32 32 32h464c8.84 0 16-7.16 16-16v-16c0-8.84-7.16-16-16-16zm-387.2-48h22.4c6.4 0 12.8-6.4 12.8-12.8v-70.4c0-6.4-6.4-12.8-12.8-12.8h-22.4c-6.4 0-12.8 6.4-12.8 12.8v70.4c0 6.4 6.4 12.8 12.8 12.8z\" class=\"\"><\/path><\/svg><\/i> <img loading=\"lazy\" decoding=\"async\" width=\"16\" height=\"16\" alt=\"Loading\" src=\"https:\/\/www.raccontinellarete.it\/301\/wp-content\/plugins\/page-views-count\/ajax-loader-2x.gif\" border=0 \/><\/p>\n<div class=\"pvc_clear\"><\/div>\n","protected":false},"excerpt":{"rendered":"<p>La mattina del 10 agosto, \u201cgli amici\u201d ricevettero un messaggio, tramite posta elettronica: \u201cCome sapete il caro Giovanni non c\u2019\u00e8 pi\u00f9. (Infatti tutti, in paese, avevano sentito che Giovanni era venuto a mancare poco prima di Natale). Ora \u00e8 arrivato il momento di onorarlo e ricordarlo, nei modi e nei tempi che la sua bonomia [&hellip;]<\/p>\n<div class=\"pvc_clear\"><\/div>\n<p id=\"pvc_stats_27934\" class=\"pvc_stats all  \" data-element-id=\"27934\" style=\"\"><i class=\"pvc-stats-icon medium\" aria-hidden=\"true\"><svg aria-hidden=\"true\" focusable=\"false\" data-prefix=\"far\" data-icon=\"chart-bar\" role=\"img\" xmlns=\"http:\/\/www.w3.org\/2000\/svg\" viewBox=\"0 0 512 512\" class=\"svg-inline--fa fa-chart-bar fa-w-16 fa-2x\"><path fill=\"currentColor\" d=\"M396.8 352h22.4c6.4 0 12.8-6.4 12.8-12.8V108.8c0-6.4-6.4-12.8-12.8-12.8h-22.4c-6.4 0-12.8 6.4-12.8 12.8v230.4c0 6.4 6.4 12.8 12.8 12.8zm-192 0h22.4c6.4 0 12.8-6.4 12.8-12.8V140.8c0-6.4-6.4-12.8-12.8-12.8h-22.4c-6.4 0-12.8 6.4-12.8 12.8v198.4c0 6.4 6.4 12.8 12.8 12.8zm96 0h22.4c6.4 0 12.8-6.4 12.8-12.8V204.8c0-6.4-6.4-12.8-12.8-12.8h-22.4c-6.4 0-12.8 6.4-12.8 12.8v134.4c0 6.4 6.4 12.8 12.8 12.8zM496 400H48V80c0-8.84-7.16-16-16-16H16C7.16 64 0 71.16 0 80v336c0 17.67 14.33 32 32 32h464c8.84 0 16-7.16 16-16v-16c0-8.84-7.16-16-16-16zm-387.2-48h22.4c6.4 0 12.8-6.4 12.8-12.8v-70.4c0-6.4-6.4-12.8-12.8-12.8h-22.4c-6.4 0-12.8 6.4-12.8 12.8v70.4c0 6.4 6.4 12.8 12.8 12.8z\" class=\"\"><\/path><\/svg><\/i> <img loading=\"lazy\" decoding=\"async\" width=\"16\" height=\"16\" alt=\"Loading\" src=\"https:\/\/www.raccontinellarete.it\/301\/wp-content\/plugins\/page-views-count\/ajax-loader-2x.gif\" border=0 \/><\/p>\n<div class=\"pvc_clear\"><\/div>\n","protected":false},"author":8799,"featured_media":0,"comment_status":"open","ping_status":"closed","sticky":false,"template":"","format":"standard","meta":{"footnotes":""},"categories":[359],"tags":[],"class_list":["post-27934","post","type-post","status-publish","format-standard","hentry","category-premio-racconti-nella-rete-2016"],"_links":{"self":[{"href":"https:\/\/www.raccontinellarete.it\/index.php?rest_route=\/wp\/v2\/posts\/27934"}],"collection":[{"href":"https:\/\/www.raccontinellarete.it\/index.php?rest_route=\/wp\/v2\/posts"}],"about":[{"href":"https:\/\/www.raccontinellarete.it\/index.php?rest_route=\/wp\/v2\/types\/post"}],"author":[{"embeddable":true,"href":"https:\/\/www.raccontinellarete.it\/index.php?rest_route=\/wp\/v2\/users\/8799"}],"replies":[{"embeddable":true,"href":"https:\/\/www.raccontinellarete.it\/index.php?rest_route=%2Fwp%2Fv2%2Fcomments&post=27934"}],"version-history":[{"count":3,"href":"https:\/\/www.raccontinellarete.it\/index.php?rest_route=\/wp\/v2\/posts\/27934\/revisions"}],"predecessor-version":[{"id":28065,"href":"https:\/\/www.raccontinellarete.it\/index.php?rest_route=\/wp\/v2\/posts\/27934\/revisions\/28065"}],"wp:attachment":[{"href":"https:\/\/www.raccontinellarete.it\/index.php?rest_route=%2Fwp%2Fv2%2Fmedia&parent=27934"}],"wp:term":[{"taxonomy":"category","embeddable":true,"href":"https:\/\/www.raccontinellarete.it\/index.php?rest_route=%2Fwp%2Fv2%2Fcategories&post=27934"},{"taxonomy":"post_tag","embeddable":true,"href":"https:\/\/www.raccontinellarete.it\/index.php?rest_route=%2Fwp%2Fv2%2Ftags&post=27934"}],"curies":[{"name":"wp","href":"https:\/\/api.w.org\/{rel}","templated":true}]}}