{"id":2752,"date":"2010-01-28T18:11:02","date_gmt":"2010-01-28T17:11:02","guid":{"rendered":"http:\/\/www.raccontinellarete.it\/?p=2752"},"modified":"2010-01-28T18:11:02","modified_gmt":"2010-01-28T17:11:02","slug":"il-buio-di-mirco","status":"publish","type":"post","link":"https:\/\/www.raccontinellarete.it\/?p=2752","title":{"rendered":"Premio Racconti per Corti 2010 &#8220;Il Buio di Mirco&#8221; di Brunella Monti"},"content":{"rendered":"<p style=\"justify;\"><span style=\"black;\">C&#8217;era una volta un bimbo che aveva molta paura del Buio. Il Buio lo aspettava tutte le sere e tutte le sere combattevano una battaglia di astuzie. Mirco, che cos\u00ec si chiamava il bimbo, diceva alla sua mamma: &#8220;Ti prego, lasciami accesa una luce\u201d. <\/span><\/p>\n<p style=\"justify;\"><span style=\"black;\">Ma attorno a quella luce il Buio cresceva piano e finiva sempre per inghiottirla, approfittando del sonno di Mirco. Cos\u00ec quando lui si svegliava per fare pip\u00ec trovava tutto nero, e in quel nero non era pi\u00f9 lui, ma un nulla gelatinoso, con le mani strette sulle lenzuola, gli occhi spalancati, immobile nel letto per il terrore di muoversi. <\/span><\/p>\n<p style=\"justify;\"><span style=\"black;\">In quei momenti Mirco respirava piano, senza fare il minimo rumore, per non farsi scoprire sveglio. <\/span><\/p>\n<p style=\"justify;\"><span style=\"black;\">Ma una notte il Buio lo scopri e cos\u00ec si avvicin\u00f2 piano piano al suo letto. &#8220;Dai&#8221; disse con voce cavernosa &#8220;Non fare finta di dormire, so bene che sei sveglio&#8221; A Mirco sarebbe venuto un infarto, se solo si fosse ricordato di avere ancora un cuore. Cos\u00ec si mise a sedere nel letto e il Buio si sedette di fronte a lui. <\/span><\/p>\n<p style=\"justify;\"><span style=\"black;\">Mirco si sentiva gelato come un ghiacciolo al limone, spaventato come quando affronti un grande pericolo, e senza scampo come quando sei in un angolo, e allora&#8230;, allora succeda pure quello che deve! <\/span><\/p>\n<p style=\"justify;\"><span style=\"black;\">Cos\u00ec guard\u00f2 bene il buio, che aveva un gran mantello scuro e un cappuccio, calato sulla testa. Voleva capire, almeno, se fosse un uomo o una donna. Ma quanto pi\u00f9 guardava e si avvicinava e approfondiva lo sguardo e si calava dentro, quanto meno lo capiva. In realt\u00e0 il Buio non \u00e8 che abbia poi questo gran viso!<\/span><\/p>\n<p style=\"justify;\"><span style=\"black;\">Il Buio lo guard\u00f2 strizzare gli occhi e ne ebbe tenerezza, cos\u00ec inizi\u00f2 un riso che lo faceva sussultare piano e Mirco incoraggiato da quella manifestazione di simpatia allung\u00f2 una mano a toccargli la pancia, per capire almeno che consistenza avesse. <\/span><\/p>\n<p style=\"justify;\"><span style=\"black;\">Invece gli apr\u00ec il mantello che rivel\u00f2 un interno setoso e caldo. Mirco ci entr\u00f2 tutto intero. <\/span><\/p>\n<p style=\"justify;\"><span style=\"black;\">Cerc\u00f2 a destra e non trov\u00f2 nulla, cerc\u00f2 a sinistra e non trov\u00f2 nulla. Ma era cos\u00ec stanco che si accoccol\u00f2 nel centro esatto di tutto quel confortevole tepore e si lasci\u00f2 andare. &#8220;Il Buio&#8221; pens\u00f2 &#8221;\u00a0\u00e8 sicuro, soprattutto quando uno \u00e8 a casa sua, nel suo letto&#8221; e si addorment\u00f2. <\/span><\/p>\n<p style=\"justify;\"><span style=\"black;\">La Mattina buss\u00f2 delicatamente alle finestre di Mirco. Lui si riscosse. Il Buio si stir\u00f2. Mirco lo vide partire e per la prima volta lo salut\u00f2 come un amico. &#8220;A stasera&#8221; gli disse <\/span><\/p>\n<p style=\"justify;\"><span style=\"black;\">&#8220;Va bene&#8221; rispose il Buio &#8221; contaci&#8221;.<\/span><\/p>\n<p class=\"MsoNormal\">\u00a0<\/p>\n<div class=\"pvc_clear\"><\/div>\n<p id=\"pvc_stats_2752\" class=\"pvc_stats all  \" data-element-id=\"2752\" style=\"\"><i class=\"pvc-stats-icon medium\" aria-hidden=\"true\"><svg aria-hidden=\"true\" focusable=\"false\" data-prefix=\"far\" data-icon=\"chart-bar\" role=\"img\" xmlns=\"http:\/\/www.w3.org\/2000\/svg\" viewBox=\"0 0 512 512\" class=\"svg-inline--fa fa-chart-bar fa-w-16 fa-2x\"><path fill=\"currentColor\" d=\"M396.8 352h22.4c6.4 0 12.8-6.4 12.8-12.8V108.8c0-6.4-6.4-12.8-12.8-12.8h-22.4c-6.4 0-12.8 6.4-12.8 12.8v230.4c0 6.4 6.4 12.8 12.8 12.8zm-192 0h22.4c6.4 0 12.8-6.4 12.8-12.8V140.8c0-6.4-6.4-12.8-12.8-12.8h-22.4c-6.4 0-12.8 6.4-12.8 12.8v198.4c0 6.4 6.4 12.8 12.8 12.8zm96 0h22.4c6.4 0 12.8-6.4 12.8-12.8V204.8c0-6.4-6.4-12.8-12.8-12.8h-22.4c-6.4 0-12.8 6.4-12.8 12.8v134.4c0 6.4 6.4 12.8 12.8 12.8zM496 400H48V80c0-8.84-7.16-16-16-16H16C7.16 64 0 71.16 0 80v336c0 17.67 14.33 32 32 32h464c8.84 0 16-7.16 16-16v-16c0-8.84-7.16-16-16-16zm-387.2-48h22.4c6.4 0 12.8-6.4 12.8-12.8v-70.4c0-6.4-6.4-12.8-12.8-12.8h-22.4c-6.4 0-12.8 6.4-12.8 12.8v70.4c0 6.4 6.4 12.8 12.8 12.8z\" class=\"\"><\/path><\/svg><\/i> <img loading=\"lazy\" decoding=\"async\" width=\"16\" height=\"16\" alt=\"Loading\" src=\"https:\/\/www.raccontinellarete.it\/301\/wp-content\/plugins\/page-views-count\/ajax-loader-2x.gif\" border=0 \/><\/p>\n<div class=\"pvc_clear\"><\/div>\n","protected":false},"excerpt":{"rendered":"<p>C&#8217;era una volta un bimbo che aveva molta paura del Buio. Il Buio lo aspettava tutte le sere e tutte le sere combattevano una battaglia di astuzie. Mirco, che cos\u00ec si chiamava il bimbo, diceva alla sua mamma: &#8220;Ti prego, lasciami accesa una luce\u201d. Ma attorno a quella luce il Buio cresceva piano e finiva [&hellip;]<\/p>\n<div class=\"pvc_clear\"><\/div>\n<p id=\"pvc_stats_2752\" class=\"pvc_stats all  \" data-element-id=\"2752\" style=\"\"><i class=\"pvc-stats-icon medium\" aria-hidden=\"true\"><svg aria-hidden=\"true\" focusable=\"false\" data-prefix=\"far\" data-icon=\"chart-bar\" role=\"img\" xmlns=\"http:\/\/www.w3.org\/2000\/svg\" viewBox=\"0 0 512 512\" class=\"svg-inline--fa fa-chart-bar fa-w-16 fa-2x\"><path fill=\"currentColor\" d=\"M396.8 352h22.4c6.4 0 12.8-6.4 12.8-12.8V108.8c0-6.4-6.4-12.8-12.8-12.8h-22.4c-6.4 0-12.8 6.4-12.8 12.8v230.4c0 6.4 6.4 12.8 12.8 12.8zm-192 0h22.4c6.4 0 12.8-6.4 12.8-12.8V140.8c0-6.4-6.4-12.8-12.8-12.8h-22.4c-6.4 0-12.8 6.4-12.8 12.8v198.4c0 6.4 6.4 12.8 12.8 12.8zm96 0h22.4c6.4 0 12.8-6.4 12.8-12.8V204.8c0-6.4-6.4-12.8-12.8-12.8h-22.4c-6.4 0-12.8 6.4-12.8 12.8v134.4c0 6.4 6.4 12.8 12.8 12.8zM496 400H48V80c0-8.84-7.16-16-16-16H16C7.16 64 0 71.16 0 80v336c0 17.67 14.33 32 32 32h464c8.84 0 16-7.16 16-16v-16c0-8.84-7.16-16-16-16zm-387.2-48h22.4c6.4 0 12.8-6.4 12.8-12.8v-70.4c0-6.4-6.4-12.8-12.8-12.8h-22.4c-6.4 0-12.8 6.4-12.8 12.8v70.4c0 6.4 6.4 12.8 12.8 12.8z\" class=\"\"><\/path><\/svg><\/i> <img loading=\"lazy\" decoding=\"async\" width=\"16\" height=\"16\" alt=\"Loading\" src=\"https:\/\/www.raccontinellarete.it\/301\/wp-content\/plugins\/page-views-count\/ajax-loader-2x.gif\" border=0 \/><\/p>\n<div class=\"pvc_clear\"><\/div>\n","protected":false},"author":729,"featured_media":0,"comment_status":"open","ping_status":"closed","sticky":false,"template":"","format":"standard","meta":{"footnotes":""},"categories":[10],"tags":[],"class_list":["post-2752","post","type-post","status-publish","format-standard","hentry","category-premio-racconti-per-corti-2010"],"_links":{"self":[{"href":"https:\/\/www.raccontinellarete.it\/index.php?rest_route=\/wp\/v2\/posts\/2752"}],"collection":[{"href":"https:\/\/www.raccontinellarete.it\/index.php?rest_route=\/wp\/v2\/posts"}],"about":[{"href":"https:\/\/www.raccontinellarete.it\/index.php?rest_route=\/wp\/v2\/types\/post"}],"author":[{"embeddable":true,"href":"https:\/\/www.raccontinellarete.it\/index.php?rest_route=\/wp\/v2\/users\/729"}],"replies":[{"embeddable":true,"href":"https:\/\/www.raccontinellarete.it\/index.php?rest_route=%2Fwp%2Fv2%2Fcomments&post=2752"}],"version-history":[{"count":0,"href":"https:\/\/www.raccontinellarete.it\/index.php?rest_route=\/wp\/v2\/posts\/2752\/revisions"}],"wp:attachment":[{"href":"https:\/\/www.raccontinellarete.it\/index.php?rest_route=%2Fwp%2Fv2%2Fmedia&parent=2752"}],"wp:term":[{"taxonomy":"category","embeddable":true,"href":"https:\/\/www.raccontinellarete.it\/index.php?rest_route=%2Fwp%2Fv2%2Fcategories&post=2752"},{"taxonomy":"post_tag","embeddable":true,"href":"https:\/\/www.raccontinellarete.it\/index.php?rest_route=%2Fwp%2Fv2%2Ftags&post=2752"}],"curies":[{"name":"wp","href":"https:\/\/api.w.org\/{rel}","templated":true}]}}