{"id":2749,"date":"2010-01-28T18:09:41","date_gmt":"2010-01-28T17:09:41","guid":{"rendered":"http:\/\/www.raccontinellarete.it\/?p=2749"},"modified":"2010-01-28T18:09:41","modified_gmt":"2010-01-28T17:09:41","slug":"anna-va-in-paradiso","status":"publish","type":"post","link":"https:\/\/www.raccontinellarete.it\/?p=2749","title":{"rendered":"Premio Racconti per Corti 2010 &#8220;Anna va in Paradiso?&#8221; di Brunella Monti"},"content":{"rendered":"<p>Quando scese dalla metropolitana celeste Anna\u00a0per un attimo non vide proprio nulla, il chiarore era accecante. Inoltre si era attardata un po&#8217; troppo,\u00a0avviandosi senza\u00a0\u00a0molta convinzione, e cos\u00ec era rimasta proprio per ultima.\u00a0 Non aveva poi questa gran fretta di andare davanti al tribunale divino. Sapeva di avere qualche peccatuccio, niente di che, ma comunque&#8230;E cos\u00ec si ritrov\u00f2 da sola in tutto quel bianco, il treno vuoto si allontava nel nulla, tornando da dove era venuto, la fila delle anime rimpiccioliva lenta verso la direzione opposta, e lei&#8230;. Lei vir\u00f2 a sinistra e si incammin\u00f2 leggera verso il nulla. Man mano che camminava sentiva una gran gioia, l&#8217;aria profumava di buono e non avvertiva nessun peso e nessuna stanchezza. &#8220;Ecco &#8221; pens\u00f2 &#8220;questo \u00e8 il bello del Paradiso: questa leggerezza felice&#8230;&#8221;<\/p>\n<p style=\"justify;\">Camminare era un tal piacere che cammin\u00f2 per sedici giorni terrestri e avrebbe camminato ancora,\u00a0se in quel luogo che pareva infinito non avesse incrociato una bambina. Sedeva\u00a0 nel bianco totale e piangeva disperatamente. &#8220;Ma dai, che fai, piangi? Non farai sul serio! Non senti quanta gioia e pace c&#8217;\u00e8 in questo posto?&#8221; &#8220;Piango&#8221; rispose la bimba &#8220;perch\u00e8 devo andare via di qui. &#8221; &#8221; E perch\u00e9 mai?&#8221; &#8220;Perch\u00e9 c&#8217;\u00e8 un&#8217;anima in pi\u00f9, e quando c&#8217;\u00e8 un&#8217;anima in pi\u00f9 se ne va la pi\u00f9 giovane!&#8221; Anna inorrid\u00ec :\u00a0la sua\u00a0superficialit\u00e0 stava per costare la felicit\u00e0 di quella dolcissima creatura. Non ci pens\u00f2 un&#8217;attimo e si mise a gridare &#8220;Io sono l&#8217;anima in pi\u00f9. Io devo andarmene&#8221; Il buon Pietro la sent\u00ec subito perch\u00e8 l\u00ec non gridava mai nessuno e\u00a0la sua voce potente tuon\u00f2 \u00a0&#8220;Ah ecco, adesso \u00a0s\u00ec che il conto torna. Via, subito al Purgatorio quell&#8217;anima persa.&#8221;<\/p>\n<p style=\"justify;\">Con un lampo azzurrino Anna spar\u00ec e ricomparve subito in un ambiente diverso. L&#8217;aria era nebbiosa, il colore dominante era un grigio\u00a0pallido e il terreno era sassoso e arido. Anna senti di nuovo e di colpo parte del peso del corpo, cos\u00ec si sedette su un grande masso e pens\u00f2 di riposarsi un po&#8217;. Mentre se ne stava l\u00ec tranquilla pass\u00f2 un ometto che spingeva un biroccino. &#8220;Ali, ali di prima scelta&#8221; Anna un po&#8217; incuriosita si alz\u00f2 e vide ammucchiate disordinatamente sul carretto\u00a0molte paia di bellissime ali &#8220;Ohi buon uomo\u00a0 quanto costano le vostre ali?&#8221; &#8221; E voi anima bella cosa avete da darmi?&#8221; Anna non aveva nulla con s\u00e8 e cos\u00ec disse &#8220;Vi pagher\u00f2 in natura&#8221; &#8220;Affare fatto&#8221; Rispose l&#8217;uomo, lasci\u00f2 il carretto e le comunic\u00f2 &#8220;Io sono libero e prendo il mio paio d&#8217;ali, voi potrete avere il vostro quando incontrerete qualcuno disposto a pagare con il suo corpo, prendendo il vostro posto&#8221; &#8220;Anna rimase allibita, non era esattamente quello che aveva pensato! Ma cosa fatta capo ha e cos\u00ec inizi\u00f2 a spingere il biroccino, pesantissimo e colmo di quelle meravigliose ali che lei\u00a0desiderava tantissimo.<\/p>\n<p style=\"justify;\">Un giorno incontr\u00f2 un bellissimo giovane che piangeva appoggiato contro una parete ripida e rocciosa. Anna si deterse la fronte con l&#8217;avambraccio, divenuto\u00a0snello e muscoloso, gli si avvicin\u00f2 e gli chiese: &#8220;Che cosa fa soffrire cos\u00ec tanto\u00a0un bel giovane come voi?&#8221;\u00a0\u00a0Lui non sollev\u00f2 nemmeno il volto\u00a0&#8221; La morte mi ha separato dalla mia anima gemella ed ora io non posso fare a meno di soffrire per ogni secondo di questa eternit\u00e0 che ci separa! Se solo potessi raggiungerla e parlarle per l&#8217;ultima volta&#8230;&#8221; Anna non ci pens\u00f2 due volte e gli disse &#8220;Prendete un paio di queste ali e volate dal vostro perduto amore&#8221;. Il giovane scoloriva, rimpicciolendo piano \u00a0nel grigio piatto di quel\u00a0cielo, quando si sent\u00ec la voce tonante\u00a0di Pietro. Era un tantino alterata: &#8220;Chi \u00e8 quello scriteriato che ha sperperato cos\u00ec un vero paio d&#8217;ali d&#8217;angelo? Subito all&#8217;inferno&#8221; Anna vide con orrore che le si apriva una voragine sotto ai piedi e ci scivol\u00f2 dentro senza potersi opporre. Scivol\u00f2 per un tempo infinito dentro un budello che diveniva pi\u00f9 caldo man mano che continuava. Quando alla fine fin\u00ec si ritrov\u00f2 ansante, completamente nuda e \u00a0sudata a ridosso di un muro sbrecciato di quella che sembrava una periferia urbana. Allung\u00f2 una mano a rubare dei panni stesi provvidenzialmente ad asciugare sotto a una finestra\u00a0e si incammin\u00f2\u00a0 sull&#8217;asfalto\u00a0scuro verso una seconda opportunit\u00e0 di vita. Un&#8217;inferno, appunto.<\/p>\n<p class=\"MsoNormal\" style=\"justify;\">\u00a0<\/p>\n<div class=\"pvc_clear\"><\/div>\n<p id=\"pvc_stats_2749\" class=\"pvc_stats all  \" data-element-id=\"2749\" style=\"\"><i class=\"pvc-stats-icon medium\" aria-hidden=\"true\"><svg aria-hidden=\"true\" focusable=\"false\" data-prefix=\"far\" data-icon=\"chart-bar\" role=\"img\" xmlns=\"http:\/\/www.w3.org\/2000\/svg\" viewBox=\"0 0 512 512\" class=\"svg-inline--fa fa-chart-bar fa-w-16 fa-2x\"><path fill=\"currentColor\" d=\"M396.8 352h22.4c6.4 0 12.8-6.4 12.8-12.8V108.8c0-6.4-6.4-12.8-12.8-12.8h-22.4c-6.4 0-12.8 6.4-12.8 12.8v230.4c0 6.4 6.4 12.8 12.8 12.8zm-192 0h22.4c6.4 0 12.8-6.4 12.8-12.8V140.8c0-6.4-6.4-12.8-12.8-12.8h-22.4c-6.4 0-12.8 6.4-12.8 12.8v198.4c0 6.4 6.4 12.8 12.8 12.8zm96 0h22.4c6.4 0 12.8-6.4 12.8-12.8V204.8c0-6.4-6.4-12.8-12.8-12.8h-22.4c-6.4 0-12.8 6.4-12.8 12.8v134.4c0 6.4 6.4 12.8 12.8 12.8zM496 400H48V80c0-8.84-7.16-16-16-16H16C7.16 64 0 71.16 0 80v336c0 17.67 14.33 32 32 32h464c8.84 0 16-7.16 16-16v-16c0-8.84-7.16-16-16-16zm-387.2-48h22.4c6.4 0 12.8-6.4 12.8-12.8v-70.4c0-6.4-6.4-12.8-12.8-12.8h-22.4c-6.4 0-12.8 6.4-12.8 12.8v70.4c0 6.4 6.4 12.8 12.8 12.8z\" class=\"\"><\/path><\/svg><\/i> <img loading=\"lazy\" decoding=\"async\" width=\"16\" height=\"16\" alt=\"Loading\" src=\"https:\/\/www.raccontinellarete.it\/301\/wp-content\/plugins\/page-views-count\/ajax-loader-2x.gif\" border=0 \/><\/p>\n<div class=\"pvc_clear\"><\/div>\n","protected":false},"excerpt":{"rendered":"<p>Quando scese dalla metropolitana celeste Anna\u00a0per un attimo non vide proprio nulla, il chiarore era accecante. Inoltre si era attardata un po&#8217; troppo,\u00a0avviandosi senza\u00a0\u00a0molta convinzione, e cos\u00ec era rimasta proprio per ultima.\u00a0 Non aveva poi questa gran fretta di andare davanti al tribunale divino. Sapeva di avere qualche peccatuccio, niente di che, ma comunque&#8230;E cos\u00ec [&hellip;]<\/p>\n<div class=\"pvc_clear\"><\/div>\n<p id=\"pvc_stats_2749\" class=\"pvc_stats all  \" data-element-id=\"2749\" style=\"\"><i class=\"pvc-stats-icon medium\" aria-hidden=\"true\"><svg aria-hidden=\"true\" focusable=\"false\" data-prefix=\"far\" data-icon=\"chart-bar\" role=\"img\" xmlns=\"http:\/\/www.w3.org\/2000\/svg\" viewBox=\"0 0 512 512\" class=\"svg-inline--fa fa-chart-bar fa-w-16 fa-2x\"><path fill=\"currentColor\" d=\"M396.8 352h22.4c6.4 0 12.8-6.4 12.8-12.8V108.8c0-6.4-6.4-12.8-12.8-12.8h-22.4c-6.4 0-12.8 6.4-12.8 12.8v230.4c0 6.4 6.4 12.8 12.8 12.8zm-192 0h22.4c6.4 0 12.8-6.4 12.8-12.8V140.8c0-6.4-6.4-12.8-12.8-12.8h-22.4c-6.4 0-12.8 6.4-12.8 12.8v198.4c0 6.4 6.4 12.8 12.8 12.8zm96 0h22.4c6.4 0 12.8-6.4 12.8-12.8V204.8c0-6.4-6.4-12.8-12.8-12.8h-22.4c-6.4 0-12.8 6.4-12.8 12.8v134.4c0 6.4 6.4 12.8 12.8 12.8zM496 400H48V80c0-8.84-7.16-16-16-16H16C7.16 64 0 71.16 0 80v336c0 17.67 14.33 32 32 32h464c8.84 0 16-7.16 16-16v-16c0-8.84-7.16-16-16-16zm-387.2-48h22.4c6.4 0 12.8-6.4 12.8-12.8v-70.4c0-6.4-6.4-12.8-12.8-12.8h-22.4c-6.4 0-12.8 6.4-12.8 12.8v70.4c0 6.4 6.4 12.8 12.8 12.8z\" class=\"\"><\/path><\/svg><\/i> <img loading=\"lazy\" decoding=\"async\" width=\"16\" height=\"16\" alt=\"Loading\" src=\"https:\/\/www.raccontinellarete.it\/301\/wp-content\/plugins\/page-views-count\/ajax-loader-2x.gif\" border=0 \/><\/p>\n<div class=\"pvc_clear\"><\/div>\n","protected":false},"author":729,"featured_media":0,"comment_status":"open","ping_status":"closed","sticky":false,"template":"","format":"standard","meta":{"footnotes":""},"categories":[10],"tags":[],"class_list":["post-2749","post","type-post","status-publish","format-standard","hentry","category-premio-racconti-per-corti-2010"],"_links":{"self":[{"href":"https:\/\/www.raccontinellarete.it\/index.php?rest_route=\/wp\/v2\/posts\/2749"}],"collection":[{"href":"https:\/\/www.raccontinellarete.it\/index.php?rest_route=\/wp\/v2\/posts"}],"about":[{"href":"https:\/\/www.raccontinellarete.it\/index.php?rest_route=\/wp\/v2\/types\/post"}],"author":[{"embeddable":true,"href":"https:\/\/www.raccontinellarete.it\/index.php?rest_route=\/wp\/v2\/users\/729"}],"replies":[{"embeddable":true,"href":"https:\/\/www.raccontinellarete.it\/index.php?rest_route=%2Fwp%2Fv2%2Fcomments&post=2749"}],"version-history":[{"count":0,"href":"https:\/\/www.raccontinellarete.it\/index.php?rest_route=\/wp\/v2\/posts\/2749\/revisions"}],"wp:attachment":[{"href":"https:\/\/www.raccontinellarete.it\/index.php?rest_route=%2Fwp%2Fv2%2Fmedia&parent=2749"}],"wp:term":[{"taxonomy":"category","embeddable":true,"href":"https:\/\/www.raccontinellarete.it\/index.php?rest_route=%2Fwp%2Fv2%2Fcategories&post=2749"},{"taxonomy":"post_tag","embeddable":true,"href":"https:\/\/www.raccontinellarete.it\/index.php?rest_route=%2Fwp%2Fv2%2Ftags&post=2749"}],"curies":[{"name":"wp","href":"https:\/\/api.w.org\/{rel}","templated":true}]}}