{"id":27188,"date":"2016-04-26T18:45:46","date_gmt":"2016-04-26T17:45:46","guid":{"rendered":"http:\/\/www.raccontinellarete.it\/?p=27188"},"modified":"2016-04-26T18:45:46","modified_gmt":"2016-04-26T17:45:46","slug":"infernet-di-giuseppe-ferlito-dal-28-aprile-al-cinema","status":"publish","type":"post","link":"https:\/\/www.raccontinellarete.it\/?p=27188","title":{"rendered":"Infernet di Giuseppe Ferlito. Dal 28 aprile al cinema"},"content":{"rendered":"<p style=\"text-align: justify;\"><a href=\"https:\/\/www.raccontinellarete.it\/?attachment_id=27189\" rel=\"attachment wp-att-27189\"><img loading=\"lazy\" decoding=\"async\" class=\"alignleft size-medium wp-image-27189\" src=\"https:\/\/www.raccontinellarete.it\/301\/wp-content\/uploads\/2016\/04\/12495083_1704333073180915_5328604644630411854_n-250x250.jpg\" alt=\"12495083_1704333073180915_5328604644630411854_n\" width=\"250\" height=\"250\" \/><\/a><\/p>\n<p style=\"text-align: justify;\">\n<p style=\"text-align: justify;\">Siamo particolarmente felici per il lancio del nuovo film di Giuseppe Ferlito. Il regista \u00e8 il direttore della Scuola di Cinema Immagina di Firenze con la quale collaboriamo da diversi anni per la realizzazione dei cortometraggi tratti dai soggetti vincitori del premio Racconti nella Rete.<\/p>\n<p style=\"text-align: justify;\">Il 29 aprile fino a notte si festegger\u00e0 in Italia l&#8217;Internet Day per celebrare i 30 anni dalla prima volta che il nostro Paese si \u00e8 connesso a internet, ma il giorno prima, il 28 aprile sar\u00e0 in 40 sale il film che ricorda i rischi sul web: \u00e8 &#8216;Infernet&#8217; di Giuseppe Ferlito, con tra gli altri Roberto Farnesi (anche coautore del soggetto), Ricky Tognazzi, Remo Girone, Daniela Poggi, Andrea Montovoli.<br \/>\nFra i temi bullismo e cyber-bullismo, pedofilia, pornografia, prostituzione minorile, dipendenza da gioco online e omofobia.<br \/>\n&#8220;I giovani spesso non distinguono tra reale e virtuale e pensano di essere sempre in un videogioco &#8211; spiega il regista Giuseppe Ferlito -. Il web non va demonizzato ma nelle mani di una persona cattiva pu\u00f2 diventare letale&#8221;. Tra i protagonisti don Luciano (Girone) prete e insegnante accusato di pedofilia per vendetta; Claudio (Farnesi) attore con un debole per le ragazze molto giovani e Sandro (Leonardo Borgognoni) che da vittima di un gruppo di bulli spietati diventa loro complice.<\/p>\n<div class=\"pvc_clear\"><\/div>\n<p id=\"pvc_stats_27188\" class=\"pvc_stats all  \" data-element-id=\"27188\" style=\"\"><i class=\"pvc-stats-icon medium\" aria-hidden=\"true\"><svg aria-hidden=\"true\" focusable=\"false\" data-prefix=\"far\" data-icon=\"chart-bar\" role=\"img\" xmlns=\"http:\/\/www.w3.org\/2000\/svg\" viewBox=\"0 0 512 512\" class=\"svg-inline--fa fa-chart-bar fa-w-16 fa-2x\"><path fill=\"currentColor\" d=\"M396.8 352h22.4c6.4 0 12.8-6.4 12.8-12.8V108.8c0-6.4-6.4-12.8-12.8-12.8h-22.4c-6.4 0-12.8 6.4-12.8 12.8v230.4c0 6.4 6.4 12.8 12.8 12.8zm-192 0h22.4c6.4 0 12.8-6.4 12.8-12.8V140.8c0-6.4-6.4-12.8-12.8-12.8h-22.4c-6.4 0-12.8 6.4-12.8 12.8v198.4c0 6.4 6.4 12.8 12.8 12.8zm96 0h22.4c6.4 0 12.8-6.4 12.8-12.8V204.8c0-6.4-6.4-12.8-12.8-12.8h-22.4c-6.4 0-12.8 6.4-12.8 12.8v134.4c0 6.4 6.4 12.8 12.8 12.8zM496 400H48V80c0-8.84-7.16-16-16-16H16C7.16 64 0 71.16 0 80v336c0 17.67 14.33 32 32 32h464c8.84 0 16-7.16 16-16v-16c0-8.84-7.16-16-16-16zm-387.2-48h22.4c6.4 0 12.8-6.4 12.8-12.8v-70.4c0-6.4-6.4-12.8-12.8-12.8h-22.4c-6.4 0-12.8 6.4-12.8 12.8v70.4c0 6.4 6.4 12.8 12.8 12.8z\" class=\"\"><\/path><\/svg><\/i> <img loading=\"lazy\" decoding=\"async\" width=\"16\" height=\"16\" alt=\"Loading\" src=\"https:\/\/www.raccontinellarete.it\/301\/wp-content\/plugins\/page-views-count\/ajax-loader-2x.gif\" border=0 \/><\/p>\n<div class=\"pvc_clear\"><\/div>\n","protected":false},"excerpt":{"rendered":"<p>Siamo particolarmente felici per il lancio del nuovo film di Giuseppe Ferlito. Il regista \u00e8 il direttore della Scuola di Cinema Immagina di Firenze con la quale collaboriamo da diversi anni per la realizzazione dei cortometraggi tratti dai soggetti vincitori del premio Racconti nella Rete. Il 29 aprile fino a notte si festegger\u00e0 in Italia [&hellip;]<\/p>\n<div class=\"pvc_clear\"><\/div>\n<p id=\"pvc_stats_27188\" class=\"pvc_stats all  \" data-element-id=\"27188\" style=\"\"><i class=\"pvc-stats-icon medium\" aria-hidden=\"true\"><svg aria-hidden=\"true\" focusable=\"false\" data-prefix=\"far\" data-icon=\"chart-bar\" role=\"img\" xmlns=\"http:\/\/www.w3.org\/2000\/svg\" viewBox=\"0 0 512 512\" class=\"svg-inline--fa fa-chart-bar fa-w-16 fa-2x\"><path fill=\"currentColor\" d=\"M396.8 352h22.4c6.4 0 12.8-6.4 12.8-12.8V108.8c0-6.4-6.4-12.8-12.8-12.8h-22.4c-6.4 0-12.8 6.4-12.8 12.8v230.4c0 6.4 6.4 12.8 12.8 12.8zm-192 0h22.4c6.4 0 12.8-6.4 12.8-12.8V140.8c0-6.4-6.4-12.8-12.8-12.8h-22.4c-6.4 0-12.8 6.4-12.8 12.8v198.4c0 6.4 6.4 12.8 12.8 12.8zm96 0h22.4c6.4 0 12.8-6.4 12.8-12.8V204.8c0-6.4-6.4-12.8-12.8-12.8h-22.4c-6.4 0-12.8 6.4-12.8 12.8v134.4c0 6.4 6.4 12.8 12.8 12.8zM496 400H48V80c0-8.84-7.16-16-16-16H16C7.16 64 0 71.16 0 80v336c0 17.67 14.33 32 32 32h464c8.84 0 16-7.16 16-16v-16c0-8.84-7.16-16-16-16zm-387.2-48h22.4c6.4 0 12.8-6.4 12.8-12.8v-70.4c0-6.4-6.4-12.8-12.8-12.8h-22.4c-6.4 0-12.8 6.4-12.8 12.8v70.4c0 6.4 6.4 12.8 12.8 12.8z\" class=\"\"><\/path><\/svg><\/i> <img loading=\"lazy\" decoding=\"async\" width=\"16\" height=\"16\" alt=\"Loading\" src=\"https:\/\/www.raccontinellarete.it\/301\/wp-content\/plugins\/page-views-count\/ajax-loader-2x.gif\" border=0 \/><\/p>\n<div class=\"pvc_clear\"><\/div>\n","protected":false},"author":3,"featured_media":0,"comment_status":"open","ping_status":"closed","sticky":false,"template":"","format":"standard","meta":{"footnotes":""},"categories":[87,5,4],"tags":[],"class_list":["post-27188","post","type-post","status-publish","format-standard","hentry","category-comunicato-stampa","category-racconti-nella-rete","category-news"],"_links":{"self":[{"href":"https:\/\/www.raccontinellarete.it\/index.php?rest_route=\/wp\/v2\/posts\/27188"}],"collection":[{"href":"https:\/\/www.raccontinellarete.it\/index.php?rest_route=\/wp\/v2\/posts"}],"about":[{"href":"https:\/\/www.raccontinellarete.it\/index.php?rest_route=\/wp\/v2\/types\/post"}],"author":[{"embeddable":true,"href":"https:\/\/www.raccontinellarete.it\/index.php?rest_route=\/wp\/v2\/users\/3"}],"replies":[{"embeddable":true,"href":"https:\/\/www.raccontinellarete.it\/index.php?rest_route=%2Fwp%2Fv2%2Fcomments&post=27188"}],"version-history":[{"count":1,"href":"https:\/\/www.raccontinellarete.it\/index.php?rest_route=\/wp\/v2\/posts\/27188\/revisions"}],"predecessor-version":[{"id":27190,"href":"https:\/\/www.raccontinellarete.it\/index.php?rest_route=\/wp\/v2\/posts\/27188\/revisions\/27190"}],"wp:attachment":[{"href":"https:\/\/www.raccontinellarete.it\/index.php?rest_route=%2Fwp%2Fv2%2Fmedia&parent=27188"}],"wp:term":[{"taxonomy":"category","embeddable":true,"href":"https:\/\/www.raccontinellarete.it\/index.php?rest_route=%2Fwp%2Fv2%2Fcategories&post=27188"},{"taxonomy":"post_tag","embeddable":true,"href":"https:\/\/www.raccontinellarete.it\/index.php?rest_route=%2Fwp%2Fv2%2Ftags&post=27188"}],"curies":[{"name":"wp","href":"https:\/\/api.w.org\/{rel}","templated":true}]}}