{"id":2708,"date":"2010-01-20T19:20:08","date_gmt":"2010-01-20T18:20:08","guid":{"rendered":"http:\/\/www.raccontinellarete.it\/?p=2708"},"modified":"2010-01-20T19:20:08","modified_gmt":"2010-01-20T18:20:08","slug":"larmatura-misteriosa","status":"publish","type":"post","link":"https:\/\/www.raccontinellarete.it\/?p=2708","title":{"rendered":"Premio Racconti nella Rete 2010 &#8220;L&#8217;armatura misteriosa&#8221; di Simone Roncoletta"},"content":{"rendered":"<div><\/div>\n<p><span style=\"Verdana;\"><\/p>\n<p class=\"MsoBodyText2\" style=\"justify;\"><span style=\"small;\"><span style=\"Times New Roman;\"><span style=\"yes;\">\u00a0<\/span><\/span><\/span><span style=\"small;\"><span style=\"Times New Roman;\"><span style=\"yes;\">\u00a0\u00a0\u00a0\u00a0\u00a0\u00a0\u00a0\u00a0\u00a0\u00a0\u00a0\u00a0\u00a0\u00a0\u00a0\u00a0\u00a0\u00a0\u00a0\u00a0\u00a0\u00a0\u00a0\u00a0\u00a0\u00a0\u00a0\u00a0\u00a0\u00a0\u00a0\u00a0\u00a0\u00a0\u00a0\u00a0\u00a0\u00a0\u00a0\u00a0<\/span><\/span><\/span><span style=\"bold;\"><span style=\"Times New Roman;\">\u00a0<\/span><\/span><\/p>\n<p class=\"MsoBodyText2\" style=\"text-align: left;\"><strong><span style=\"10.0pt;\"><span style=\"Times New Roman;\"><span style=\"yes;\">\u00a0\u00a0\u00a0\u00a0\u00a0\u00a0\u00a0\u00a0\u00a0\u00a0\u00a0\u00a0\u00a0\u00a0\u00a0\u00a0\u00a0\u00a0\u00a0\u00a0\u00a0\u00a0\u00a0\u00a0\u00a0\u00a0\u00a0\u00a0\u00a0\u00a0\u00a0\u00a0\u00a0\u00a0\u00a0\u00a0<\/span><\/span><\/span><\/strong><strong><span style=\"italic;\"><span style=\"small;\"><span style=\"Times New Roman;\">Il doveroso preambolo del preambolo<\/span><\/span><\/span><\/strong><\/p>\n<p class=\"MsoBodyText2\" style=\"justify;\"><span style=\"Times New Roman;\">\u00a0<\/span><\/p>\n<p class=\"MsoBodyText2\" style=\"justify;\"><span style=\"small;\"><span style=\"Times New Roman;\"><span style=\"black;\">In questo racconto vi sono delle forti incongruenze storiche (vengono descritte parti veneziane della cinta magistrale di Verona, edificate intorno al 1500, e parti di muro alla Carnot del periodo austriaco (1800), mentre la storia si svolge intorno al 1300 alla corte degli Scaligeri). Vicende reali, quindi, sono mescolate a situazioni inventate. Ho utilizzato anche dei termini dialettali sicuramente diversi da quelli del tempo, ma che ho ritenuto opportuno mantenere per dare peso non tanto alla veridicit\u00e0 storica quanto alle immagini pi\u00f9 o meno fantastiche che, suscitandomi delle emozioni, di volta in volta mi piaceva descrivere.<\/span> <\/span><\/span><\/p>\n<p class=\"MsoBodyText2\" style=\"justify;\"><span style=\"Times New Roman;\">\u00a0<\/span><span style=\"Times New Roman;\">\u00a0<\/span><\/p>\n<p class=\"MsoBodyText2\" style=\"text-align: center;\"><span style=\"Times New Roman;\">\u00a0<\/span><strong><span style=\"italic;\"><span style=\"small;\"><span style=\"Times New Roman;\">Il preambolo<\/span><\/span><\/span><\/strong><\/p>\n<p class=\"MsoBodyText2\" style=\"21.3pt;\"><span style=\"Times New Roman;\">\u00a0<\/span><\/p>\n<p class=\"MsoBodyText2\" style=\"21.3pt;\"><em><span style=\"small;\"><span style=\"Times New Roman;\">Add\u00ec 15 maggio dell\u2019anno 1312 d. C. sia appeso per la forca il Comandante Paisse Fabio in contumacia di alto tradimento<\/span><\/span><\/em><\/p>\n<p class=\"MsoBodyText2\" style=\"21.3pt;\"><span style=\"italic;\"><span style=\"Times New Roman;\">\u00a0<\/span><\/span><\/p>\n<p class=\"MsoBodyText2\" style=\"21.3pt;\" align=\"center\"><span style=\"italic;\"><span style=\"Times New Roman;\">\u00a0<\/span><\/span><\/p>\n<p class=\"MsoBodyText2\" style=\"21.3pt;\" align=\"center\"><strong><span style=\"italic;\"><span style=\"small;\"><span style=\"Times New Roman;\">Una morte annunciata<\/span><\/span><\/span><\/strong><\/p>\n<p class=\"MsoBodyText2\" style=\"21.3pt;\"><span style=\"Times New Roman;\">\u00a0<\/span><\/p>\n<p class=\"MsoBodyText2\" style=\"21.3pt;\"><span style=\"small;\"><span style=\"Times New Roman;\"><span style=\"yes;\">\u00a0\u00a0\u00a0 <\/span>La sentenza fu firmata da Cangrande Secondo, fratello del munifico Cangrande Primo della Scala, Signore di Verona e a lui succeduto dopo la morte penosa, che lo aveva colto sul fiore degli anni e alla quale giunse in seguito ad un fulminante prosciugamento di ogni liquido corporeo.<\/span><\/span><\/p>\n<p class=\"MsoBodyText2\" style=\"21.3pt;\"><span style=\"small;\"><span style=\"Times New Roman;\"><span style=\"yes;\">\u00a0\u00a0\u00a0 <\/span>Tutto il mondo allora conosciuto si dolse della grave perdita e poich\u00e9 quell\u2019orribile morte pietrific\u00f2 a tal punto il corpo del malcapitato, per onorarne la memoria esso stesso fu abilmente messo in posa di fiero cavaliere con tanto di spadone sguainato e montato su di un cavallo scolpito nella pietra.<\/span><\/span><\/p>\n<p class=\"MsoBodyText2\" style=\"21.3pt;\"><span style=\"small;\"><span style=\"Times New Roman;\"><span style=\"yes;\">\u00a0<\/span>Il monumento equestre cos\u00ec eretto fu messo in bella vista al di sopra della tomba, ovviamente vuota, del defunto Signore di Verona.<\/span><\/span><\/p>\n<p class=\"MsoBodyText2\" style=\"21.3pt;\"><span style=\"small;\"><span style=\"Times New Roman;\"><span style=\"yes;\">\u00a0\u00a0 <\/span>Ma tanto Cangrande Primo aveva avuto fama di nobile mecenate, protettore delle arti, delle lettere e del bel canto, tanto il fratello era inviso al popolo a causa delle pesantissime tasse con cui opprimeva la povera gente e per le quali si guadagn\u00f2 il soprannome di Canrabbioso o Cansquarzabraga,<\/span><\/span><\/p>\n<p class=\"MsoBodyText2\" style=\"21.3pt;\"><span style=\"small;\"><span style=\"Times New Roman;\"><span style=\"yes;\">\u00a0\u00a0 <\/span>Dopo un paio di mesi dalla pubblica esecuzione di Paisse, ancora, lungo le vie e le viuzze dei borghi, a bassa voce si parlava dell\u2019accaduto.<\/span><\/span><\/p>\n<p class=\"MsoBodyText2\" style=\"21.3pt;\"><span style=\"small;\"><span style=\"Times New Roman;\"><span style=\"yes;\">\u00a0\u00a0 <\/span>Un burchiere in sosta lungo l\u2019ansa dell\u2019Adige, che nella zona del Pestrino curva dolcemente, si era soffermato ad ascoltare il chiacchiericcio delle lavandaie che, spossate dell\u2019afa, si mostravano pi\u00f9 intente alle <em>ciacole<\/em><span style=\"italic;\"> <\/span>che al bucato.<\/span><\/span><\/p>\n<p class=\"MsoBodyText2\" style=\"21.3pt;\"><span style=\"small;\"><span style=\"Times New Roman;\"><span style=\"yes;\">\u00a0\u00a0 <\/span>Paisse, il Comandante Paisse, chi pi\u00f9 chi meno intimamente, lo avevano conosciuto tutte e colei che non poteva vantarsi d\u2019averlo incontrato da vicino mandava languorosi sospiri al pensiero della sua lunga chioma bionda pi\u00f9 del grano maturo che metteva in risalto gli occhi azzurri e limpidi come il cielo dopo un temporale.<\/span><\/span><\/p>\n<p class=\"MsoBodyText2\" style=\"21.3pt;\"><span style=\"small;\"><span style=\"Times New Roman;\"><span style=\"yes;\">\u00a0\u00a0 <\/span>Paisse, quando era in turno di riposo, soleva recarsi al porticciolo delle chiatte sul fiume per sostare dopo qualche lunga galoppata.<\/span><\/span><\/p>\n<p class=\"MsoBodyText2\" style=\"21.3pt;\"><span style=\"small;\"><span style=\"Times New Roman;\"><span style=\"yes;\">\u00a0\u00a0 <\/span>Il porticciolo era un punto d\u2019incontro molto frequentato a quel tempo e tale rest\u00f2 sino a quando non fu distrutto dalla terribile inondazione dell\u2019Adige del settembre 1882, una sciagura che mise sott\u2019acqua tutta Verona come ricordano le scritte sulle lapidi a memoria dell\u2019infausto evento.<\/span><\/span><\/p>\n<p class=\"MsoBodyText2\" style=\"21.3pt;\"><span style=\"small;\"><span style=\"Times New Roman;\"><span style=\"yes;\">\u00a0\u00a0 <\/span>L\u2019arrivo di Paisse sul cavallo scalpitante era preannunciato da un melodioso canto che lo stesso Comandante amava intonare con voce calda e passionale.<\/span><\/span><\/p>\n<p class=\"MsoBodyText2\" style=\"exactly;\"><span style=\"Times New Roman;\">Ai primi echi che giungevano in lontananza si risvegliava, improvvisamente, l\u2019entusiasmo e l\u2019euforia delle comari affaccendate.<\/span><\/p>\n<p class=\"MsoBodyText2\" style=\"21.3pt;\"><span style=\"Times New Roman;\">Anche le pi\u00f9 giovani a stento nascondevano il batticuore che il biondo cavaliere sempre procurava.<\/span><\/p>\n<p class=\"MsoBodyText2\" style=\"21.3pt;\"><span style=\"Times New Roman;\">Dall\u2019acqua, subito, spuntavano interamente le gambe e le cosce sode sino a quel momento coperte dalle pieghe delle gonne rimboccate appena sopra le tornite ginocchia mentre le donne pi\u00f9 ardite ostentavano prosperose scollature.<\/span><\/p>\n<p class=\"MsoBodyText2\" style=\"21.3pt;\"><span style=\"Times New Roman;\">Del giovane comandante amavano non solo il bell\u2019aspetto, virile e fanciullesco al tempo stesso, ma anche quel fare un po\u2019irriverente e smaliziato che sin dall\u2019et\u00e0 adolescenziale lo aveva contraddistinto dai suoi coetanei ancora goffi e timorosi nei confronti del gentil sesso.<\/span><\/p>\n<p class=\"MsoBodyText2\" style=\"21.3pt;\"><span style=\"Times New Roman;\">Tanto era scanzonato e giocherellone nel tempo libero e tanto era severo e autoritario quando indossava la divisa.<\/span><\/p>\n<p class=\"MsoBodyText2\" style=\"21.3pt;\"><span style=\"Times New Roman;\">Fin da ragazzo, infatti, aveva sognato di difendere il proprio popolo da invasori e altri nemici e cos\u00ec all\u2019et\u00e0 di quindici anni decise di arruolarsi nel corpo delle Guardie Volontarie di Corte.<\/span><\/p>\n<p class=\"MsoBodyText2\" style=\"21.3pt;\"><span style=\"Times New Roman;\">Il forte senso di giustizia e lealt\u00e0 lo avevano portato a scalare velocemente i gradi militari e a soli ventinove anni era stato promosso comandante di plotone.<\/span><\/p>\n<p class=\"MsoBodyText2\" style=\"21.3pt;\"><span style=\"Times New Roman;\">Se pur giovane era rispettato e stimato da tutti, anche dai suoi superiori.<\/span><\/p>\n<p class=\"MsoBodyText2\" style=\"21.3pt;\"><span style=\"Times New Roman;\">Il rispetto se lo era guadagnato sin da bambino quando, orfano a soli a sei anni, decise che sarebbe diventato uomo da solo e nove anni pi\u00f9 tardi, quando si arruol\u00f2, lo divenne.<\/span><\/p>\n<p class=\"MsoBodyText2\" style=\"21.3pt;\"><span style=\"Times New Roman;\">Oltre che bello, quindi, era considerato un piccolo eroe e ora che era morto le donne giovani e vecchie parevano colpite da un lutto comune e stavano l\u00ec inginocchiate per terra curve verso l\u2019acqua come in atto di prostrazione.<\/span><\/p>\n<p class=\"MsoBodyText2\" style=\"21.3pt;\"><span style=\"small;\"><span style=\"Times New Roman;\"><em><span style=\"yes;\">\u00a0\u00a0 <\/span>&#8211; Can rabbioso l\u2019\u00e8 sta un gran bastardo!<\/em> &#8211; sentenziava la pi\u00f9 anziana lungo la riva del fiume sbattendo e strizzando le bianche lenzuola grondanti.<\/span><\/span><\/p>\n<p class=\"MsoBodyText2\" style=\"21.3pt;\"><span style=\"small;\"><span style=\"Times New Roman;\"><span style=\"yes;\">\u00a0\u00a0 <\/span><em>-Tasi Nina, tasi, par amor del cielo, che nol ne taca ia anca noaltre &#8211;<\/em> incalzava subito la pi\u00f9 vicina timorosamente mentre sfregava nervosamente su e gi\u00f9 con la spazzola di legno i capi di bucato, per poi strapazzarli e malmenarli.<\/span><\/span><\/p>\n<p class=\"MsoBodyText2\" style=\"21.3pt;\"><span style=\"small;\"><span style=\"Times New Roman;\"><span style=\"yes;\">\u00a0\u00a0 <\/span>Il burchiere, uomo semplice e taciturno, al timone della sua imbarcazione ormeggiata sulla riva opposta, ma abbastanza a tiro di voce e d\u2019orecchio, profer\u00ec, non senza l\u2019aria di uno che avrebbe avuto da aggiungere di pi\u00f9, che una volta nel vedere il valoroso Fabio o <em>el bel Fabieto<\/em> come lo soprannominavano divertite le incallite ammiratrici, cos\u00ec allegro e spensierato, aveva quasi provato un<span style=\"yes;\">\u00a0 <\/span>contrastato senso di invidia e di oscuro presentimento.<\/span><\/span><\/p>\n<p class=\"MsoBodyText2\" style=\"21.3pt;\"><span style=\"small;\"><span style=\"Times New Roman;\"><span style=\"yes;\">\u00a0\u00a0 <\/span>Ora, dandosi quasi un tono d\u2019importanza, ne intuiva l\u2019arcano motivo; tirava dentro il fiato pesantemente e, stringendo pensieroso le labbra, ciondolava leggermente la testa come in preda a pi\u00f9 sinistri presagi mentre lo sguardo desolato seguiva la corrente.<\/span><\/span><\/p>\n<p class=\"MsoBodyText2\" style=\"21.3pt;\"><span style=\"small;\"><span style=\"Times New Roman;\"><span style=\"yes;\">\u00a0\u00a0 <\/span>Il Comandante Paisse aveva lasciato un grosso vuoto anche tra i suoi fedeli soldati e tutti erano convinti che la condanna fosse stata abilmente complottata per giustificare l\u2019ennesimo fallimento di Cangrande Secondo nei confronti del popolo veronese ormai portato allo stremo e pronto ad insorgere.<\/span><\/span><\/p>\n<p class=\"MsoBodyText2\" style=\"21.3pt;\"><span style=\"small;\"><span style=\"Times New Roman;\"><span style=\"yes;\">\u00a0\u00a0 <\/span>Puntualmente, infatti, fu aumentato il dazio per le granaglie a favore dell\u2019opera di fortificazione della cinta magistrale.<\/span><\/span><\/p>\n<p class=\"MsoBodyText2\" style=\"21.3pt;\"><span style=\"small;\"><span style=\"Times New Roman;\"><span style=\"yes;\">\u00a0\u00a0 <\/span>Paisse era stato uno dei primi militari a schierarsi contro questa sciagurata decisione sapendo quali conseguenze tragiche avrebbe comportato per la gente comune.<\/span><\/span><\/p>\n<p class=\"MsoBodyText2\" style=\"21.3pt;\"><span style=\"small;\"><span style=\"Times New Roman;\"><span style=\"yes;\">\u00a0\u00a0 <\/span>A questo punto non ci misero molto ad accendersi i primi tumulti popolari.<\/span><\/span><\/p>\n<p class=\"MsoBodyText2\" style=\"21.3pt;\"><span style=\"small;\"><span style=\"Times New Roman;\"><span style=\"yes;\">\u00a0\u00a0 <\/span>Gli sgherri di Canrabbioso, notando la presunta poca tempestivit\u00e0 del Comandante nel sedare i rivoltosi, lo presero di mira e lo denunciarono al tribunale dei traditori incolpandolo prima velatamente, poi implacabilmente di essere il responsabile della sommossa.<\/span><\/span><\/p>\n<p class=\"MsoBodyText2\" style=\"justify;\"><span style=\"small;\"><span style=\"Times New Roman;\"><span style=\"yes;\">\u00a0\u00a0 <\/span>Paisse cerc\u00f2 di difendersi dall\u2019ingiuria scrivendo una lettera ad un cugino molto influente presso la Signoria Mantovana e nella quale spiegava le sue motivazioni chiedendo, in fine, asilo politico alla citt\u00e0 dei Gonzaga.<\/span><\/span><\/p>\n<p class=\"MsoBodyText2\" style=\"justify;\"><span style=\"small;\"><span style=\"Times New Roman;\"><span style=\"yes;\">\u00a0\u00a0 <\/span>Gli scagnozzi di Cangrande Secondo, per disgrazia del Comandante Fabio, intercettarono la lettera e la consegnarono al loro Signore che con un sommario processo fece condannare Paisse per alto tradimento.<\/span><\/span><\/p>\n<p class=\"MsoBodyText2\" style=\"justify;\"><span style=\"small;\"><span style=\"Times New Roman;\"><span style=\"yes;\">\u00a0\u00a0 <\/span>Egli seppe dapprima tenere testa alle accuse dimostrando la sua innocenza, ma non fu poi in grado di difendersi fino in fondo poich\u00e9 cedette sotto le strazianti torture della ruota, un macabro marchingegno con il quale o si parlava o si moriva dopo lente agonie.<\/span><\/span><\/p>\n<p class=\"MsoBodyText2\" style=\"justify;\"><span style=\"small;\"><span style=\"Times New Roman;\"><span style=\"yes;\">\u00a0<\/span>Questo metodo d\u2019interrogatorio era scientificamente infallibile e altamente praticato a quel tempo per stabilire la verit\u00e0.<\/span><\/span><\/p>\n<p class=\"MsoBodyText2\" style=\"justify;\"><span style=\"small;\"><span style=\"Times New Roman;\"><span style=\"yes;\">\u00a0\u00a0 <\/span>L\u2019unico essere al mondo che avrebbe potuto scagionare l\u2019innocente Paisse era un bellissimo cavallo, un purosangue pezzato dal pelo lungo e lucido, la muscolatura agile e possente, che neanche sottoposto alle pi\u00f9 atroci sevizie avrebbe tradito il padrone\u2026 e non solo per la mancanza della parola.<\/span><\/span><\/p>\n<p class=\"MsoBodyText2\" style=\"justify;\"><span style=\"small;\"><span style=\"Times New Roman;\"><span style=\"yes;\">\u00a0\u00a0 <\/span>Per sfortuna del Comandante, e per fortuna del destriero, considerato che era solo una bestia, fu risparmiato da tale barbarico sadismo.<\/span><\/span><\/p>\n<p class=\"MsoBodyText2\" style=\"justify;\"><span style=\"small;\"><span style=\"Times New Roman;\"><span style=\"yes;\">\u00a0 <\/span>Ma Krous era cos\u00ec intelligente che quando Paisse lo chiamava per nome o con un fischio lui rispondeva con un nitrito agitando la testa su e gi\u00f9 due o tre volte e scrollando la folta criniera a guisa di un cane che scodinzola alla vista del padrone amato.<\/span><\/span><\/p>\n<p class=\"MsoBodyText2\" style=\"justify;\"><span style=\"Times New Roman;\">\u00a0<\/span><\/p>\n<p class=\"MsoNormal\" style=\"justify;\"><span style=\"10.0pt;\"><span style=\"Times New Roman;\">\u00a0<\/span><\/span><span style=\"bold;\"><span style=\"Times New Roman;\">\u00a0<\/span><\/span><\/p>\n<p class=\"MsoBodyText2\" style=\"center;\" align=\"center\"><strong><span style=\"small;\"><span style=\"Times New Roman;\"><span style=\"italic;\">L\u2019antefatto dell<\/span>\u2019<span style=\"italic;\">antefatto<\/span><\/span><\/span><\/strong><\/p>\n<p class=\"MsoBodyText2\" style=\"justify;\"><span style=\"italic;\"><span style=\"Times New Roman;\">\u00a0<\/span><\/span><\/p>\n<p class=\"MsoBodyText2\" style=\"justify;\"><span style=\"small;\"><span style=\"Times New Roman;\"><span style=\"yes;\">\u00a0\u00a0 <\/span>Trascorsa qualche settimana la Corte Scaligera in due e due quattro archivi\u00f2 la pratica Paisse che, fungendo da capro espiatorio, lasci\u00f2 nell\u2019animo dei pi\u00f9 accesi rivoltosi un senso di imbarazzante disorientamento in quanto qualcuno degli stessi cominci\u00f2 ad insinuare la possibilit\u00e0 che Paisse avesse potuto veramente compiere un atto tanto vile che malelingue ben addestrate avevano iniziato a fatto circolare.<\/span><\/span><\/p>\n<p class=\"MsoBodyText2\" style=\"justify;\"><span style=\"small;\"><span style=\"Times New Roman;\"><span style=\"yes;\">\u00a0\u00a0 <\/span>Dopo la sommaria condanna, spicciata alla chetichella da un giudice prezzolato, infatti, fu sistematicamente messa in giro ad arte la voce che il Comandante, durante un acceso combattimento con dei briganti in un agguato notturno, fosse vigliaccamente fuggito defilandosi all\u2019interno dell\u2019oscura boscaglia e lasciando i suoi sottoposti alla merc\u00e8 dei banditi.<\/span><\/span><\/p>\n<p class=\"MsoBodyText2\" style=\"justify;\"><span style=\"small;\"><span style=\"Times New Roman;\"><span style=\"yes;\">\u00a0\u00a0 <\/span>Prova schiacciante e inconfutabile ne era l\u2019armatura di Paisse ritrovata abbandonata e ben nascosta dietro un folto cespuglio.<\/span><\/span><\/p>\n<p class=\"MsoBodyText2\" style=\"justify;\"><span style=\"Times New Roman;\">Secondo un contadino di passaggio, che a suo dire era stato involontario testimone dell\u2019intera scena, il Comandante si sarebbe liberato dell\u2019armatura per fuggire pi\u00f9 agiatamente in mezzo ai rovi.. <\/span><\/p>\n<p class=\"MsoBodyText2\" style=\"justify;\"><span style=\"small;\"><span style=\"Times New Roman;\"><span style=\"yes;\">\u00a0\u00a0 <\/span>La vicenda era stata minuziosamente descritta in un\u2019anonima lettera ritrovata all\u2019alba dell\u2019accaduto dalle guardie di corte nella famigerata bocca di un leone di pietra, l\u2019unico riconosciuto detentore, allora, di inappellabile giustizia.<\/span><\/span><\/p>\n<p class=\"MsoBodyText2\" style=\"justify;\"><span style=\"small;\"><span style=\"Times New Roman;\"><span style=\"yes;\">\u00a0\u00a0 <\/span>Di certo fu che ebbe pi\u00f9 peso quella denuncia, scritta in ottima calligrafia da un contadino senza nome ma con occhi di falco che vagava per l\u2019inospitale bosco sul far della notte, che la parola del valoroso combattente.<\/span><\/span><\/p>\n<p class=\"MsoBodyText2\" style=\"justify;\"><span style=\"small;\"><span style=\"Times New Roman;\"><span style=\"yes;\">\u00a0\u00a0 <\/span>Dei soldati a servizio del Comandante non fu pi\u00f9 trovata traccia e qualcuno mormor\u00f2 che la sera dell\u2019episodio fossero stati visti a bere in una locanda per festeggiare la licenza premio prima del loro trasferimento in un altro possedimento della Signoria Veronese.<span style=\"yes;\">\u00a0 <\/span><br \/>\nGiunto il giorno dell\u2019esecuzione alcune guardie di corte mimetizzate tra la gente comune al passaggio del condannato proferirono insulti e accuse di vigliaccheria e la folla cominci\u00f2 a dividersi tra colpevolisti ed innocentisti.<\/span><\/span><\/p>\n<p class=\"MsoBodyText2\" style=\"justify;\"><span style=\"small;\"><span style=\"Times New Roman;\"><span style=\"yes;\">\u00a0\u00a0 <\/span>Per l\u2019occasione fu allestito un baldacchino di legno alto pi\u00f9 di dieci metri, al quale fu affissa un\u2019enorme scala a pioli per potervi salire in cima e che, da quell\u2019infausto giorno, divenne il simbolo della Signoria Veronese in segno di alterit\u00e0 e potenza.<\/span><\/span><\/p>\n<p class=\"MsoBodyText2\" style=\"justify;\"><span style=\"small;\"><span style=\"Times New Roman;\"><span style=\"yes;\">\u00a0\u00a0 <\/span>La base del baldacchino fu ben consolidata sul terrazzamento del Cavaliere di S. Giuseppe sopraelevato rispetto agli orecchioni.<\/span><\/span><\/p>\n<p class=\"MsoBodyText2\" style=\"justify;\"><span style=\"small;\"><span style=\"Times New Roman;\"><span style=\"yes;\">\u00a0\u00a0 <\/span>La Corte Scaligera, all\u2019alba, si accomod\u00f2 sul trono riposto sul baldacchino e da quella posizione panoramica si prepar\u00f2 ad assistere l\u2019esecuzione.<\/span><\/span><\/p>\n<p class=\"MsoBodyText2\" style=\"justify;\"><span style=\"small;\"><span style=\"Times New Roman;\"><span style=\"yes;\">\u00a0<\/span>Per testimoniare il profondo disprezzo per il condannato a morte, Cangrande Secondo ostentava noia e sonnolenza alternando qualche lancio di ossa ai possenti mastini con qualche plateale sbadiglio.<\/span><\/span><\/p>\n<p class=\"MsoBodyText2\" style=\"justify;\"><span style=\"small;\"><span style=\"Times New Roman;\"><span style=\"yes;\">\u00a0\u00a0 <\/span>Per umiliare ancora di pi\u00f9 Paisse ed essere quindi di monito alle truppe fu allestito all\u2019interno dell\u2019orecchione sinistro del bastione di S. Spirito un palco sul quale fu montata la forca: un patibolo di legno a forma di grossa fionda.<\/span><\/span><\/p>\n<p class=\"MsoBodyText2\" style=\"justify;\"><span style=\"small;\"><span style=\"Times New Roman;\"><span style=\"yes;\">\u00a0\u00a0 <\/span>Quella piazza militare, infatti, era il luogo dove in tempo di guerra si radunavano cavalli e cavalieri pronti a varcare la porta di sortita, ad un cenno dello stesso Comandante Paisse sferrando in tal modo un inaspettato contrattacco al nemico che avanzava.<\/span><\/span><\/p>\n<p class=\"MsoBodyText2\" style=\"justify;\"><span style=\"small;\"><span style=\"Times New Roman;\"><span style=\"yes;\">\u00a0\u00a0 <\/span>Krous, in quelle occasioni, era sempre il primo destriero ad uscire e a guidare le azioni di battaglia scalpitando con gli zoccoli sul duro legno del ponte levatoio, che calando apriva la bocca della porta, in fremente attesa dell\u2019ordine del padrone; ma il destino gli aveva riservato una fine poco dignitosa per un cavallo della sua razza e solo per la sua innocuit\u00e0 gli venne risparmiata la vita e mandato nelle stalle di corte come stallone da riproduzione e pi\u00f9 raramente per sfilare in qualche corteo pubblico con un vivace pennacchio gialloblu sulla fronte.<\/span><\/span><\/p>\n<p class=\"MsoBodyText2\" style=\"justify;\"><span style=\"Times New Roman;\">\u00a0<\/span><\/p>\n<p class=\"MsoBodyText2\" style=\"justify;\"><span style=\"Times New Roman;\">\u00a0<\/span><\/p>\n<p class=\"MsoBodyText2\" style=\"center;\" align=\"center\"><strong><span style=\"small;\"><span style=\"Times New Roman;\">L\u2019antefatto<\/span><\/span><\/strong><\/p>\n<p class=\"MsoBodyText2\" style=\"justify;\"><strong><span style=\"Times New Roman;\">\u00a0<\/span><\/strong><\/p>\n<p class=\"MsoBodyText2\" style=\"justify;\"><span style=\"Times New Roman;\">Ad impiccagione avvenuta, il boia si affrett\u00f2 a togliere l\u2019inerme corpo del condannato, ancora dondolante, mentre la testa invece restava ben bloccata nell\u2019angolo della forca in quanto il bel Comandante non ne voleva proprio sapere di morire cos\u00ec ingiustamente e dovette il boia stesso aggrapparsi di forza alle gambe del moribondo per dare l\u2019ultimo il colpo di grazia.<\/span><\/p>\n<p class=\"MsoBodyText2\" style=\"justify;\"><span style=\"small;\"><span style=\"Times New Roman;\"><span style=\"yes;\">\u00a0\u00a0 <\/span>Poi il defunto fu riposto sbrigativamente in un\u2019umile bara di legno grezzo, caricata su un carro senza molta cura e portata via di fretta.<\/span><\/span><\/p>\n<p class=\"MsoBodyText2\" style=\"justify;\"><span style=\"small;\"><span style=\"Times New Roman;\"><span style=\"yes;\">\u00a0\u00a0 <\/span>All\u2019ultimo straziante grido, soffocato nella gola del Comandante, accadde qualcosa di inspiegabile.<\/span><\/span><\/p>\n<p class=\"MsoBodyText2\" style=\"justify;\"><span style=\"small;\"><span style=\"Times New Roman;\"><span style=\"yes;\">\u00a0<\/span>Durante l\u2019intero tragitto, che collega l\u2019orecchione con la poterna, le ruote di legno dell\u2019improvvisato carro funebre, che solitamente sbattevano rumorosamente sul duro acciottolato, divennero silenziose come piume e il lento risveglio della natura delle prime luci dell\u2019alba di colpo ammutol\u00ec: i passeri smisero di cinguettare, la leggera brezza mattutina si plac\u00f2 e il buio, per un attimo, ritorn\u00f2 sovrano.<\/span><\/span><\/p>\n<p class=\"MsoBodyText2\" style=\"justify;\"><span style=\"small;\"><span style=\"Times New Roman;\"><span style=\"yes;\">\u00a0\u00a0 <\/span>Al passaggio del povero feretro, per qualche interminabile istante, domin\u00f2 un assoluto silenzio accompagnato da un profondo senso di angoscia e cordoglio.<\/span><\/span><\/p>\n<p class=\"MsoBodyText2\" style=\"justify;\"><span style=\"Times New Roman;\">\u00a0<\/span><\/p>\n<p class=\"MsoNormal\" style=\"justify;\"><span style=\"10.0pt;\"><span style=\"Times New Roman;\">\u00a0<\/span><\/span><\/p>\n<p class=\"MsoBodyText2\" style=\"center;\" align=\"center\"><strong><span style=\"small;\"><span style=\"Times New Roman;\">E l\u2019armatura?<\/span><\/span><\/strong><\/p>\n<p class=\"MsoBodyText2\" style=\"justify;\"><span style=\"bold;\"><span style=\"Times New Roman;\">\u00a0<\/span><\/span><\/p>\n<p class=\"MsoBodyText2\" style=\"justify;\"><span style=\"Times New Roman;\">Qualche tempo dopo l\u2019esecuzione qualcuno raccolse la voce che l\u2019armatura del Comandante, una volta rinvenuta nella boscaglia, fosse stata fusa e dalla sua colata fossero stati fabbricati dei lunghi chiodi da legno di modico valore che uno scaltro mercante avrebbe acquistato in un lotto unico e rivenduto, poi, ad un prezzo raddoppiato.<\/span><\/p>\n<p class=\"MsoBodyText2\" style=\"justify;\"><span style=\"Times New Roman;\">Dal guadagno ottenuto avrebbe in seguito avviato una fortunata attivit\u00e0 di forgiatura di spade e spadoni.<\/span><\/p>\n<p class=\"MsoBodyText2\" style=\"justify;\"><span style=\"Times New Roman;\">\u00a0<\/span><\/p>\n<p class=\"MsoBodyText2\" style=\"justify;\"><span style=\"Times New Roman;\">\u00a0<\/span><span style=\"Times New Roman;\">\u00a0<\/span><\/p>\n<p class=\"MsoBodyText2\" style=\"center;\" align=\"center\"><strong><span style=\"italic;\"><span style=\"small;\"><span style=\"Times New Roman;\">Un curioso accidente<\/span><\/span><\/span><\/strong><\/p>\n<p class=\"MsoBodyText2\" style=\"justify;\"><span style=\"Times New Roman;\">\u00a0<\/span><\/p>\n<p class=\"MsoBodyText2\" style=\"justify;\"><span style=\"small;\"><span style=\"Times New Roman;\"><span style=\"yes;\">\u00a0\u00a0 <\/span>Il 3 aprile dell\u2019anno successivo, il 1313 d.C., durante una fresca giornata primaverile, accadde una cosa alquanto insolita, come un noto archivista del nostro secolo ebbe modo di scoprire in seguito ad accurate indagini.<\/span><\/span><\/p>\n<p class=\"MsoBodyText2\" style=\"justify;\"><span style=\"small;\"><span style=\"Times New Roman;\"><span style=\"yes;\">\u00a0\u00a0 <\/span>Il racconto, dell\u2019inconsueto episodio, fu ben presto censurato dalle autorit\u00e0 giudiziarie su ordine dalla Signoria Veronese la quale impose multe salate a chi, <em>bontempon sfaccend\u00e0,<\/em> avesse messo in giro <em>busie e<\/em><span style=\"italic;\"> <\/span><em>fandonie<\/em> per mettere in ridicolo la corte.<\/span><\/span><\/p>\n<p class=\"MsoBodyText2\" style=\"justify;\"><span style=\"small;\"><span style=\"Times New Roman;\"><span style=\"yes;\">\u00a0\u00a0 <\/span>Durante una parata, lungo la via principale che collega l\u2019attuale Piazza Bra con Piazza Erbe, Krous, che era alla guida del corteo, malgrado avesse il muso coperto da un robusto paraocchi di cuoio all\u2019improvviso s\u2019impenn\u00f2 e cominci\u00f2 a nitrire freneticamente creando scompiglio tra la folla impaurita.<\/span><\/span><\/p>\n<p class=\"MsoBodyText2\" style=\"justify;\"><span style=\"small;\"><span style=\"Times New Roman;\"><span style=\"yes;\">\u00a0\u00a0 <\/span>Qualcuno giur\u00f2 che si fosse imbizzarrito proprio davanti ad un\u2019armatura posta all\u2019inizio di un vicolo chiuso che tagliava a met\u00e0 la via.<\/span><\/span><\/p>\n<p class=\"MsoBodyText2\" style=\"justify;\"><span style=\"small;\"><span style=\"Times New Roman;\"><span style=\"yes;\">\u00a0\u00a0 <\/span>Ci vollero sei soldati e due grosse corde da imbarcazione per domare la furia dello stallone e riportarlo all\u2019ordine.<\/span><\/span><\/p>\n<p class=\"MsoBodyText2\" style=\"justify;\"><span style=\"small;\"><span style=\"Times New Roman;\"><span style=\"yes;\">\u00a0\u00a0 <\/span>Da quel giorno Krous si rifiut\u00f2 di mangiare e lentamente deper\u00ec sino a quando lo stalliere di corte lo dovette abbattere per porre fine alla lenta agonia.<\/span><\/span><\/p>\n<p class=\"MsoBodyText2\" style=\"justify;\"><span style=\"small;\"><span style=\"Times New Roman;\"><span style=\"yes;\">\u00a0\u00a0 <\/span>Le cronache del tempo raccontano anche che quell\u2019armatura doveva essere sicuramente appartenuta al Comandante Paisse e prova ne era un inconfondibile ammaccatura dietro la spalla destra che l\u2019impavido cavaliere biondo si era procurato durante un palio militare e dove, ancora una volta, aveva dato foggia del suo valore.<\/span><\/span><\/p>\n<p class=\"MsoBodyText2\" style=\"justify;\"><span style=\"Times New Roman;\">\u00a0<\/span><\/p>\n<p class=\"MsoBodyText2\" style=\"justify;\"><span style=\"Times New Roman;\">\u00a0<\/span><\/p>\n<p class=\"MsoBodyText2\" style=\"center;\" align=\"center\"><strong><span style=\"small;\"><span style=\"Times New Roman;\"><span style=\"italic;\">L\u2019inevitabile epilogo<\/span><\/span><\/span><\/strong><\/p>\n<p class=\"MsoBodyText2\" style=\"justify;\"><span style=\"Times New Roman;\">\u00a0<\/span><\/p>\n<p class=\"MsoBodyText2\" style=\"justify;\"><span style=\"small;\"><span style=\"Times New Roman;\"><span style=\"yes;\">\u00a0\u00a0 <\/span>L\u2019armatura, anche per non dare credito all\u2019accaduto, su ordine dei Signori di Verona rimase l\u00ec, nello stesso punto, sino ai giorni nostri e probabilmente presso il negozio degli stessi discendenti di quell\u2019abile commerciante che avvi\u00f2 la fortunata attivit\u00e0 di forgiatura di spade e spadoni.<\/span><\/span><\/p>\n<p class=\"MsoBodyText2\" style=\"justify;\"><span style=\"italic;\"><span style=\"Times New Roman;\">\u00a0<\/span><\/span><\/p>\n<p class=\"MsoBodyText2\" style=\"center;\" align=\"center\"><strong><span style=\"italic;\"><span style=\"small;\"><span style=\"Times New Roman;\">L\u2019epilogo dell\u2019epilogo<\/span><\/span><\/span><\/strong><\/p>\n<p class=\"MsoBodyText2\" style=\"justify;\"><span style=\"bold;\"><span style=\"Times New Roman;\">\u00a0<\/span><\/span><\/p>\n<p class=\"MsoBodyText2\" style=\"justify;\"><span style=\"small;\"><span style=\"Times New Roman;\"><span style=\"yes;\">\u00a0\u00a0 <\/span>Io, quell\u2019armatura, me la ricordo ancora, quando da piccolo, intorno agli anni 1975\/80, passeggiando lungo Via Mazzini, e vedendola, fantasticavo ad occhi aperti sulle eroiche avventure del Comandante Paisse che qualcuno, forse, mi doveva avere raccontato o che pi\u00f9 probabilmente m\u2019inventavo da solo.<\/span><\/span><\/p>\n<p class=\"MsoBodyText2\" style=\"justify;\"><span style=\"Times New Roman;\">\u00a0<\/span><span style=\"Times New Roman;\">\u00a0<\/span><\/p>\n<p class=\"MsoBodyText2\" style=\"center;\" align=\"center\"><strong><span style=\"small;\"><span style=\"Times New Roman;\">La fine<\/span><\/span><\/strong><\/p>\n<p class=\"MsoBodyText2\" style=\"justify;\"><strong><span style=\"Times New Roman;\">\u00a0<\/span><\/strong><\/p>\n<p class=\"MsoBodyText2\" style=\"justify;\"><span style=\"small;\"><span style=\"Times New Roman;\"><span style=\"yes;\">\u00a0\u00a0 <\/span>Una cosa \u00e8 certa: oggi l\u2019armatura e la mia infanzia non ci sono pi\u00f9 e al loro posto, invece, \u00e8 rimasto l\u2019ingresso di un locale dove il Mercoled\u00ec sera suonano musica dal vivo e chiss\u00e0 che non sia proprio quella stessa musica che tanto amava cantare, arrivando al galoppo sul fido Krous, il valoroso Comandante Fabio Paisse o per gli amici <em>el bel Fabieto.<\/em><\/span><\/span><\/p>\n<div><span style=\"font-size: x-small; font-family: Verdana;\">\u00a0<\/span><\/div>\n<p><span style=\"font-size: x-small; font-family: Verdana;\">\u00a0<\/p>\n<p><\/span><\/span><\/p>\n<div class=\"pvc_clear\"><\/div>\n<p id=\"pvc_stats_2708\" class=\"pvc_stats all  \" data-element-id=\"2708\" style=\"\"><i class=\"pvc-stats-icon medium\" aria-hidden=\"true\"><svg aria-hidden=\"true\" focusable=\"false\" data-prefix=\"far\" data-icon=\"chart-bar\" role=\"img\" xmlns=\"http:\/\/www.w3.org\/2000\/svg\" viewBox=\"0 0 512 512\" class=\"svg-inline--fa fa-chart-bar fa-w-16 fa-2x\"><path fill=\"currentColor\" d=\"M396.8 352h22.4c6.4 0 12.8-6.4 12.8-12.8V108.8c0-6.4-6.4-12.8-12.8-12.8h-22.4c-6.4 0-12.8 6.4-12.8 12.8v230.4c0 6.4 6.4 12.8 12.8 12.8zm-192 0h22.4c6.4 0 12.8-6.4 12.8-12.8V140.8c0-6.4-6.4-12.8-12.8-12.8h-22.4c-6.4 0-12.8 6.4-12.8 12.8v198.4c0 6.4 6.4 12.8 12.8 12.8zm96 0h22.4c6.4 0 12.8-6.4 12.8-12.8V204.8c0-6.4-6.4-12.8-12.8-12.8h-22.4c-6.4 0-12.8 6.4-12.8 12.8v134.4c0 6.4 6.4 12.8 12.8 12.8zM496 400H48V80c0-8.84-7.16-16-16-16H16C7.16 64 0 71.16 0 80v336c0 17.67 14.33 32 32 32h464c8.84 0 16-7.16 16-16v-16c0-8.84-7.16-16-16-16zm-387.2-48h22.4c6.4 0 12.8-6.4 12.8-12.8v-70.4c0-6.4-6.4-12.8-12.8-12.8h-22.4c-6.4 0-12.8 6.4-12.8 12.8v70.4c0 6.4 6.4 12.8 12.8 12.8z\" class=\"\"><\/path><\/svg><\/i> <img loading=\"lazy\" decoding=\"async\" width=\"16\" height=\"16\" alt=\"Loading\" src=\"https:\/\/www.raccontinellarete.it\/301\/wp-content\/plugins\/page-views-count\/ajax-loader-2x.gif\" border=0 \/><\/p>\n<div class=\"pvc_clear\"><\/div>\n","protected":false},"excerpt":{"rendered":"<p>\u00a0\u00a0\u00a0\u00a0\u00a0\u00a0\u00a0\u00a0\u00a0\u00a0\u00a0\u00a0\u00a0\u00a0\u00a0\u00a0\u00a0\u00a0\u00a0\u00a0\u00a0\u00a0\u00a0\u00a0\u00a0\u00a0\u00a0\u00a0\u00a0\u00a0\u00a0\u00a0\u00a0\u00a0\u00a0\u00a0\u00a0\u00a0\u00a0\u00a0\u00a0\u00a0 \u00a0\u00a0\u00a0\u00a0\u00a0\u00a0\u00a0\u00a0\u00a0\u00a0\u00a0\u00a0\u00a0\u00a0\u00a0\u00a0\u00a0\u00a0\u00a0\u00a0\u00a0\u00a0\u00a0\u00a0\u00a0\u00a0\u00a0\u00a0\u00a0\u00a0\u00a0\u00a0\u00a0\u00a0\u00a0\u00a0Il doveroso preambolo del preambolo \u00a0 In questo racconto vi sono delle forti incongruenze storiche (vengono descritte parti veneziane della cinta magistrale di Verona, edificate intorno al 1500, e parti di muro alla Carnot del periodo austriaco (1800), mentre la storia si svolge intorno al 1300 alla corte degli Scaligeri). Vicende reali, quindi, sono [&hellip;]<\/p>\n<div class=\"pvc_clear\"><\/div>\n<p id=\"pvc_stats_2708\" class=\"pvc_stats all  \" data-element-id=\"2708\" style=\"\"><i class=\"pvc-stats-icon medium\" aria-hidden=\"true\"><svg aria-hidden=\"true\" focusable=\"false\" data-prefix=\"far\" data-icon=\"chart-bar\" role=\"img\" xmlns=\"http:\/\/www.w3.org\/2000\/svg\" viewBox=\"0 0 512 512\" class=\"svg-inline--fa fa-chart-bar fa-w-16 fa-2x\"><path fill=\"currentColor\" d=\"M396.8 352h22.4c6.4 0 12.8-6.4 12.8-12.8V108.8c0-6.4-6.4-12.8-12.8-12.8h-22.4c-6.4 0-12.8 6.4-12.8 12.8v230.4c0 6.4 6.4 12.8 12.8 12.8zm-192 0h22.4c6.4 0 12.8-6.4 12.8-12.8V140.8c0-6.4-6.4-12.8-12.8-12.8h-22.4c-6.4 0-12.8 6.4-12.8 12.8v198.4c0 6.4 6.4 12.8 12.8 12.8zm96 0h22.4c6.4 0 12.8-6.4 12.8-12.8V204.8c0-6.4-6.4-12.8-12.8-12.8h-22.4c-6.4 0-12.8 6.4-12.8 12.8v134.4c0 6.4 6.4 12.8 12.8 12.8zM496 400H48V80c0-8.84-7.16-16-16-16H16C7.16 64 0 71.16 0 80v336c0 17.67 14.33 32 32 32h464c8.84 0 16-7.16 16-16v-16c0-8.84-7.16-16-16-16zm-387.2-48h22.4c6.4 0 12.8-6.4 12.8-12.8v-70.4c0-6.4-6.4-12.8-12.8-12.8h-22.4c-6.4 0-12.8 6.4-12.8 12.8v70.4c0 6.4 6.4 12.8 12.8 12.8z\" class=\"\"><\/path><\/svg><\/i> <img loading=\"lazy\" decoding=\"async\" width=\"16\" height=\"16\" alt=\"Loading\" src=\"https:\/\/www.raccontinellarete.it\/301\/wp-content\/plugins\/page-views-count\/ajax-loader-2x.gif\" border=0 \/><\/p>\n<div class=\"pvc_clear\"><\/div>\n","protected":false},"author":715,"featured_media":0,"comment_status":"open","ping_status":"closed","sticky":false,"template":"","format":"standard","meta":{"footnotes":""},"categories":[9],"tags":[],"class_list":["post-2708","post","type-post","status-publish","format-standard","hentry","category-racconti-2010"],"_links":{"self":[{"href":"https:\/\/www.raccontinellarete.it\/index.php?rest_route=\/wp\/v2\/posts\/2708"}],"collection":[{"href":"https:\/\/www.raccontinellarete.it\/index.php?rest_route=\/wp\/v2\/posts"}],"about":[{"href":"https:\/\/www.raccontinellarete.it\/index.php?rest_route=\/wp\/v2\/types\/post"}],"author":[{"embeddable":true,"href":"https:\/\/www.raccontinellarete.it\/index.php?rest_route=\/wp\/v2\/users\/715"}],"replies":[{"embeddable":true,"href":"https:\/\/www.raccontinellarete.it\/index.php?rest_route=%2Fwp%2Fv2%2Fcomments&post=2708"}],"version-history":[{"count":0,"href":"https:\/\/www.raccontinellarete.it\/index.php?rest_route=\/wp\/v2\/posts\/2708\/revisions"}],"wp:attachment":[{"href":"https:\/\/www.raccontinellarete.it\/index.php?rest_route=%2Fwp%2Fv2%2Fmedia&parent=2708"}],"wp:term":[{"taxonomy":"category","embeddable":true,"href":"https:\/\/www.raccontinellarete.it\/index.php?rest_route=%2Fwp%2Fv2%2Fcategories&post=2708"},{"taxonomy":"post_tag","embeddable":true,"href":"https:\/\/www.raccontinellarete.it\/index.php?rest_route=%2Fwp%2Fv2%2Ftags&post=2708"}],"curies":[{"name":"wp","href":"https:\/\/api.w.org\/{rel}","templated":true}]}}