{"id":27000,"date":"2016-04-14T16:26:35","date_gmt":"2016-04-14T15:26:35","guid":{"rendered":"http:\/\/www.raccontinellarete.it\/?p=27000"},"modified":"2016-04-14T16:33:14","modified_gmt":"2016-04-14T15:33:14","slug":"a-lucca-andrea-vitali-presenta-la-verita-della-suora-storta-sabato-16-aprile-alla-biblioteca-agora","status":"publish","type":"post","link":"https:\/\/www.raccontinellarete.it\/?p=27000","title":{"rendered":"Lucca &#8211; Andrea Vitali presenta &#8220;La verit\u00e0 della suora storta&#8221;. Sabato 16 aprile alla Biblioteca Agor\u00e0."},"content":{"rendered":"<p style=\"text-align: justify;\"><em><a href=\"https:\/\/www.raccontinellarete.it\/?attachment_id=27001\" rel=\"attachment wp-att-27001\"><img loading=\"lazy\" decoding=\"async\" class=\"alignleft size-medium wp-image-27001\" src=\"https:\/\/www.raccontinellarete.it\/301\/wp-content\/uploads\/2016\/04\/Invito-VItali-Copia-344x169.jpg\" alt=\"Invito VItali - Copia\" width=\"344\" height=\"169\" \/><\/a><\/em><\/p>\n<p style=\"text-align: justify;\"><span style=\"font-family: Arial;\"><strong>Sabato 16 aprile\u00a0 alle ore 18 presso la Biblioteca Agor\u00e0 in piazza dei Servi a Lucca <\/strong>\u00e8 in programma la presentazione del libro\u00a0 &#8220;<strong>LA VERITA\u2019 DELLA SUORA STORTA<\/strong>&#8221;\u00a0 di <strong>ANDREA VITALI<\/strong> (Garzanti).\u00a0 Interviene l&#8217;autore. <\/span><\/p>\n<div style=\"text-align: justify;\" align=\"justify\"><span style=\"font-family: Arial;\">L\u2019incontro, condotto da Demetrio Brandi ed Elena Marchini , \u00e8 organizzato dalla Biblioteca Agor\u00e0 di Lucca e da LuccAutori &#8211; Premio Racconti nella Rete.\u00a0 Ingresso libero. <\/span><\/div>\n<div style=\"text-align: justify;\" align=\"justify\"><\/div>\n<div style=\"text-align: justify;\" align=\"justify\"><span style=\"font-family: Arial;\"><br \/>\nSanto Sisto ha la manualit\u00e0 e la fantasia giuste del meccanico di rango. Da ragazzo ha riparato perfino una Peugeot 403 senza fare una piega, lasciando a bocca aperta il Sact\u00f2n, il suo capo officina che i diesel manco li conosceva. Per\u00f2 adesso fa il tassista. Si \u00e8 comprato una Millenove e aspetta i clienti alla stazione ferroviaria di Bellano. Pochi. Arrivano da Sondrio o da Lecco e Milano, e vanno in visita all\u2019ospedale o su al cimitero. Oggi gli \u00e8 capitato un fattaccio. Una donna \u00e8 arrivata dopopranzo, poco prima che dalla radiolina che tiene in macchina partisse la sigla di <i>Tutto il calcio minuto per minuto<\/i>. Non che fosse importante: ultima giornata; campionato 1970 gi\u00e0 bell\u2019e andato al Cagliari, per\u00f2\u2026 Gli ha chiesto di essere portata al cimitero, che non sa nemmeno dov\u2019\u00e8. Ma poi, arrivati l\u00e0, il Sisto si \u00e8 accorto che la donna era morta. Proprio l\u00ec, sul sedile posteriore della Millenove, macchiandolo pure di urina. Un guaio mica da ridere. Da tirare in ballo il maresciallo Pezzati. Anche perch\u00e9 la donna \u00e8 senza borsetta e non si riesce a capire chi sia, n\u00e9 chi stesse cercando al cimitero di Bellano in quel pomeriggio di fine aprile<span style=\"color: #000000;\">.<\/span><\/span><\/div>\n<div style=\"text-align: justify;\" align=\"justify\"><span style=\"font-family: Arial;\"><span style=\"text-align: left;\"><b style=\"text-align: left;\"><br \/>\nAndrea Vitali <\/b><\/span><span style=\"text-align: left;\">\u00e8 nato a Bellano, sul lago di Como, nel 1956. Medico di professione, ha coltivato da sempre la passione per la scrittura. Il suo esordio \u00e8 il romanzo <\/span><span style=\"text-align: left;\"><i style=\"text-align: left;\">Il procuratore<\/i><\/span><span style=\"text-align: left;\"> (1990); con <\/span><span style=\"text-align: left; face: 'Calibri,;\"><span style=\"text-align: left; size: 2;\"><i>L\u2019ombra di Marinetti<\/i><\/span><\/span><span style=\"text-align: left; face: 'Calibri,;\"><span style=\"text-align: left; size: 2;\"> ha vinto nel 1996 il premio letterario \u201c<\/span><\/span><span style=\"text-align: left; face: 'Calibri,;\"><span style=\"text-align: left; size: 2;\">Piero Chiara\u201d<\/span><\/span><span style=\"text-align: left;\">. Approdato alla Garzanti nel 2003 con <\/span><span style=\"text-align: left; face: 'Calibri,;\"><span style=\"text-align: left; size: 2;\"><i>Una finestra vista lago<\/i><\/span><\/span><span style=\"text-align: left; face: 'Calibri,;\"><span style=\"text-align: left; size: 2;\">, ha continuato a riscuotere ampio consenso di pubblico e di critica con i romanzi che si sono succeduti, costante presenza nelle classifiche dei libri pi\u00f9 venduti, ottenendo i maggiori premi letterari italiani. Con Massimo Picozzi ha pubblicato <\/span><\/span><span style=\"text-align: left;\"><i style=\"text-align: left;\">La ruga del cretino<\/i><\/span><span style=\"text-align: left; face: 'Calibri,;\"><span style=\"text-align: left; size: 2;\"><span style=\"text-align: left;\">.<\/span><\/span><\/span><\/span><\/div>\n<div style=\"text-align: justify;\" align=\"justify\"><\/div>\n<div style=\"text-align: justify;\" align=\"justify\"><b><span style=\"font-family: Arial;\"><br \/>Un misterioso intreccio di presente e di passato, un cast di personaggi esilaranti<\/span><\/b><\/div>\n<p style=\"text-align: justify;\"><span style=\"font-family: Arial;\"><span style=\"text-align: left; size: 3;\"><strong style=\"text-align: left;\"><span style=\"text-align: left;\">\u00ab<\/span><\/strong><\/span><span style=\"size: 3;\"><span lang=\"\"><b>Che devo dirvi? Ho finito le parole per raccontare quanto \u00e8 bravo Andrea Vitali.\u00bb\u00a0\u00a0\u00a0\u00a0 <\/b><\/span><\/span><span style=\"size: 3;\"><span lang=\"\"><b>Antonio D\u2019Orrico<\/b><\/span><\/span><span style=\"size: 3;\"><span lang=\"\">, <\/span><\/span><span lang=\"\"><i>Corriere della Sera<\/i><\/span><\/span><\/p>\n<p style=\"text-align: justify;\"><span style=\"font-family: Arial;\"><strong>\u00abAndrea Vitali non perde un colpo e ogni nuovo libro finisce in classifica\u00bb<\/strong><em>\u00a0\u00a0 <\/em><span style=\"size: 3;\"><em>Repubblica<\/em><\/span><\/span><\/p>\n<p>LuccAutori<\/p>\n<p>Premio Racconti nella Rete \u00a0\u00a0<a href=\"https:\/\/www.raccontinellarete.it\">www.raccontinellarete.it\u00a0<\/a><\/p>\n<div class=\"pvc_clear\"><\/div>\n<p id=\"pvc_stats_27000\" class=\"pvc_stats all  \" data-element-id=\"27000\" style=\"\"><i class=\"pvc-stats-icon medium\" aria-hidden=\"true\"><svg aria-hidden=\"true\" focusable=\"false\" data-prefix=\"far\" data-icon=\"chart-bar\" role=\"img\" xmlns=\"http:\/\/www.w3.org\/2000\/svg\" viewBox=\"0 0 512 512\" class=\"svg-inline--fa fa-chart-bar fa-w-16 fa-2x\"><path fill=\"currentColor\" d=\"M396.8 352h22.4c6.4 0 12.8-6.4 12.8-12.8V108.8c0-6.4-6.4-12.8-12.8-12.8h-22.4c-6.4 0-12.8 6.4-12.8 12.8v230.4c0 6.4 6.4 12.8 12.8 12.8zm-192 0h22.4c6.4 0 12.8-6.4 12.8-12.8V140.8c0-6.4-6.4-12.8-12.8-12.8h-22.4c-6.4 0-12.8 6.4-12.8 12.8v198.4c0 6.4 6.4 12.8 12.8 12.8zm96 0h22.4c6.4 0 12.8-6.4 12.8-12.8V204.8c0-6.4-6.4-12.8-12.8-12.8h-22.4c-6.4 0-12.8 6.4-12.8 12.8v134.4c0 6.4 6.4 12.8 12.8 12.8zM496 400H48V80c0-8.84-7.16-16-16-16H16C7.16 64 0 71.16 0 80v336c0 17.67 14.33 32 32 32h464c8.84 0 16-7.16 16-16v-16c0-8.84-7.16-16-16-16zm-387.2-48h22.4c6.4 0 12.8-6.4 12.8-12.8v-70.4c0-6.4-6.4-12.8-12.8-12.8h-22.4c-6.4 0-12.8 6.4-12.8 12.8v70.4c0 6.4 6.4 12.8 12.8 12.8z\" class=\"\"><\/path><\/svg><\/i> <img loading=\"lazy\" decoding=\"async\" width=\"16\" height=\"16\" alt=\"Loading\" src=\"https:\/\/www.raccontinellarete.it\/301\/wp-content\/plugins\/page-views-count\/ajax-loader-2x.gif\" border=0 \/><\/p>\n<div class=\"pvc_clear\"><\/div>\n","protected":false},"excerpt":{"rendered":"<p>Sabato 16 aprile\u00a0 alle ore 18 presso la Biblioteca Agor\u00e0 in piazza dei Servi a Lucca \u00e8 in programma la presentazione del libro\u00a0 &#8220;LA VERITA\u2019 DELLA SUORA STORTA&#8221;\u00a0 di ANDREA VITALI (Garzanti).\u00a0 Interviene l&#8217;autore. L\u2019incontro, condotto da Demetrio Brandi ed Elena Marchini , \u00e8 organizzato dalla Biblioteca Agor\u00e0 di Lucca e da LuccAutori &#8211; Premio [&hellip;]<\/p>\n<div class=\"pvc_clear\"><\/div>\n<p id=\"pvc_stats_27000\" class=\"pvc_stats all  \" data-element-id=\"27000\" style=\"\"><i class=\"pvc-stats-icon medium\" aria-hidden=\"true\"><svg aria-hidden=\"true\" focusable=\"false\" data-prefix=\"far\" data-icon=\"chart-bar\" role=\"img\" xmlns=\"http:\/\/www.w3.org\/2000\/svg\" viewBox=\"0 0 512 512\" class=\"svg-inline--fa fa-chart-bar fa-w-16 fa-2x\"><path fill=\"currentColor\" d=\"M396.8 352h22.4c6.4 0 12.8-6.4 12.8-12.8V108.8c0-6.4-6.4-12.8-12.8-12.8h-22.4c-6.4 0-12.8 6.4-12.8 12.8v230.4c0 6.4 6.4 12.8 12.8 12.8zm-192 0h22.4c6.4 0 12.8-6.4 12.8-12.8V140.8c0-6.4-6.4-12.8-12.8-12.8h-22.4c-6.4 0-12.8 6.4-12.8 12.8v198.4c0 6.4 6.4 12.8 12.8 12.8zm96 0h22.4c6.4 0 12.8-6.4 12.8-12.8V204.8c0-6.4-6.4-12.8-12.8-12.8h-22.4c-6.4 0-12.8 6.4-12.8 12.8v134.4c0 6.4 6.4 12.8 12.8 12.8zM496 400H48V80c0-8.84-7.16-16-16-16H16C7.16 64 0 71.16 0 80v336c0 17.67 14.33 32 32 32h464c8.84 0 16-7.16 16-16v-16c0-8.84-7.16-16-16-16zm-387.2-48h22.4c6.4 0 12.8-6.4 12.8-12.8v-70.4c0-6.4-6.4-12.8-12.8-12.8h-22.4c-6.4 0-12.8 6.4-12.8 12.8v70.4c0 6.4 6.4 12.8 12.8 12.8z\" class=\"\"><\/path><\/svg><\/i> <img loading=\"lazy\" decoding=\"async\" width=\"16\" height=\"16\" alt=\"Loading\" src=\"https:\/\/www.raccontinellarete.it\/301\/wp-content\/plugins\/page-views-count\/ajax-loader-2x.gif\" border=0 \/><\/p>\n<div class=\"pvc_clear\"><\/div>\n","protected":false},"author":3,"featured_media":0,"comment_status":"open","ping_status":"closed","sticky":false,"template":"","format":"standard","meta":{"footnotes":""},"categories":[87,5,4],"tags":[],"class_list":["post-27000","post","type-post","status-publish","format-standard","hentry","category-comunicato-stampa","category-racconti-nella-rete","category-news"],"_links":{"self":[{"href":"https:\/\/www.raccontinellarete.it\/index.php?rest_route=\/wp\/v2\/posts\/27000"}],"collection":[{"href":"https:\/\/www.raccontinellarete.it\/index.php?rest_route=\/wp\/v2\/posts"}],"about":[{"href":"https:\/\/www.raccontinellarete.it\/index.php?rest_route=\/wp\/v2\/types\/post"}],"author":[{"embeddable":true,"href":"https:\/\/www.raccontinellarete.it\/index.php?rest_route=\/wp\/v2\/users\/3"}],"replies":[{"embeddable":true,"href":"https:\/\/www.raccontinellarete.it\/index.php?rest_route=%2Fwp%2Fv2%2Fcomments&post=27000"}],"version-history":[{"count":4,"href":"https:\/\/www.raccontinellarete.it\/index.php?rest_route=\/wp\/v2\/posts\/27000\/revisions"}],"predecessor-version":[{"id":27006,"href":"https:\/\/www.raccontinellarete.it\/index.php?rest_route=\/wp\/v2\/posts\/27000\/revisions\/27006"}],"wp:attachment":[{"href":"https:\/\/www.raccontinellarete.it\/index.php?rest_route=%2Fwp%2Fv2%2Fmedia&parent=27000"}],"wp:term":[{"taxonomy":"category","embeddable":true,"href":"https:\/\/www.raccontinellarete.it\/index.php?rest_route=%2Fwp%2Fv2%2Fcategories&post=27000"},{"taxonomy":"post_tag","embeddable":true,"href":"https:\/\/www.raccontinellarete.it\/index.php?rest_route=%2Fwp%2Fv2%2Ftags&post=27000"}],"curies":[{"name":"wp","href":"https:\/\/api.w.org\/{rel}","templated":true}]}}