{"id":26850,"date":"2016-03-28T18:12:19","date_gmt":"2016-03-28T17:12:19","guid":{"rendered":"http:\/\/www.raccontinellarete.it\/?p=26850"},"modified":"2016-03-28T18:29:22","modified_gmt":"2016-03-28T17:29:22","slug":"domenica-3-aprile-i-racconti-nella-rete-alla-feltrinelli-di-arezzo","status":"publish","type":"post","link":"https:\/\/www.raccontinellarete.it\/?p=26850","title":{"rendered":"Domenica 3 aprile i Racconti nella Rete alla Feltrinelli di Arezzo"},"content":{"rendered":"<p style=\"text-align: justify;\"><a href=\"https:\/\/www.raccontinellarete.it\/?attachment_id=26851\" rel=\"attachment wp-att-26851\"><img loading=\"lazy\" decoding=\"async\" class=\"alignleft size-medium wp-image-26851\" src=\"https:\/\/www.raccontinellarete.it\/301\/wp-content\/uploads\/2016\/03\/Locandina-Racconti-nella-Rete-Arezzo-177x250.jpg\" alt=\"Locandina Racconti nella Rete Arezzo\" width=\"177\" height=\"250\" srcset=\"https:\/\/www.raccontinellarete.it\/301\/wp-content\/uploads\/2016\/03\/Locandina-Racconti-nella-Rete-Arezzo-177x250.jpg 177w, https:\/\/www.raccontinellarete.it\/301\/wp-content\/uploads\/2016\/03\/Locandina-Racconti-nella-Rete-Arezzo-768x1087.jpg 768w, https:\/\/www.raccontinellarete.it\/301\/wp-content\/uploads\/2016\/03\/Locandina-Racconti-nella-Rete-Arezzo-724x1024.jpg 724w, https:\/\/www.raccontinellarete.it\/301\/wp-content\/uploads\/2016\/03\/Locandina-Racconti-nella-Rete-Arezzo.jpg 793w\" sizes=\"(max-width: 177px) 100vw, 177px\" \/><\/a><\/p>\n<p style=\"text-align: justify;\"><strong>DOMENICA 3 aprile\u00a0 alle ore 17.30\u00a0 presso la libreria Feltrinelli Point in via Garibaldi 107 ad Arezzo <\/strong><strong>,<\/strong> <strong>sar\u00e0 presentata l\u2019antologia Racconti nella Rete 2015 (nottetempo). Intervengono <\/strong><strong>Demetrio Brandi, curatore dell\u2019antologia e presidente del premio letterario,\u00a0e gli scrittori Marta Borroni, Marco Montanari e Michela Rossi.<\/strong><\/p>\n<p style=\"text-align: justify;\">L\u2019antologia del premio letterario Racconti nella Rete\u00ae, curata da Demetrio Brandi, raccoglie i venticinque racconti selezionati nel 2015, scritti da altrettanti talenti letterari. Il percorso culturale del premio viene evidenziato nelle prime pagine di questa antologia dallo scrittore Eraldo Affinati, amico del premio.<\/p>\n<p style=\"text-align: justify;\">Scrigno di piccole storie compiute, l&#8217;antologia diventa testimonianza del tempo in cui viviamo ed espressione di tematiche sociali affrontate a volte con leggerezza altre volte con passione, sensibilit\u00e0 e rabbia.\u00a0 Espressione di una qualit\u00e0 letteraria in continua crescita, i racconti si caratterizzano per una prosa sempre pi\u00f9 raffinata e variegata e con stili narrativi originali.\u00a0 Il concorso, sempre pi\u00f9 importante vetrina per autori emergenti, si sviluppa dal 2002 nel sito www.raccontinellarete.it. Molti tra gli scrittori pubblicati hanno ottenuto brillanti risultati in campo letterario ed \u00e8 questo il risultato pi\u00f9 importante.<\/p>\n<p style=\"text-align: justify;\">L\u2019edizione\u00a0 2016 del Premio Racconti nella Rete, riservato a racconti brevi, a soggetti per cortometraggi e con una sezione dedicata ai racconti per bambini, \u00e8 in pieno svolgimento nel sito <a href=\"https:\/\/www.raccontinellarete.it\">www.raccontinellarete.it<\/a>.<\/p>\n<p style=\"text-align: justify;\">Il premio Racconti nella Rete\u00a0 \u00e8 collegato al XXII festival LuccAutori\u00ae, \u00a0 in programma dal 24 settembre al 9 ottobre a Lucca.<\/p>\n<p style=\"text-align: justify;\">Questi i venticinque autori che hanno vinto la selezione 2015: \u00a0 Adil Bellafqih, Maria Beatrice Berti, Marta Borroni, Claudia Colaneri, Rosalinda Conti, Roberto Contini, Maria Antonietta D\u2019Amici, Daniela Grandinetti, Ermanno Lombardo, Carolina Marangio, Deepa Minasi, Marco Montanari, Marco Moroni, Arianna Lisa Bruna Pinton, Rosa Grazia Rapisarda, Emanuele Ratti, Michela Rossi, Alessandra Scarpinella, Liliana Sghettini, Stefania Signorelli, Maria Sordino, Matteo Tella, Alexandra Tempesta, Mariateresa Villani, Antonella Zanca.<\/p>\n<p style=\"text-align: justify;\">Tra le novit\u00e0 di questa edizione il Premio Budu\u00e0r &#8211; in collaborazione con il mensile Budu\u00e0r <a href=\"http:\/\/www.buduar.it\">www.buduar.it<\/a>\u00a0\u00a0&#8211; per il racconto umoristico. \u00a0Il testo sar\u00e0 scelto tra i venticinque vincitori del Premio letterario Racconti nella Rete 2016.<\/p>\n<p style=\"text-align: justify;\"><em>Informazioni sul premio 2016 nel sito\u00a0 www.raccontinellarete.it\u00a0\u00a0 info@raccontinellarete.it\u00a0 tel.0584961169<\/em><em>\u00a0<\/em><em>\u00a0<\/em><\/p>\n<div class=\"pvc_clear\"><\/div>\n<p id=\"pvc_stats_26850\" class=\"pvc_stats all  \" data-element-id=\"26850\" style=\"\"><i class=\"pvc-stats-icon medium\" aria-hidden=\"true\"><svg aria-hidden=\"true\" focusable=\"false\" data-prefix=\"far\" data-icon=\"chart-bar\" role=\"img\" xmlns=\"http:\/\/www.w3.org\/2000\/svg\" viewBox=\"0 0 512 512\" class=\"svg-inline--fa fa-chart-bar fa-w-16 fa-2x\"><path fill=\"currentColor\" d=\"M396.8 352h22.4c6.4 0 12.8-6.4 12.8-12.8V108.8c0-6.4-6.4-12.8-12.8-12.8h-22.4c-6.4 0-12.8 6.4-12.8 12.8v230.4c0 6.4 6.4 12.8 12.8 12.8zm-192 0h22.4c6.4 0 12.8-6.4 12.8-12.8V140.8c0-6.4-6.4-12.8-12.8-12.8h-22.4c-6.4 0-12.8 6.4-12.8 12.8v198.4c0 6.4 6.4 12.8 12.8 12.8zm96 0h22.4c6.4 0 12.8-6.4 12.8-12.8V204.8c0-6.4-6.4-12.8-12.8-12.8h-22.4c-6.4 0-12.8 6.4-12.8 12.8v134.4c0 6.4 6.4 12.8 12.8 12.8zM496 400H48V80c0-8.84-7.16-16-16-16H16C7.16 64 0 71.16 0 80v336c0 17.67 14.33 32 32 32h464c8.84 0 16-7.16 16-16v-16c0-8.84-7.16-16-16-16zm-387.2-48h22.4c6.4 0 12.8-6.4 12.8-12.8v-70.4c0-6.4-6.4-12.8-12.8-12.8h-22.4c-6.4 0-12.8 6.4-12.8 12.8v70.4c0 6.4 6.4 12.8 12.8 12.8z\" class=\"\"><\/path><\/svg><\/i> <img loading=\"lazy\" decoding=\"async\" width=\"16\" height=\"16\" alt=\"Loading\" src=\"https:\/\/www.raccontinellarete.it\/301\/wp-content\/plugins\/page-views-count\/ajax-loader-2x.gif\" border=0 \/><\/p>\n<div class=\"pvc_clear\"><\/div>\n","protected":false},"excerpt":{"rendered":"<p>DOMENICA 3 aprile\u00a0 alle ore 17.30\u00a0 presso la libreria Feltrinelli Point in via Garibaldi 107 ad Arezzo , sar\u00e0 presentata l\u2019antologia Racconti nella Rete 2015 (nottetempo). Intervengono Demetrio Brandi, curatore dell\u2019antologia e presidente del premio letterario,\u00a0e gli scrittori Marta Borroni, Marco Montanari e Michela Rossi. L\u2019antologia del premio letterario Racconti nella Rete\u00ae, curata da Demetrio [&hellip;]<\/p>\n<div class=\"pvc_clear\"><\/div>\n<p id=\"pvc_stats_26850\" class=\"pvc_stats all  \" data-element-id=\"26850\" style=\"\"><i class=\"pvc-stats-icon medium\" aria-hidden=\"true\"><svg aria-hidden=\"true\" focusable=\"false\" data-prefix=\"far\" data-icon=\"chart-bar\" role=\"img\" xmlns=\"http:\/\/www.w3.org\/2000\/svg\" viewBox=\"0 0 512 512\" class=\"svg-inline--fa fa-chart-bar fa-w-16 fa-2x\"><path fill=\"currentColor\" d=\"M396.8 352h22.4c6.4 0 12.8-6.4 12.8-12.8V108.8c0-6.4-6.4-12.8-12.8-12.8h-22.4c-6.4 0-12.8 6.4-12.8 12.8v230.4c0 6.4 6.4 12.8 12.8 12.8zm-192 0h22.4c6.4 0 12.8-6.4 12.8-12.8V140.8c0-6.4-6.4-12.8-12.8-12.8h-22.4c-6.4 0-12.8 6.4-12.8 12.8v198.4c0 6.4 6.4 12.8 12.8 12.8zm96 0h22.4c6.4 0 12.8-6.4 12.8-12.8V204.8c0-6.4-6.4-12.8-12.8-12.8h-22.4c-6.4 0-12.8 6.4-12.8 12.8v134.4c0 6.4 6.4 12.8 12.8 12.8zM496 400H48V80c0-8.84-7.16-16-16-16H16C7.16 64 0 71.16 0 80v336c0 17.67 14.33 32 32 32h464c8.84 0 16-7.16 16-16v-16c0-8.84-7.16-16-16-16zm-387.2-48h22.4c6.4 0 12.8-6.4 12.8-12.8v-70.4c0-6.4-6.4-12.8-12.8-12.8h-22.4c-6.4 0-12.8 6.4-12.8 12.8v70.4c0 6.4 6.4 12.8 12.8 12.8z\" class=\"\"><\/path><\/svg><\/i> <img loading=\"lazy\" decoding=\"async\" width=\"16\" height=\"16\" alt=\"Loading\" src=\"https:\/\/www.raccontinellarete.it\/301\/wp-content\/plugins\/page-views-count\/ajax-loader-2x.gif\" border=0 \/><\/p>\n<div class=\"pvc_clear\"><\/div>\n","protected":false},"author":3,"featured_media":26854,"comment_status":"open","ping_status":"closed","sticky":false,"template":"","format":"standard","meta":{"footnotes":""},"categories":[87,5,4],"tags":[],"class_list":["post-26850","post","type-post","status-publish","format-standard","has-post-thumbnail","hentry","category-comunicato-stampa","category-racconti-nella-rete","category-news"],"_links":{"self":[{"href":"https:\/\/www.raccontinellarete.it\/index.php?rest_route=\/wp\/v2\/posts\/26850"}],"collection":[{"href":"https:\/\/www.raccontinellarete.it\/index.php?rest_route=\/wp\/v2\/posts"}],"about":[{"href":"https:\/\/www.raccontinellarete.it\/index.php?rest_route=\/wp\/v2\/types\/post"}],"author":[{"embeddable":true,"href":"https:\/\/www.raccontinellarete.it\/index.php?rest_route=\/wp\/v2\/users\/3"}],"replies":[{"embeddable":true,"href":"https:\/\/www.raccontinellarete.it\/index.php?rest_route=%2Fwp%2Fv2%2Fcomments&post=26850"}],"version-history":[{"count":8,"href":"https:\/\/www.raccontinellarete.it\/index.php?rest_route=\/wp\/v2\/posts\/26850\/revisions"}],"predecessor-version":[{"id":26861,"href":"https:\/\/www.raccontinellarete.it\/index.php?rest_route=\/wp\/v2\/posts\/26850\/revisions\/26861"}],"wp:featuredmedia":[{"embeddable":true,"href":"https:\/\/www.raccontinellarete.it\/index.php?rest_route=\/wp\/v2\/media\/26854"}],"wp:attachment":[{"href":"https:\/\/www.raccontinellarete.it\/index.php?rest_route=%2Fwp%2Fv2%2Fmedia&parent=26850"}],"wp:term":[{"taxonomy":"category","embeddable":true,"href":"https:\/\/www.raccontinellarete.it\/index.php?rest_route=%2Fwp%2Fv2%2Fcategories&post=26850"},{"taxonomy":"post_tag","embeddable":true,"href":"https:\/\/www.raccontinellarete.it\/index.php?rest_route=%2Fwp%2Fv2%2Ftags&post=26850"}],"curies":[{"name":"wp","href":"https:\/\/api.w.org\/{rel}","templated":true}]}}