{"id":26817,"date":"2016-03-23T18:02:02","date_gmt":"2016-03-23T17:02:02","guid":{"rendered":"http:\/\/www.raccontinellarete.it\/?p=26817"},"modified":"2016-03-23T18:02:02","modified_gmt":"2016-03-23T17:02:02","slug":"premio-racconti-nella-rete-2016-brutto-figlio-di-masterchef-di-andrea-de-santis","status":"publish","type":"post","link":"https:\/\/www.raccontinellarete.it\/?p=26817","title":{"rendered":"Premio Racconti nella Rete 2016 &#8220;Brutto figlio di Masterchef!&#8221; di Andrea De Santis"},"content":{"rendered":"<p>Credetemi, sono stato costretto, lo giuro! Da chi? A fare cosa? State a sentire.<br \/>\nIeri sera mi sono messo in testa di preparare una bella cenetta a sorpresa per mia moglie. \u201cChiss\u00e0 come sar\u00e0 contenta!\u201d pensavo ingenuamente.<br \/>\nSolo che non avevo fatto i conti con il nostro tenero figlio, Giovanni, di dieci anni. Lui non si perde una puntata di quei programmi sulla cucina e si \u00e8 montato leggermente la testa\u2026. e sottolineo, leggermente.<br \/>\nAppena mi sono messo al lavoro si \u00e8 avvicinato con quei suoi occhioni neri che, subito dopo essersi accorti di quello che stavo facendo, sono diventati rossi e a forma di \u201cm\u201d, come il simbolo di quella trasmissione. Ma si, dai, QUELLA trasmissione! Che poi la chiamano \u201ctalent show\u201d di cucina, ma a me tutto sembra meno che di cucina.<br \/>\nAssomiglia molto al poligono di tiro che sta vicino alla bocciofila: manca sale! Piatto! Poco olio! Piatto! Carne troppo cotta! Piatto! Secondo me c\u2019\u00e8 uno col fucile a pallini dietro le quinte che si diverte come un matto, con tutti i piatti che volano!<br \/>\nE i conduttori? A tempo mio i cuochi erano sporchi, femmine e assomigliavano a mia nonna. Quelli di adesso\u2026.. a parte che non sono cuochi ma sono \u201cchef\u201d e poi sono fighetti e assomigliano a degli indossatori. Bh\u00e8, a parte quello piccolino con gli occhiali\u2026 basso, tutta testa, lui assomiglia pi\u00f9 a quei cagnolini dondolanti che si mettevano dietro le auto.<br \/>\nComunque anche io ho il mio chef preferito, che credete. Capitan Findus. E che mi venisse un colpo anche lui \u00e8 cambiato! Io me lo ricordavo vecchio, rude e con la barba grigia, come un lupo di mare deve essere. L\u2019altro giorno l\u2019ho rivisto in una pubblicit\u00e0, bello, giovane, con la barba nera e vestito con un cappotto stile british. Vabb\u00e8, non sono un mostro in cucina, lo ammetto. Ma il piccolo Giovanni mise il suo ditino sin troppo dentro la piaga. Giudicate voi.<br \/>\n-Che fai pap\u00e0?-<br \/>\n-In cucina, con lo zinale e le pentole? Imbianco le pareti, tu che dici?-<br \/>\n-Ah ah. Simpatico-<br \/>\n-Sto preparando una cenetta a sorpresa per tua madre-<br \/>\n-Ah! Sicuramente sar\u00e0 sorpresa!- (risatina sarcastica, sottintesa)<br \/>\n-Che intendi figliolo?- (piccolo bastardo, sottinteso)<br \/>\n-Ma dai p\u00e0, l\u2019unica cosa che hai cucinato in vita tua sono i bastoncini di merluzzo. E sei riuscito anche a rovinarli-<br \/>\n-Non provare a sfatarmi un mito sai!-<br \/>\n-C\u2019hai messo l\u2019aglio e il prezzemolo. Ma come si fa!-<br \/>\n-Non sai che il pesce impanato vuole l\u2019aglio e il prezzemolo in cucina?-<br \/>\n-Appunto p\u00e0, il pesce\u2026 nei bastoncini c\u2019\u00e8 tutto meno che quello. Vabb\u00e8, dai dimmi, cosa riscaldi?-<br \/>\n-Bravo, bella battuta. Ma questa volta ti sbagli di grosso. Sto cucinando, caro il mio piccolo scettico. Antipasto, primo e secondo!-<br \/>\n-Oh oh! E cosa c\u2019\u00e8 per antipasto?-<br \/>\n-Prosciutto di Parma e melone-<br \/>\n-Classico e anche un po\u2019 scontato se mi permetti-<br \/>\n-A dicembre? Scontato il cavolo! Sai quanto costano i meloni fuori stagione?-<br \/>\n-Vabb\u00e8 lascia stare. E per primo?-<br \/>\n-Fusilli al prosciutto su crema di carciofi\u2013<br \/>\n-Almeno lo sai che questo tipo di pasta la devi saltare? \u2013<br \/>\n-Ma che diamine dici? C\u2019ho messo mezza giornata a fare la crema di carciofi! Il primo non lo salto, semmai rinuncio al secondo-<br \/>\n-Come non detto. Passiamo al secondo-<br \/>\n-Pollo arrosto- ti\u00e8! E adesso voglio vedere cosa hai da dire.<br \/>\n-Buono. Per\u00f2 c\u2019\u00e8 bisogno di un contorno adatto-<br \/>\n-E che credi? Ho pensato anche a quello. Patate fritte-<br \/>\n-Ma almeno le hai fatte a julienne?-<br \/>\nA quella domanda, credetemi, non c\u2019ho visto pi\u00f9.<br \/>\n-Ma brutto figlio di \u2026\u2026 Masterchef! Te l\u2019ho detto mille volte che devi avvertirmi prima se abbiamo ospiti! Chi \u00e8 sta julienne?- dissi afferrando il coltello in un impeto di rabbia.<br \/>\n&#8211; Lascia stare. Pensa al pollo, piuttosto, che \u00e8 ancora crudo. Ci vuole almeno un ora per cuocersi e mamma sar\u00e0 qui tra trenta minuti- disse Giovanni con la sua aria da saccente. A dire il vero avrei giurato che gli fossero caduti tutti i capelli ed avesse iniziato a parlare con uno strano accento italo-americano. &#8220;Vuoi che muro?&#8221; Avete presente.<br \/>\nFatto sta che la rabbia montava sempre di pi\u00f9, sempre di pi\u00f9\u2026 Presi il coltello e tagliai il collo con un colpo netto degno del miglior D\u2019Artagnan. Non vi dico che spettacolo! La cucina era tutta sporca di sangue. Cosa avrei potuto fare per rimediare a quel macello? (mai termine fu pi\u00f9 azzeccato).<br \/>\n-Giovanni! Dammi una mano a pulire tutto sto sangue di pollo dal tavolo della cucina-<br \/>\n-Va bene p\u00e0. Vorr\u00e0 dire che me la dovr\u00f2 guadagnare sta cena!\u2013<br \/>\nScusate ma cosa avevate capito? Ve l\u2019ho detto, non sono mica un mostro in cucina.<\/p>\n<div class=\"pvc_clear\"><\/div>\n<p id=\"pvc_stats_26817\" class=\"pvc_stats all  \" data-element-id=\"26817\" style=\"\"><i class=\"pvc-stats-icon medium\" aria-hidden=\"true\"><svg aria-hidden=\"true\" focusable=\"false\" data-prefix=\"far\" data-icon=\"chart-bar\" role=\"img\" xmlns=\"http:\/\/www.w3.org\/2000\/svg\" viewBox=\"0 0 512 512\" class=\"svg-inline--fa fa-chart-bar fa-w-16 fa-2x\"><path fill=\"currentColor\" d=\"M396.8 352h22.4c6.4 0 12.8-6.4 12.8-12.8V108.8c0-6.4-6.4-12.8-12.8-12.8h-22.4c-6.4 0-12.8 6.4-12.8 12.8v230.4c0 6.4 6.4 12.8 12.8 12.8zm-192 0h22.4c6.4 0 12.8-6.4 12.8-12.8V140.8c0-6.4-6.4-12.8-12.8-12.8h-22.4c-6.4 0-12.8 6.4-12.8 12.8v198.4c0 6.4 6.4 12.8 12.8 12.8zm96 0h22.4c6.4 0 12.8-6.4 12.8-12.8V204.8c0-6.4-6.4-12.8-12.8-12.8h-22.4c-6.4 0-12.8 6.4-12.8 12.8v134.4c0 6.4 6.4 12.8 12.8 12.8zM496 400H48V80c0-8.84-7.16-16-16-16H16C7.16 64 0 71.16 0 80v336c0 17.67 14.33 32 32 32h464c8.84 0 16-7.16 16-16v-16c0-8.84-7.16-16-16-16zm-387.2-48h22.4c6.4 0 12.8-6.4 12.8-12.8v-70.4c0-6.4-6.4-12.8-12.8-12.8h-22.4c-6.4 0-12.8 6.4-12.8 12.8v70.4c0 6.4 6.4 12.8 12.8 12.8z\" class=\"\"><\/path><\/svg><\/i> <img loading=\"lazy\" decoding=\"async\" width=\"16\" height=\"16\" alt=\"Loading\" src=\"https:\/\/www.raccontinellarete.it\/301\/wp-content\/plugins\/page-views-count\/ajax-loader-2x.gif\" border=0 \/><\/p>\n<div class=\"pvc_clear\"><\/div>\n","protected":false},"excerpt":{"rendered":"<p>Credetemi, sono stato costretto, lo giuro! Da chi? A fare cosa? State a sentire. Ieri sera mi sono messo in testa di preparare una bella cenetta a sorpresa per mia moglie. \u201cChiss\u00e0 come sar\u00e0 contenta!\u201d pensavo ingenuamente. Solo che non avevo fatto i conti con il nostro tenero figlio, Giovanni, di dieci anni. Lui non [&hellip;]<\/p>\n<div class=\"pvc_clear\"><\/div>\n<p id=\"pvc_stats_26817\" class=\"pvc_stats all  \" data-element-id=\"26817\" style=\"\"><i class=\"pvc-stats-icon medium\" aria-hidden=\"true\"><svg aria-hidden=\"true\" focusable=\"false\" data-prefix=\"far\" data-icon=\"chart-bar\" role=\"img\" xmlns=\"http:\/\/www.w3.org\/2000\/svg\" viewBox=\"0 0 512 512\" class=\"svg-inline--fa fa-chart-bar fa-w-16 fa-2x\"><path fill=\"currentColor\" d=\"M396.8 352h22.4c6.4 0 12.8-6.4 12.8-12.8V108.8c0-6.4-6.4-12.8-12.8-12.8h-22.4c-6.4 0-12.8 6.4-12.8 12.8v230.4c0 6.4 6.4 12.8 12.8 12.8zm-192 0h22.4c6.4 0 12.8-6.4 12.8-12.8V140.8c0-6.4-6.4-12.8-12.8-12.8h-22.4c-6.4 0-12.8 6.4-12.8 12.8v198.4c0 6.4 6.4 12.8 12.8 12.8zm96 0h22.4c6.4 0 12.8-6.4 12.8-12.8V204.8c0-6.4-6.4-12.8-12.8-12.8h-22.4c-6.4 0-12.8 6.4-12.8 12.8v134.4c0 6.4 6.4 12.8 12.8 12.8zM496 400H48V80c0-8.84-7.16-16-16-16H16C7.16 64 0 71.16 0 80v336c0 17.67 14.33 32 32 32h464c8.84 0 16-7.16 16-16v-16c0-8.84-7.16-16-16-16zm-387.2-48h22.4c6.4 0 12.8-6.4 12.8-12.8v-70.4c0-6.4-6.4-12.8-12.8-12.8h-22.4c-6.4 0-12.8 6.4-12.8 12.8v70.4c0 6.4 6.4 12.8 12.8 12.8z\" class=\"\"><\/path><\/svg><\/i> <img loading=\"lazy\" decoding=\"async\" width=\"16\" height=\"16\" alt=\"Loading\" src=\"https:\/\/www.raccontinellarete.it\/301\/wp-content\/plugins\/page-views-count\/ajax-loader-2x.gif\" border=0 \/><\/p>\n<div class=\"pvc_clear\"><\/div>\n","protected":false},"author":6397,"featured_media":0,"comment_status":"open","ping_status":"closed","sticky":false,"template":"","format":"standard","meta":{"footnotes":""},"categories":[359],"tags":[],"class_list":["post-26817","post","type-post","status-publish","format-standard","hentry","category-premio-racconti-nella-rete-2016"],"_links":{"self":[{"href":"https:\/\/www.raccontinellarete.it\/index.php?rest_route=\/wp\/v2\/posts\/26817"}],"collection":[{"href":"https:\/\/www.raccontinellarete.it\/index.php?rest_route=\/wp\/v2\/posts"}],"about":[{"href":"https:\/\/www.raccontinellarete.it\/index.php?rest_route=\/wp\/v2\/types\/post"}],"author":[{"embeddable":true,"href":"https:\/\/www.raccontinellarete.it\/index.php?rest_route=\/wp\/v2\/users\/6397"}],"replies":[{"embeddable":true,"href":"https:\/\/www.raccontinellarete.it\/index.php?rest_route=%2Fwp%2Fv2%2Fcomments&post=26817"}],"version-history":[{"count":3,"href":"https:\/\/www.raccontinellarete.it\/index.php?rest_route=\/wp\/v2\/posts\/26817\/revisions"}],"predecessor-version":[{"id":26829,"href":"https:\/\/www.raccontinellarete.it\/index.php?rest_route=\/wp\/v2\/posts\/26817\/revisions\/26829"}],"wp:attachment":[{"href":"https:\/\/www.raccontinellarete.it\/index.php?rest_route=%2Fwp%2Fv2%2Fmedia&parent=26817"}],"wp:term":[{"taxonomy":"category","embeddable":true,"href":"https:\/\/www.raccontinellarete.it\/index.php?rest_route=%2Fwp%2Fv2%2Fcategories&post=26817"},{"taxonomy":"post_tag","embeddable":true,"href":"https:\/\/www.raccontinellarete.it\/index.php?rest_route=%2Fwp%2Fv2%2Ftags&post=26817"}],"curies":[{"name":"wp","href":"https:\/\/api.w.org\/{rel}","templated":true}]}}