{"id":26749,"date":"2016-03-15T19:16:00","date_gmt":"2016-03-15T18:16:00","guid":{"rendered":"http:\/\/www.raccontinellarete.it\/?p=26749"},"modified":"2016-03-28T11:03:40","modified_gmt":"2016-03-28T10:03:40","slug":"grande-successo-a-palmi-per-la-presentazione-del-premio-racconti-nella-rete-prossimi-incontri-ad-arezzo-e-milano","status":"publish","type":"post","link":"https:\/\/www.raccontinellarete.it\/?p=26749","title":{"rendered":"Grande successo a Palmi per la presentazione del premio Racconti nella Rete. Prossimi incontri ad Arezzo e Milano."},"content":{"rendered":"<p style=\"text-align: justify;\"><a href=\"https:\/\/www.raccontinellarete.it\/?attachment_id=26750\" rel=\"attachment wp-att-26750\"><img loading=\"lazy\" decoding=\"async\" class=\"alignleft size-medium wp-image-26750\" src=\"https:\/\/www.raccontinellarete.it\/301\/wp-content\/uploads\/2016\/03\/gruppo-con-lettore-344x229.jpg\" alt=\"gruppo con lettore\" width=\"344\" height=\"229\" srcset=\"https:\/\/www.raccontinellarete.it\/301\/wp-content\/uploads\/2016\/03\/gruppo-con-lettore-344x229.jpg 344w, https:\/\/www.raccontinellarete.it\/301\/wp-content\/uploads\/2016\/03\/gruppo-con-lettore-768x512.jpg 768w, https:\/\/www.raccontinellarete.it\/301\/wp-content\/uploads\/2016\/03\/gruppo-con-lettore.jpg 960w\" sizes=\"(max-width: 344px) 100vw, 344px\" \/><\/a><\/p>\n<p style=\"text-align: justify;\">Prosegue con grande successo il tour italiano del premio Racconti nella Rete. Sabato scorso, 12 marzo, \u00a0presso la Sala Consiliare del Comune di Palmi (RC) \u00e8 stata presentata l\u2019antologia Racconti nella Rete 2015 (Nottetempo).<\/p>\n<p style=\"text-align: justify;\">Sono intervenuti il sindaco di Palmi, Gianni Barone,\u00a0Demetrio Brandi curatore dell\u2019antologia e presidente del premio letterario, gli scrittori Marta Borroni, Daniela Grandinetti, Deepa Minasi, Maurizio Polimeni, Giuseppe Sanalitro e Maria Sordino. \u00a0Ottime le letture a cura di Wladimiro Maisano cos\u00ec come l&#8217;accompagnamento musicale del Maestro Giuseppe Sanalitro. In conclusione \u00e8 stato\u00a0proiettato il cortometraggio \u201cAcetone\u201d scritto da Marco Moroni e diretto da Giuseppe Ferlito. Il soggetto, che ha vinto la sezione Corti del Premio Racconti nella Rete 2015, \u00e8 stato realizzato dalla Scuola di Cinema Immagina di Firenze.<\/p>\n<p style=\"text-align: justify;\">Il folto pubblico che ha gremito la sala consiliare ha lungamente applaudito gli autori presenti, apprezzando la presentazione dei loro racconti. \u00a0Il sindaco Gianni Barone ha poi consegnato un mazzo di fiori a Deepa Minasi, scrittrice palmese che ha brillantemente organizzato l&#8217;evento calabrese.<\/p>\n<p style=\"text-align: justify;\">Nel sito<a href=\"https:\/\/www.raccontinellarete.it\"> www.raccontinellarete.it<\/a> \u00e8 in pieno svolgimento la XV edizione del premio letterario. Chi \u00e8 interessato pu\u00f2 partecipare con un racconto o soggetto inedito entro il prossimo 31 maggio.<\/p>\n<p style=\"text-align: justify;\"><strong>Le prossime presentazioni del premio letterario sono in programma \u00a0domenica 3 aprile ad Arezzo e sabato 30 aprile a Milano.<\/strong><\/p>\n<p>&nbsp;<\/p>\n<p>&nbsp;<\/p>\n<div class=\"pvc_clear\"><\/div>\n<p id=\"pvc_stats_26749\" class=\"pvc_stats all  \" data-element-id=\"26749\" style=\"\"><i class=\"pvc-stats-icon medium\" aria-hidden=\"true\"><svg aria-hidden=\"true\" focusable=\"false\" data-prefix=\"far\" data-icon=\"chart-bar\" role=\"img\" xmlns=\"http:\/\/www.w3.org\/2000\/svg\" viewBox=\"0 0 512 512\" class=\"svg-inline--fa fa-chart-bar fa-w-16 fa-2x\"><path fill=\"currentColor\" d=\"M396.8 352h22.4c6.4 0 12.8-6.4 12.8-12.8V108.8c0-6.4-6.4-12.8-12.8-12.8h-22.4c-6.4 0-12.8 6.4-12.8 12.8v230.4c0 6.4 6.4 12.8 12.8 12.8zm-192 0h22.4c6.4 0 12.8-6.4 12.8-12.8V140.8c0-6.4-6.4-12.8-12.8-12.8h-22.4c-6.4 0-12.8 6.4-12.8 12.8v198.4c0 6.4 6.4 12.8 12.8 12.8zm96 0h22.4c6.4 0 12.8-6.4 12.8-12.8V204.8c0-6.4-6.4-12.8-12.8-12.8h-22.4c-6.4 0-12.8 6.4-12.8 12.8v134.4c0 6.4 6.4 12.8 12.8 12.8zM496 400H48V80c0-8.84-7.16-16-16-16H16C7.16 64 0 71.16 0 80v336c0 17.67 14.33 32 32 32h464c8.84 0 16-7.16 16-16v-16c0-8.84-7.16-16-16-16zm-387.2-48h22.4c6.4 0 12.8-6.4 12.8-12.8v-70.4c0-6.4-6.4-12.8-12.8-12.8h-22.4c-6.4 0-12.8 6.4-12.8 12.8v70.4c0 6.4 6.4 12.8 12.8 12.8z\" class=\"\"><\/path><\/svg><\/i> <img loading=\"lazy\" decoding=\"async\" width=\"16\" height=\"16\" alt=\"Loading\" src=\"https:\/\/www.raccontinellarete.it\/301\/wp-content\/plugins\/page-views-count\/ajax-loader-2x.gif\" border=0 \/><\/p>\n<div class=\"pvc_clear\"><\/div>\n","protected":false},"excerpt":{"rendered":"<p>Prosegue con grande successo il tour italiano del premio Racconti nella Rete. Sabato scorso, 12 marzo, \u00a0presso la Sala Consiliare del Comune di Palmi (RC) \u00e8 stata presentata l\u2019antologia Racconti nella Rete 2015 (Nottetempo). Sono intervenuti il sindaco di Palmi, Gianni Barone,\u00a0Demetrio Brandi curatore dell\u2019antologia e presidente del premio letterario, gli scrittori Marta Borroni, Daniela [&hellip;]<\/p>\n<div class=\"pvc_clear\"><\/div>\n<p id=\"pvc_stats_26749\" class=\"pvc_stats all  \" data-element-id=\"26749\" style=\"\"><i class=\"pvc-stats-icon medium\" aria-hidden=\"true\"><svg aria-hidden=\"true\" focusable=\"false\" data-prefix=\"far\" data-icon=\"chart-bar\" role=\"img\" xmlns=\"http:\/\/www.w3.org\/2000\/svg\" viewBox=\"0 0 512 512\" class=\"svg-inline--fa fa-chart-bar fa-w-16 fa-2x\"><path fill=\"currentColor\" d=\"M396.8 352h22.4c6.4 0 12.8-6.4 12.8-12.8V108.8c0-6.4-6.4-12.8-12.8-12.8h-22.4c-6.4 0-12.8 6.4-12.8 12.8v230.4c0 6.4 6.4 12.8 12.8 12.8zm-192 0h22.4c6.4 0 12.8-6.4 12.8-12.8V140.8c0-6.4-6.4-12.8-12.8-12.8h-22.4c-6.4 0-12.8 6.4-12.8 12.8v198.4c0 6.4 6.4 12.8 12.8 12.8zm96 0h22.4c6.4 0 12.8-6.4 12.8-12.8V204.8c0-6.4-6.4-12.8-12.8-12.8h-22.4c-6.4 0-12.8 6.4-12.8 12.8v134.4c0 6.4 6.4 12.8 12.8 12.8zM496 400H48V80c0-8.84-7.16-16-16-16H16C7.16 64 0 71.16 0 80v336c0 17.67 14.33 32 32 32h464c8.84 0 16-7.16 16-16v-16c0-8.84-7.16-16-16-16zm-387.2-48h22.4c6.4 0 12.8-6.4 12.8-12.8v-70.4c0-6.4-6.4-12.8-12.8-12.8h-22.4c-6.4 0-12.8 6.4-12.8 12.8v70.4c0 6.4 6.4 12.8 12.8 12.8z\" class=\"\"><\/path><\/svg><\/i> <img loading=\"lazy\" decoding=\"async\" width=\"16\" height=\"16\" alt=\"Loading\" src=\"https:\/\/www.raccontinellarete.it\/301\/wp-content\/plugins\/page-views-count\/ajax-loader-2x.gif\" border=0 \/><\/p>\n<div class=\"pvc_clear\"><\/div>\n","protected":false},"author":3,"featured_media":26750,"comment_status":"open","ping_status":"closed","sticky":false,"template":"","format":"standard","meta":{"footnotes":""},"categories":[87,5,4],"tags":[],"class_list":["post-26749","post","type-post","status-publish","format-standard","has-post-thumbnail","hentry","category-comunicato-stampa","category-racconti-nella-rete","category-news"],"_links":{"self":[{"href":"https:\/\/www.raccontinellarete.it\/index.php?rest_route=\/wp\/v2\/posts\/26749"}],"collection":[{"href":"https:\/\/www.raccontinellarete.it\/index.php?rest_route=\/wp\/v2\/posts"}],"about":[{"href":"https:\/\/www.raccontinellarete.it\/index.php?rest_route=\/wp\/v2\/types\/post"}],"author":[{"embeddable":true,"href":"https:\/\/www.raccontinellarete.it\/index.php?rest_route=\/wp\/v2\/users\/3"}],"replies":[{"embeddable":true,"href":"https:\/\/www.raccontinellarete.it\/index.php?rest_route=%2Fwp%2Fv2%2Fcomments&post=26749"}],"version-history":[{"count":5,"href":"https:\/\/www.raccontinellarete.it\/index.php?rest_route=\/wp\/v2\/posts\/26749\/revisions"}],"predecessor-version":[{"id":26844,"href":"https:\/\/www.raccontinellarete.it\/index.php?rest_route=\/wp\/v2\/posts\/26749\/revisions\/26844"}],"wp:featuredmedia":[{"embeddable":true,"href":"https:\/\/www.raccontinellarete.it\/index.php?rest_route=\/wp\/v2\/media\/26750"}],"wp:attachment":[{"href":"https:\/\/www.raccontinellarete.it\/index.php?rest_route=%2Fwp%2Fv2%2Fmedia&parent=26749"}],"wp:term":[{"taxonomy":"category","embeddable":true,"href":"https:\/\/www.raccontinellarete.it\/index.php?rest_route=%2Fwp%2Fv2%2Fcategories&post=26749"},{"taxonomy":"post_tag","embeddable":true,"href":"https:\/\/www.raccontinellarete.it\/index.php?rest_route=%2Fwp%2Fv2%2Ftags&post=26749"}],"curies":[{"name":"wp","href":"https:\/\/api.w.org\/{rel}","templated":true}]}}