{"id":26588,"date":"2016-03-08T12:37:17","date_gmt":"2016-03-08T11:37:17","guid":{"rendered":"http:\/\/www.raccontinellarete.it\/?p=26588"},"modified":"2016-03-08T12:37:17","modified_gmt":"2016-03-08T11:37:17","slug":"premio-racconti-nella-rete-2016-un-giorno-in-piu-di-barbara-cutrupi-sezione-racconti-per-bambini","status":"publish","type":"post","link":"https:\/\/www.raccontinellarete.it\/?p=26588","title":{"rendered":"Premio Racconti nella Rete 2016 &#8220;Un giorno in pi\u00f9&#8221; di Barbara Cutrupi (sezione racconti per bambini)"},"content":{"rendered":"<p><em>Quando una storia \u00e8 verit\u00e0,<\/em><\/p>\n<p><em>lodiamo in coro la sua onest\u00e0.<\/em><\/p>\n<p><em>Il fatto \u00e8 quello e non pu\u00f2 mutare,<\/em><\/p>\n<p><em>c\u2019\u00e8 poco da dire e poco da fare.<\/em><\/p>\n<p><em>Quando una storia diventa leggenda,<\/em><\/p>\n<p><em>\u00e8 \u00a0qui che comincia ad esser stupenda.<\/em><\/p>\n<p><em>\u00a0<\/em><\/p>\n<p><em>\u00a0<\/em><\/p>\n<p><em>\u00a0<\/em>C\u2019era una volta o forse non c\u2019era,<\/p>\n<p>un piccolo borgo senza bandiera.<\/p>\n<p>Non \u00e8 che mancasse la stoffa per farla,<\/p>\n<p>ma non si sapeva come chiamarla.<\/p>\n<p>Il borgo, infatti, un nome non aveva,<\/p>\n<p>e il motivo di ci\u00f2 nessuno sapeva.<\/p>\n<p>Era piccolo, situato ai piedi dell\u2019omonimo monte;<\/p>\n<p>ma omonimo significa: stesso nome, quindi era solo il monte di fronte.<\/p>\n<p>C\u2019erano case antiche in pietra bianca, lungo i vicoli stretti, stretti,<\/p>\n<p>incorniciate da vecchie scale che portavano fino ai tetti.<\/p>\n<p>Sui davanzali delle finestre, vasi sporgenti colmi di fiori:<\/p>\n<p>ortensie, gerani, primule, violette, naturalmente di svariati colori;<\/p>\n<p>e le piante aromatiche coltivate in giardino,<\/p>\n<p>diffondevano il profumo dalla sera al mattino.<\/p>\n<p>Oltre alla stazione, c\u2019era un\u2019ospitale piazzetta,<\/p>\n<p>con molte panchine e una chiesetta.<\/p>\n<p>C\u2019era una fontana, ma senz\u2019acqua, completamente asciutta,<\/p>\n<p>forse qualcuno l\u2019aveva bevuta tutta.<\/p>\n<p>&nbsp;<\/p>\n<p>&nbsp;<\/p>\n<p><em>Da questo luogo cos\u00ec ordinato,<\/em><\/p>\n<p><em>inizia la storia di chi ci ha abitato.<\/em><\/p>\n<p><em>Come chiamare gli abitanti di un borgo senza nome?<\/em><\/p>\n<p><em>Se lo chiedevano in tanti ed io non saprei davvero come.<\/em><\/p>\n<p><em>Nonostante questo, ognuno aveva il suo da fare,<\/em><\/p>\n<p><em>che andava a braccetto col borbottare.<\/em><\/p>\n<p>&nbsp;<\/p>\n<p>&nbsp;<\/p>\n<p>Il vigile urbano andava sempre di corsa,<\/p>\n<p>tenendo con cura il cronometro in borsa.<\/p>\n<p>\u201cVorrei del tempo per parlare con la gente!\u201d<\/p>\n<p>Invece correva dappertutto alla ricerca di un ingorgo inesistente.<\/p>\n<p>Il panettiere sfornava pane ogni minuto,<\/p>\n<p>si vantava di essere molto astuto.<\/p>\n<p>\u201cLo porterei a chi ne ha bisogno, se avessi tempo, almeno un\u2019ora!\u201d<\/p>\n<p>Ma a fine giornata andava tutto in malora.<\/p>\n<p>Il barista pensava agli affari<\/p>\n<p>e con i conti mettersi in pari.<\/p>\n<p>\u201cAppena avr\u00f2 tempo, offrir\u00f2 da bere ai mendicanti!\u201d<\/p>\n<p>Ma da quando lo aveva promesso, ne aveva visti passare tanti.<\/p>\n<p>La sarta nella sua bottega, tra ricami e una richiesta,<\/p>\n<p>aveva un chiodo, anzi un bottone fisso in testa.<\/p>\n<p>\u201cDevo trovare del tempo, per cucire calzoni ai bambini poveri e soli!\u201d<\/p>\n<p>Poi perdeva il filo del discorso e per ritrovarlo chiamava i figlioli.<\/p>\n<p>Cos\u00ec anche il falegname, il calzolaio e il salumiere,<\/p>\n<p>cercavano tutti del tempo, come si cerca l\u2019oro in un forziere.<\/p>\n<p>&nbsp;<\/p>\n<p>&nbsp;<\/p>\n<p><em>In questo luogo cos\u00ec lamentoso,<\/em><\/p>\n<p><em>accadde qualcosa di molto curioso.<\/em><\/p>\n<p><em>Forse un po\u2019 ti stupirai<\/em><\/p>\n<p><em>ma andiamo avanti e poi mi dirai.<\/em><\/p>\n<p><em>Lo sai che il tempo \u00e8 un viaggiatore?<\/em><\/p>\n<p><em>Arriva ovunque, ma non conta le ore.<\/em><\/p>\n<p><em>\u00a0<\/em><\/p>\n<p><em>\u00a0<\/em><\/p>\n<p>In una notte fredda ma riscaldata dall&#8217;emozione,<\/p>\n<p>il Sindaco senza bandiera, radun\u00f2 i cittadini alla stazione.<\/p>\n<p>Con i riccioli in testa e il viso baffuto,<\/p>\n<p>era sempre pronto a dare il suo aiuto.<\/p>\n<p>Fascia al petto senza lo stemma ufficiale,<\/p>\n<p>per darsi un tono da cittadino speciale.<\/p>\n<p>In lontananza un treno stava per arrivare,<\/p>\n<p>i presenti erano pronti a brindare,<\/p>\n<p>il Sindaco schiar\u00ec la voce e inizi\u00f2 a contare:<\/p>\n<p>\u201c10, 9, 8, 7, 6, 5, 4, 3, 2, 1\u2026<\/p>\n<p>Benvenuto nuovo anno!\u201d Esclam\u00f2 senza esitare.<\/p>\n<p>In quell\u2019istante, tutto era cambiato,<\/p>\n<p>con movimento lesto e sincronizzato.<\/p>\n<p>L\u2019anno nuovo, scendeva dal treno, con un salto da campione;<\/p>\n<p>l\u2019anno vecchio, saliva sul treno, a piccoli passi con un bastone.<\/p>\n<p>Con l\u2019argento tra i capelli e quasi senza fiato,<\/p>\n<p>il treno ovviamente non si era neanche fermato,<\/p>\n<p>lo port\u00f2 via silenziosamente,<\/p>\n<p>il treno del tempo passa inesorabilmente.<\/p>\n<p>&nbsp;<\/p>\n<p>&nbsp;<\/p>\n<p><em>Questo luogo sorprendente,<\/em><\/p>\n<p><em>molte cose\u00a0 aveva in mente.<\/em><\/p>\n<p><em>Pensieri ingombranti<\/em><\/p>\n<p><em>tra loro distanti,<\/em><\/p>\n<p><em>veloci e sfuggenti<\/em><\/p>\n<p><em>da sembrare assenti.<\/em><\/p>\n<p><em>\u00a0<\/em><\/p>\n<p><em>\u00a0<\/em><\/p>\n<p><em>\u00a0<\/em>La folla ormai era in subbuglio,<\/p>\n<p>c\u2019\u00e8 chi si nascondeva dietro un cespuglio.<\/p>\n<p>Correvano incontro al nuovo anno,<\/p>\n<p>dimenticando ogni malanno.<\/p>\n<p>Pronto per l\u2019annata in giacca e cravatta,<\/p>\n<p>con guanti bianchi di morbida ovatta,<\/p>\n<p>un cappello a cilindro di seta nera,<\/p>\n<p>teneva sotto braccio una specchiera.<\/p>\n<p>Con sguardo fiero drizz\u00f2 il collo,<\/p>\n<p>si sentiva un eroe, quasi un Apollo,<\/p>\n<p>finalmente era arrivato il suo momento,<\/p>\n<p>fatto di gloria, successo, un vero portento;<\/p>\n<p>ma ad un passo da lui inaspettatamente,<\/p>\n<p>la folla lo evit\u00f2 speditamente.<\/p>\n<p>Il nuovo anno rimase di stucco,<\/p>\n<p>pens\u00f2 a qualcosa di sbagliato nel trucco;<\/p>\n<p>ma voltandosi indietro la folla acclamava,<\/p>\n<p>il giorno in pi\u00f9 che lui stesso portava.<\/p>\n<p>&nbsp;<\/p>\n<p>&nbsp;<\/p>\n<p><em>Su questo luogo al chiar di luna,<\/em><\/p>\n<p><em>si era abbattuta una gran fortuna.<\/em><\/p>\n<p><em>Poter ospitare il 29 febbraio,\u00a0\u00a0\u00a0\u00a0\u00a0\u00a0\u00a0\u00a0\u00a0\u00a0\u00a0\u00a0\u00a0\u00a0\u00a0\u00a0\u00a0\u00a0\u00a0\u00a0\u00a0\u00a0\u00a0\u00a0\u00a0\u00a0\u00a0\u00a0\u00a0\u00a0\u00a0\u00a0\u00a0\u00a0\u00a0\u00a0\u00a0\u00a0\u00a0\u00a0\u00a0\u00a0\u00a0\u00a0\u00a0\u00a0\u00a0\u00a0\u00a0\u00a0\u00a0\u00a0\u00a0\u00a0 <\/em><\/p>\n<p><em>a volte assente nel calendario.<\/em><\/p>\n<p><em>Dagli abitanti ben accolto, <\/em><\/p>\n<p><em>perch\u00e9 ogni cosa avrebbe risolto.<\/em><\/p>\n<p><em>\u00a0<\/em><\/p>\n<p><em>\u00a0<\/em><\/p>\n<p><em>\u00a0<\/em>L\u2019anno nuovo con gli occhi accigliati,<\/p>\n<p>subiva l\u2019affronto esclamando: \u201cIngrati!\u201d<\/p>\n<p>Gonfio d\u2019orgoglio ma senza far danno,<\/p>\n<p>dopotutto era la prima festa dell\u2019anno.<\/p>\n<p>Per le vie del borgo, nei giorni seguenti,<\/p>\n<p>il 29 febbraio segnava appuntamenti.<\/p>\n<p>Veniva scrutato con attenzione,<\/p>\n<p>nessuno voleva perdere l\u2019occasione.<\/p>\n<p>Quante cose da realizzare<\/p>\n<p>e quel giorno in pi\u00f9 poteva bastare.<\/p>\n<p>Qualcuno tentava di essere persuasivo<\/p>\n<p>per farlo tornare l\u2019anno successivo.<\/p>\n<p>Ma in questi casi, i suoi avvocati,<\/p>\n<p>venivano subito convocati.<\/p>\n<p>Giuliano e Gregoriano con fare sicuro,<\/p>\n<p>a difesa delle stagioni e del futuro.<\/p>\n<p>Da un tempo remoto arrivava la sentenza:<\/p>\n<p>\u201cOgni quattro anni \u00e8 la sua presenza!\u201d<\/p>\n<p>&nbsp;<\/p>\n<p>&nbsp;<\/p>\n<p><em>Da questo luogo tra sorrisi e una noia,<\/em><\/p>\n<p><em>arriviamo al punto della storia.<\/em><\/p>\n<p><em>Quando tutto non va come deve andare,<\/em><\/p>\n<p><em>sicuramente ci si pu\u00f2 arrabbiare,<\/em><\/p>\n<p><em>\u00a0l\u2019importante \u00e8 non disperare, <\/em><\/p>\n<p><em>ed insieme continuare a sognare.<\/em><\/p>\n<p><em>\u00a0<\/em><\/p>\n<p><em>\u00a0<\/em><\/p>\n<p><em>\u00a0<\/em>Il giorno in pi\u00f9 bussava ormai alle porte,<\/p>\n<p>lo accompagna per\u00f2 una sfavorevole sorte.<\/p>\n<p>Una fitta e improvvisa nevicata,<\/p>\n<p>silenziosa e inaspettata,<\/p>\n<p>aveva gelato tutto, da cima a fondo,<\/p>\n<p>ed anche i cuori nel profondo.<\/p>\n<p>La neve aveva sbagliato momento,<\/p>\n<p>serviva una forte folata di vento,<\/p>\n<p>ma forse sarebbe servita davvero a poco,<\/p>\n<p>non si poteva far altro, che stare dentro e al fuoco.<\/p>\n<p>Il Sindaco lanciava un\u2019ordinanza:<\/p>\n<p>\u201cVietato uscire dalla propria stanza!\u201d<\/p>\n<p>Finivano cos\u00ec, sotto un paesaggio innevato,<\/p>\n<p>progetti e desideri di un borgo innominato.<\/p>\n<p>Quando finalmente fin\u00ec la bufera,<\/p>\n<p>si era gi\u00e0 nel mese della primavera.<\/p>\n<p>Il giorno in pi\u00f9 pass\u00f2 senza clamore<\/p>\n<p>e nessuno pot\u00e9 afferrare le sue ore.<\/p>\n<p>&nbsp;<\/p>\n<p>&nbsp;<\/p>\n<p><em>Questo luogo deluso e scontento,<\/em><\/p>\n<p><em>tornava adesso al solito lamento.<\/em><\/p>\n<p><em>Il 29 febbraio ormai in vacanza, <\/em><\/p>\n<p><em>non aveva perso per\u00f2 la speranza.<\/em><\/p>\n<p><em>A volte basta solo un po\u2019 d\u2019impegno<\/em><\/p>\n<p><em>e accadono cose che lasciano il segno.<\/em><\/p>\n<p>&nbsp;<\/p>\n<p>&nbsp;<\/p>\n<p>\u201cIl tempo c\u2019\u00e8 ma si nasconde,<\/p>\n<p>non lo vedi e ti confonde,<\/p>\n<p>credi di non averne abbastanza<\/p>\n<p>e ne senti la mancanza.\u201d<\/p>\n<p>Il giorno in pi\u00f9 pensava questo,<\/p>\n<p>tutto immerso nel suo anno bisesto.<\/p>\n<p>Pensa che ti ripensa, arriv\u00f2 l\u2019ora esatta,<\/p>\n<p>quella che ti porta l\u2019idea pi\u00f9 adatta.<\/p>\n<p>Per iniziare sull\u2019alto monte,<\/p>\n<p>dalla cima che si perde all\u2019orizzonte,<\/p>\n<p>venne costruita una torre mattone su mattone,<\/p>\n<p>con al centro un orologio di ottone.<\/p>\n<p>\u201cL\u2019occhio di Torrealta\u201d venne chiamato,<\/p>\n<p>che con stupore al borgo un nome aveva dato.<\/p>\n<p>Lass\u00f9 veniva visto da tutti i Torrealtesi,<\/p>\n<p>e non solo, anche dalle vicine citt\u00e0 e paesi.<\/p>\n<p>Il tempo in posizione preminente,<\/p>\n<p>vigilava sulle azioni della gente.<\/p>\n<p>&nbsp;<\/p>\n<p>&nbsp;<\/p>\n<p><em>Nel Borgo di Torrealta,<\/em><\/p>\n<p><em>venuto fuori alla ribalta,<\/em><\/p>\n<p><em>accorrevano ora da ogni parte,<\/em><\/p>\n<p><em>fino ad allora lasciato in disparte,<\/em><\/p>\n<p><em>con sospetto e incredulit\u00e0,<\/em><\/p>\n<p><em>incuriositi dalla bella novit\u00e0.<\/em><\/p>\n<p><em>\u00a0<\/em><\/p>\n<p><em>\u00a0<\/em><\/p>\n<p><em>\u00a0<\/em>In una giornata solare, con tanto di berretta,<\/p>\n<p>il Sindaco radun\u00f2 i cittadini nella piazzetta.<\/p>\n<p>Con un nome, uno stemma e una bandiera,<\/p>\n<p>stavolta era davvero seria l\u2019atmosfera.<\/p>\n<p>Il 29 febbraio gli stava accanto,<\/p>\n<p>e per lui, era motivo di vanto.<\/p>\n<p>A breve, l\u2019anno lo avrebbe portato via,<\/p>\n<p>era doveroso salutarlo con allegria.<\/p>\n<p>C\u2019era chi ancora storceva il naso,<\/p>\n<p>chi non ci faceva nemmeno caso,<\/p>\n<p>e chi era fiero della trovata identit\u00e0<\/p>\n<p>per non essere pi\u00f9 un cittadino a met\u00e0.<\/p>\n<p>Anche dalla fontana, secca e senza vita,<\/p>\n<p>sgorgava l\u2019acqua, dopo una lunga dormita.<\/p>\n<p>Scorreva nuovamente con tutt\u2019altre emozioni,<\/p>\n<p>come il tempo, verso differenti stagioni.<\/p>\n<p>Ci\u00f2 che si perde diventa passato,<\/p>\n<p>ma ci\u00f2 che si trova era aspettato.<\/p>\n<p>&nbsp;<\/p>\n<p>&nbsp;<\/p>\n<p><em>Il Monte Torrealta,<\/em><\/p>\n<p><em>la cui cima rintocca e risalta,<\/em><\/p>\n<p><em>era un luogo da tenere in vista<\/em><\/p>\n<p><em>per non essere colti alla sprovvista.<\/em><\/p>\n<p><em>Ma il 29 Febbraio ne indicava ancora uno,<\/em><\/p>\n<p><em>che non manca proprio, proprio a nessuno.<\/em><\/p>\n<p>&nbsp;<\/p>\n<p>&nbsp;<\/p>\n<p>\u201cCari amici Torrealtesi,<\/p>\n<p>siete stati cos\u00ec cortesi.<\/p>\n<p>Ad ognuno dico una cosa,<\/p>\n<p>la pi\u00f9 grande, la pi\u00f9 preziosa.<\/p>\n<p>Questo e quello ti aspettavi da me,<\/p>\n<p>senza ma e senza se.<\/p>\n<p>Io sono soltanto un giorno in pi\u00f9,<\/p>\n<p>ma dentro te, ci sei solo tu.<\/p>\n<p>Contro affanni e malumore,<\/p>\n<p>al tempo devi dare peso e valore.<\/p>\n<p>Ogni giorno \u00e8 quello giusto<\/p>\n<p>per riempirlo di pi\u00f9 gusto.<\/p>\n<p>Se qualcuno puoi aiutare,<\/p>\n<p>fallo oggi non rimandare.<\/p>\n<p>Il tempo \u00e8 l\u00ec nelle tue mani,<\/p>\n<p>da modellare per il domani.<\/p>\n<p>E\u2019 un intimo amico, ma ha bisogno di te,<\/p>\n<p>per non sentirsi perso senza un perch\u00e9.<\/p>\n<p>&nbsp;<\/p>\n<p>&nbsp;<\/p>\n<p><em>Tra leggenda e verit\u00e0,<\/em><\/p>\n<p><em>questa storia finisce qua.<\/em><\/p>\n<p><em>Cos\u00ec voleva essere raccontata,<\/em><\/p>\n<p><em>scandita da una rima baciata,<\/em><\/p>\n<p><em>che cerca il tempo e lo trova,<\/em><\/p>\n<p><em>tutti i giorni ed \u00e8 sempre nuova.<\/em><\/p>\n<p><em>\u00a0<\/em><\/p>\n<p><em>\u00a0<\/em><\/p>\n<p><em>\u00a0<\/em><\/p>\n<p><em>\u00a0<\/em><\/p>\n<p><em>\u00a0<\/em><\/p>\n<p><em>\u00a0<\/em><\/p>\n<p>&nbsp;<\/p>\n<p>&nbsp;<\/p>\n<p>&nbsp;<\/p>\n<p>&nbsp;<\/p>\n<p>&nbsp;<\/p>\n<p>&nbsp;<\/p>\n<div class=\"pvc_clear\"><\/div>\n<p id=\"pvc_stats_26588\" class=\"pvc_stats all  \" data-element-id=\"26588\" style=\"\"><i class=\"pvc-stats-icon medium\" aria-hidden=\"true\"><svg aria-hidden=\"true\" focusable=\"false\" data-prefix=\"far\" data-icon=\"chart-bar\" role=\"img\" xmlns=\"http:\/\/www.w3.org\/2000\/svg\" viewBox=\"0 0 512 512\" class=\"svg-inline--fa fa-chart-bar fa-w-16 fa-2x\"><path fill=\"currentColor\" d=\"M396.8 352h22.4c6.4 0 12.8-6.4 12.8-12.8V108.8c0-6.4-6.4-12.8-12.8-12.8h-22.4c-6.4 0-12.8 6.4-12.8 12.8v230.4c0 6.4 6.4 12.8 12.8 12.8zm-192 0h22.4c6.4 0 12.8-6.4 12.8-12.8V140.8c0-6.4-6.4-12.8-12.8-12.8h-22.4c-6.4 0-12.8 6.4-12.8 12.8v198.4c0 6.4 6.4 12.8 12.8 12.8zm96 0h22.4c6.4 0 12.8-6.4 12.8-12.8V204.8c0-6.4-6.4-12.8-12.8-12.8h-22.4c-6.4 0-12.8 6.4-12.8 12.8v134.4c0 6.4 6.4 12.8 12.8 12.8zM496 400H48V80c0-8.84-7.16-16-16-16H16C7.16 64 0 71.16 0 80v336c0 17.67 14.33 32 32 32h464c8.84 0 16-7.16 16-16v-16c0-8.84-7.16-16-16-16zm-387.2-48h22.4c6.4 0 12.8-6.4 12.8-12.8v-70.4c0-6.4-6.4-12.8-12.8-12.8h-22.4c-6.4 0-12.8 6.4-12.8 12.8v70.4c0 6.4 6.4 12.8 12.8 12.8z\" class=\"\"><\/path><\/svg><\/i> <img loading=\"lazy\" decoding=\"async\" width=\"16\" height=\"16\" alt=\"Loading\" src=\"https:\/\/www.raccontinellarete.it\/301\/wp-content\/plugins\/page-views-count\/ajax-loader-2x.gif\" border=0 \/><\/p>\n<div class=\"pvc_clear\"><\/div>\n","protected":false},"excerpt":{"rendered":"<p>Quando una storia \u00e8 verit\u00e0, lodiamo in coro la sua onest\u00e0. Il fatto \u00e8 quello e non pu\u00f2 mutare, c\u2019\u00e8 poco da dire e poco da fare. Quando una storia diventa leggenda, \u00e8 \u00a0qui che comincia ad esser stupenda. \u00a0 \u00a0 \u00a0C\u2019era una volta o forse non c\u2019era, un piccolo borgo senza bandiera. Non \u00e8 [&hellip;]<\/p>\n<div class=\"pvc_clear\"><\/div>\n<p id=\"pvc_stats_26588\" class=\"pvc_stats all  \" data-element-id=\"26588\" style=\"\"><i class=\"pvc-stats-icon medium\" aria-hidden=\"true\"><svg aria-hidden=\"true\" focusable=\"false\" data-prefix=\"far\" data-icon=\"chart-bar\" role=\"img\" xmlns=\"http:\/\/www.w3.org\/2000\/svg\" viewBox=\"0 0 512 512\" class=\"svg-inline--fa fa-chart-bar fa-w-16 fa-2x\"><path fill=\"currentColor\" d=\"M396.8 352h22.4c6.4 0 12.8-6.4 12.8-12.8V108.8c0-6.4-6.4-12.8-12.8-12.8h-22.4c-6.4 0-12.8 6.4-12.8 12.8v230.4c0 6.4 6.4 12.8 12.8 12.8zm-192 0h22.4c6.4 0 12.8-6.4 12.8-12.8V140.8c0-6.4-6.4-12.8-12.8-12.8h-22.4c-6.4 0-12.8 6.4-12.8 12.8v198.4c0 6.4 6.4 12.8 12.8 12.8zm96 0h22.4c6.4 0 12.8-6.4 12.8-12.8V204.8c0-6.4-6.4-12.8-12.8-12.8h-22.4c-6.4 0-12.8 6.4-12.8 12.8v134.4c0 6.4 6.4 12.8 12.8 12.8zM496 400H48V80c0-8.84-7.16-16-16-16H16C7.16 64 0 71.16 0 80v336c0 17.67 14.33 32 32 32h464c8.84 0 16-7.16 16-16v-16c0-8.84-7.16-16-16-16zm-387.2-48h22.4c6.4 0 12.8-6.4 12.8-12.8v-70.4c0-6.4-6.4-12.8-12.8-12.8h-22.4c-6.4 0-12.8 6.4-12.8 12.8v70.4c0 6.4 6.4 12.8 12.8 12.8z\" class=\"\"><\/path><\/svg><\/i> <img loading=\"lazy\" decoding=\"async\" width=\"16\" height=\"16\" alt=\"Loading\" src=\"https:\/\/www.raccontinellarete.it\/301\/wp-content\/plugins\/page-views-count\/ajax-loader-2x.gif\" border=0 \/><\/p>\n<div class=\"pvc_clear\"><\/div>\n","protected":false},"author":8210,"featured_media":0,"comment_status":"open","ping_status":"closed","sticky":false,"template":"","format":"standard","meta":{"footnotes":""},"categories":[359],"tags":[],"class_list":["post-26588","post","type-post","status-publish","format-standard","hentry","category-premio-racconti-nella-rete-2016"],"_links":{"self":[{"href":"https:\/\/www.raccontinellarete.it\/index.php?rest_route=\/wp\/v2\/posts\/26588"}],"collection":[{"href":"https:\/\/www.raccontinellarete.it\/index.php?rest_route=\/wp\/v2\/posts"}],"about":[{"href":"https:\/\/www.raccontinellarete.it\/index.php?rest_route=\/wp\/v2\/types\/post"}],"author":[{"embeddable":true,"href":"https:\/\/www.raccontinellarete.it\/index.php?rest_route=\/wp\/v2\/users\/8210"}],"replies":[{"embeddable":true,"href":"https:\/\/www.raccontinellarete.it\/index.php?rest_route=%2Fwp%2Fv2%2Fcomments&post=26588"}],"version-history":[{"count":5,"href":"https:\/\/www.raccontinellarete.it\/index.php?rest_route=\/wp\/v2\/posts\/26588\/revisions"}],"predecessor-version":[{"id":26616,"href":"https:\/\/www.raccontinellarete.it\/index.php?rest_route=\/wp\/v2\/posts\/26588\/revisions\/26616"}],"wp:attachment":[{"href":"https:\/\/www.raccontinellarete.it\/index.php?rest_route=%2Fwp%2Fv2%2Fmedia&parent=26588"}],"wp:term":[{"taxonomy":"category","embeddable":true,"href":"https:\/\/www.raccontinellarete.it\/index.php?rest_route=%2Fwp%2Fv2%2Fcategories&post=26588"},{"taxonomy":"post_tag","embeddable":true,"href":"https:\/\/www.raccontinellarete.it\/index.php?rest_route=%2Fwp%2Fv2%2Ftags&post=26588"}],"curies":[{"name":"wp","href":"https:\/\/api.w.org\/{rel}","templated":true}]}}