{"id":26544,"date":"2016-02-26T18:52:40","date_gmt":"2016-02-26T17:52:40","guid":{"rendered":"http:\/\/www.raccontinellarete.it\/?p=26544"},"modified":"2016-02-26T18:52:40","modified_gmt":"2016-02-26T17:52:40","slug":"giovedi-3-marzo-racconti-nella-rete-alla-biblioteca-rispoli-di-roma","status":"publish","type":"post","link":"https:\/\/www.raccontinellarete.it\/?p=26544","title":{"rendered":"Giovedi 3 marzo Racconti nella Rete alla Biblioteca Rispoli di Roma"},"content":{"rendered":"<div align=\"justify\"><a href=\"https:\/\/www.raccontinellarete.it\/?attachment_id=25699\" rel=\"attachment wp-att-25699\"><img loading=\"lazy\" decoding=\"async\" class=\"alignleft size-medium wp-image-25699\" src=\"https:\/\/www.raccontinellarete.it\/301\/wp-content\/uploads\/2014\/07\/Racconti-nella-Rete-2015-copertina-di-Sergio-Staino-175x250.jpg\" alt=\"nar_Raccontirete_15.indd\" width=\"175\" height=\"250\" srcset=\"https:\/\/www.raccontinellarete.it\/301\/wp-content\/uploads\/2014\/07\/Racconti-nella-Rete-2015-copertina-di-Sergio-Staino-175x250.jpg 175w, https:\/\/www.raccontinellarete.it\/301\/wp-content\/uploads\/2014\/07\/Racconti-nella-Rete-2015-copertina-di-Sergio-Staino-717x1024.jpg 717w, https:\/\/www.raccontinellarete.it\/301\/wp-content\/uploads\/2014\/07\/Racconti-nella-Rete-2015-copertina-di-Sergio-Staino-900x1286.jpg 900w, https:\/\/www.raccontinellarete.it\/301\/wp-content\/uploads\/2014\/07\/Racconti-nella-Rete-2015-copertina-di-Sergio-Staino.jpg 1654w\" sizes=\"(max-width: 175px) 100vw, 175px\" \/><\/a><\/div>\n<div align=\"justify\"><\/div>\n<div align=\"justify\"><span style=\"font-family: Arial; font-size: large;\">Gioved\u00ec 3 marzo alle 17.00 appuntamento con il premio letterario <em>Racconti nella Rete<\/em> alla Biblioteca Rispoli di Roma (piazza Grazioli 4). Intervengono Demetrio Brandi, presidente di Racconti nella Rete con gli autori Marta Borroni, Claudia Colaneri, Rosalinda Conti, Marco Moroni, Alessandra Scarpinella e Matteo Tella.Con la partecipazione di Arturo Belluardo, Marco Bugliosi, Nicoletta Fazio e Laura Montagna. Letture a cura di Cinzia Iacono, Ines Lonigro e Carmen Verde. Interviene il vignettista e illustratore Marco De Angelis. <\/span><\/div>\n<div align=\"justify\"><\/div>\n<div align=\"justify\"><span style=\"font-family: Arial;\">Si parler\u00e0 dei racconti presenti nell\u2019antologia\u00a0 del premio letterario Racconti nella Rete\u00a0 2015 (Nottetempo)\u00a0 e della nuova edizione\u00a0 in corso nel sito <a href=\"https:\/\/www.raccontinellarete.it\">www.raccontinellarete.it<\/a>\u00a0\u00a0 fino al prossimo 31 maggio. Vedremo anche le immagini del corto \u201c<em>Acetone<\/em>\u201d tratto dal racconto di Marco Moroni, vincitore della sezione corti di Racconti nella Rete.\u00a0\u00a0\u00a0 <\/span><\/div>\n<div align=\"justify\"><\/div>\n<div align=\"justify\"><span style=\"font-family: Arial;\">Durante l\u2019incontro gli autori presenti parleranno dei racconti inseriti nell\u2019antologia\u00a0 e della nuova edizione del premio riservato a racconti brevi e soggetti per cortometraggi. Il concorso 2016, che prevede anche una sezione dedicata ai racconti per bambini, \u00e8\u00a0 in pieno svolgimento nel sito www.raccontinellarete.it. <\/span><\/div>\n<div align=\"justify\"><span style=\"font-family: Arial;\">L\u2019antologia del premio letterario Racconti nella Rete\u00ae, curata da Demetrio Brandi, raccoglie i venticinque racconti selezionati nel 2015, scritti da altrettanti talenti letterari. Il percorso culturale del premio viene evidenziato nelle prime pagine di questa antologia dallo scrittore Eraldo Affinati, amico del premio.<\/span><\/div>\n<div align=\"justify\"><span style=\"font-family: Arial;\">Scrigno di piccole storie compiute, l&#8217;antologia diventa testimonianza del tempo in cui viviamo ed espressione di tematiche sociali affrontate a volte con leggerezza altre volte con passione, sensibilit\u00e0 e rabbia.\u00a0 Espressione di una qualit\u00e0 letteraria in continua crescita, i racconti si caratterizzano per una prosa sempre pi\u00f9 raffinata e variegata e con stili narrativi originali.\u00a0 Il concorso, sempre pi\u00f9 importante vetrina per autori emergenti, si sviluppa dal 2002 nel sito www.raccontinellarete.it.\u00a0 Molti tra gli scrittori pubblicati hanno ottenuto brillanti risultati in campo letterario ed \u00e8 questo il risultato pi\u00f9 importante.<\/span><\/div>\n<div align=\"justify\"><span style=\"font-family: Arial;\">La qualit\u00e0 dei racconti selezionati dalla giuria fa ben sperare per il futuro del premio, il cui obiettivo ultimo \u00e8 quello di stimolare, aggregare, valorizzare e promuovere le creativit\u00e0 e le attitudini professionali in ambito letterario. <\/span><\/div>\n<div align=\"justify\"><span style=\"font-family: Arial;\">Il premio, che comprende la sezione dedicata ai soggetti per cortometraggi, \u00e8 collegato al festival LuccAutori\u00ae,\u00a0 in programma ogni anno ad ottobre a Lucca. <\/span><\/div>\n<div align=\"justify\"><span style=\"font-family: Arial;\">Questi i venticinque autori che hanno vinto la selezione 2015: <\/span><span style=\"font-family: Arial;\">Adil Bellafqih, Maria Beatrice Berti, Marta Borroni, Claudia Colaneri, Rosalinda Conti, Roberto Contini, Maria Antonietta D\u2019Amici, Daniela Grandinetti, Ermanno Lombardo, Carolina Marangio, Deepa Minasi, Marco Montanari, Marco Moroni, Arianna Lisa Bruna Pinton, Rosa Grazia Rapisarda, Emanuele Ratti, Michela Rossi, Alessandra Scarpinella, Liliana Sghettini, Stefania Signorelli, Maria Sordino, Matteo Tella, Alexandra Tempesta, Mariateresa Villani, Antonella Zanca.<\/span><\/div>\n<div align=\"justify\"><\/div>\n<div align=\"justify\"><\/div>\n<div align=\"justify\"><span style=\"font-family: Arial;\">\u00a0 <\/span><\/div>\n<div align=\"justify\"><span style=\"font-family: Arial;\">Informazioni sul premio 2016 nel sito\u00a0 www.raccontinellarete.it\u00a0\u00a0 info@raccontinellarete.it\u00a0 tel.0584961169\u00a0\u00a0 <\/span><\/div>\n<div class=\"pvc_clear\"><\/div>\n<p id=\"pvc_stats_26544\" class=\"pvc_stats all  \" data-element-id=\"26544\" style=\"\"><i class=\"pvc-stats-icon medium\" aria-hidden=\"true\"><svg aria-hidden=\"true\" focusable=\"false\" data-prefix=\"far\" data-icon=\"chart-bar\" role=\"img\" xmlns=\"http:\/\/www.w3.org\/2000\/svg\" viewBox=\"0 0 512 512\" class=\"svg-inline--fa fa-chart-bar fa-w-16 fa-2x\"><path fill=\"currentColor\" d=\"M396.8 352h22.4c6.4 0 12.8-6.4 12.8-12.8V108.8c0-6.4-6.4-12.8-12.8-12.8h-22.4c-6.4 0-12.8 6.4-12.8 12.8v230.4c0 6.4 6.4 12.8 12.8 12.8zm-192 0h22.4c6.4 0 12.8-6.4 12.8-12.8V140.8c0-6.4-6.4-12.8-12.8-12.8h-22.4c-6.4 0-12.8 6.4-12.8 12.8v198.4c0 6.4 6.4 12.8 12.8 12.8zm96 0h22.4c6.4 0 12.8-6.4 12.8-12.8V204.8c0-6.4-6.4-12.8-12.8-12.8h-22.4c-6.4 0-12.8 6.4-12.8 12.8v134.4c0 6.4 6.4 12.8 12.8 12.8zM496 400H48V80c0-8.84-7.16-16-16-16H16C7.16 64 0 71.16 0 80v336c0 17.67 14.33 32 32 32h464c8.84 0 16-7.16 16-16v-16c0-8.84-7.16-16-16-16zm-387.2-48h22.4c6.4 0 12.8-6.4 12.8-12.8v-70.4c0-6.4-6.4-12.8-12.8-12.8h-22.4c-6.4 0-12.8 6.4-12.8 12.8v70.4c0 6.4 6.4 12.8 12.8 12.8z\" class=\"\"><\/path><\/svg><\/i> <img loading=\"lazy\" decoding=\"async\" width=\"16\" height=\"16\" alt=\"Loading\" src=\"https:\/\/www.raccontinellarete.it\/301\/wp-content\/plugins\/page-views-count\/ajax-loader-2x.gif\" border=0 \/><\/p>\n<div class=\"pvc_clear\"><\/div>\n","protected":false},"excerpt":{"rendered":"<p>Gioved\u00ec 3 marzo alle 17.00 appuntamento con il premio letterario Racconti nella Rete alla Biblioteca Rispoli di Roma (piazza Grazioli 4). Intervengono Demetrio Brandi, presidente di Racconti nella Rete con gli autori Marta Borroni, Claudia Colaneri, Rosalinda Conti, Marco Moroni, Alessandra Scarpinella e Matteo Tella.Con la partecipazione di Arturo Belluardo, Marco Bugliosi, Nicoletta Fazio e [&hellip;]<\/p>\n<div class=\"pvc_clear\"><\/div>\n<p id=\"pvc_stats_26544\" class=\"pvc_stats all  \" data-element-id=\"26544\" style=\"\"><i class=\"pvc-stats-icon medium\" aria-hidden=\"true\"><svg aria-hidden=\"true\" focusable=\"false\" data-prefix=\"far\" data-icon=\"chart-bar\" role=\"img\" xmlns=\"http:\/\/www.w3.org\/2000\/svg\" viewBox=\"0 0 512 512\" class=\"svg-inline--fa fa-chart-bar fa-w-16 fa-2x\"><path fill=\"currentColor\" d=\"M396.8 352h22.4c6.4 0 12.8-6.4 12.8-12.8V108.8c0-6.4-6.4-12.8-12.8-12.8h-22.4c-6.4 0-12.8 6.4-12.8 12.8v230.4c0 6.4 6.4 12.8 12.8 12.8zm-192 0h22.4c6.4 0 12.8-6.4 12.8-12.8V140.8c0-6.4-6.4-12.8-12.8-12.8h-22.4c-6.4 0-12.8 6.4-12.8 12.8v198.4c0 6.4 6.4 12.8 12.8 12.8zm96 0h22.4c6.4 0 12.8-6.4 12.8-12.8V204.8c0-6.4-6.4-12.8-12.8-12.8h-22.4c-6.4 0-12.8 6.4-12.8 12.8v134.4c0 6.4 6.4 12.8 12.8 12.8zM496 400H48V80c0-8.84-7.16-16-16-16H16C7.16 64 0 71.16 0 80v336c0 17.67 14.33 32 32 32h464c8.84 0 16-7.16 16-16v-16c0-8.84-7.16-16-16-16zm-387.2-48h22.4c6.4 0 12.8-6.4 12.8-12.8v-70.4c0-6.4-6.4-12.8-12.8-12.8h-22.4c-6.4 0-12.8 6.4-12.8 12.8v70.4c0 6.4 6.4 12.8 12.8 12.8z\" class=\"\"><\/path><\/svg><\/i> <img loading=\"lazy\" decoding=\"async\" width=\"16\" height=\"16\" alt=\"Loading\" src=\"https:\/\/www.raccontinellarete.it\/301\/wp-content\/plugins\/page-views-count\/ajax-loader-2x.gif\" border=0 \/><\/p>\n<div class=\"pvc_clear\"><\/div>\n","protected":false},"author":3,"featured_media":26545,"comment_status":"open","ping_status":"closed","sticky":false,"template":"","format":"standard","meta":{"footnotes":""},"categories":[87,5,4],"tags":[],"class_list":["post-26544","post","type-post","status-publish","format-standard","has-post-thumbnail","hentry","category-comunicato-stampa","category-racconti-nella-rete","category-news"],"_links":{"self":[{"href":"https:\/\/www.raccontinellarete.it\/index.php?rest_route=\/wp\/v2\/posts\/26544"}],"collection":[{"href":"https:\/\/www.raccontinellarete.it\/index.php?rest_route=\/wp\/v2\/posts"}],"about":[{"href":"https:\/\/www.raccontinellarete.it\/index.php?rest_route=\/wp\/v2\/types\/post"}],"author":[{"embeddable":true,"href":"https:\/\/www.raccontinellarete.it\/index.php?rest_route=\/wp\/v2\/users\/3"}],"replies":[{"embeddable":true,"href":"https:\/\/www.raccontinellarete.it\/index.php?rest_route=%2Fwp%2Fv2%2Fcomments&post=26544"}],"version-history":[{"count":1,"href":"https:\/\/www.raccontinellarete.it\/index.php?rest_route=\/wp\/v2\/posts\/26544\/revisions"}],"predecessor-version":[{"id":26546,"href":"https:\/\/www.raccontinellarete.it\/index.php?rest_route=\/wp\/v2\/posts\/26544\/revisions\/26546"}],"wp:featuredmedia":[{"embeddable":true,"href":"https:\/\/www.raccontinellarete.it\/index.php?rest_route=\/wp\/v2\/media\/26545"}],"wp:attachment":[{"href":"https:\/\/www.raccontinellarete.it\/index.php?rest_route=%2Fwp%2Fv2%2Fmedia&parent=26544"}],"wp:term":[{"taxonomy":"category","embeddable":true,"href":"https:\/\/www.raccontinellarete.it\/index.php?rest_route=%2Fwp%2Fv2%2Fcategories&post=26544"},{"taxonomy":"post_tag","embeddable":true,"href":"https:\/\/www.raccontinellarete.it\/index.php?rest_route=%2Fwp%2Fv2%2Ftags&post=26544"}],"curies":[{"name":"wp","href":"https:\/\/api.w.org\/{rel}","templated":true}]}}