{"id":26452,"date":"2016-02-15T19:35:45","date_gmt":"2016-02-15T18:35:45","guid":{"rendered":"http:\/\/www.raccontinellarete.it\/?p=26452"},"modified":"2016-02-15T19:35:45","modified_gmt":"2016-02-15T18:35:45","slug":"premio-racconti-nella-rete-2016-la-differenza-che-fa-la-differenza-di-carla-vinazza","status":"publish","type":"post","link":"https:\/\/www.raccontinellarete.it\/?p=26452","title":{"rendered":"Premio Racconti nella Rete 2016 &#8220;La differenza che fa la differenza&#8221; di Carla Vinazza"},"content":{"rendered":"<p style=\"text-align: left;\">&#8220;Perch\u00e9 questi signori hanno tutti il dito centrale alzato?&#8221;<\/p>\n<p style=\"text-align: left;\">Marcellino, confuso nella ressa della citt\u00e0 a cui non \u00e8 abituato, chiede alla mamma il perch\u00e9 di quello strano comportamento. Non sa neanche che quel dito si chiama medio e quel gesto ha un brutto significato; solitamente vive in campagna e per gran parte della giornata \u00e8 affidato alle cure attente dei nonni, mentre i genitori si spostano verso la citt\u00e0 per recarsi al lavoro.<\/p>\n<p style=\"text-align: left;\">Mamma Lidia, imbarazzata e decisa a non smontare in alcun modo l&#8217;incanto di quel bambino che avr\u00e0 in seguito tutto il tempo per scoprire le brutture del mondo, decide di non rispondere promettendogli una spiegazione accurata quando avranno raggiunto casa.<\/p>\n<p style=\"text-align: left;\">Si guarda intorno Marcellino, con gli occhi sbarrati da una meraviglia che non \u00e8 la stessa di quando vede sbocciare un nuovo fiore o una farfalla che svolazza tra l&#8217;erba. Sono occhi intimiditi e quasi spaventati da un frastuono che non conosce mentre cerca tra la folla altri bambini della sua et\u00e0 ma sono tanto diversi da lui, vestito con indumenti semplici e sicuramente fuori moda.<\/p>\n<p style=\"text-align: left;\">&#8220;Mamma, perch\u00e9 gli altri bambini hanno vestiti cos\u00ec diversi dai miei?&#8221;<\/p>\n<p style=\"text-align: left;\">Anche a questa domanda non segue una risposta e, da bambino intelligente quale \u00e8, capisce che non deve pi\u00f9 chiedere nulla e che la mamma riempir\u00e0 quelle incomprensioni in un momento pi\u00f9 adatto.<\/p>\n<p style=\"text-align: left;\">In citt\u00e0 tutti hanno quel telefono senza fili che anche i suoi genitori possiedono, ma che usano solo per le emergenze; non li ha mai visti camminare per strada e telefonare.<\/p>\n<p style=\"text-align: left;\">Dopo un pomeriggio intero di confusione, finalmente l&#8217;auto di Lidia si inerpica verso la collina dove il sole illumina di ombre basse e lunghe i vigneti vicino casa; \u00a0Marcellino sembra aver dimenticato tutte le stranezze viste in quel fuori programma di cui la mamma si \u00e8 gi\u00e0 pentita, sa per\u00f2 di avere in sospeso delle risposte che sono state promesse e non andranno disattese.<\/p>\n<p style=\"text-align: left;\">Riunita la famiglia intera intorno al tavolo della cucina, il bambino sembra ricordare improvvisamente quelle scene a lui non comprensibili.<\/p>\n<p style=\"text-align: left;\">&#8220;Pap\u00e0, oggi in citt\u00e0 ho visto dei signori che facevano delle cose strane e mamma ha detto che me le avrebbe spiegate con calma&#8221;<\/p>\n<p style=\"text-align: left;\">I genitori si guardano lanciandosi segni di intesa, indecisi se svelare il mondo che c&#8217;\u00e8 oltre quei prati ancora incontaminati o lasciare che il figlio continui a vivere nella sua beata innocenza, pur se per poco. A breve andr\u00e0 a scuola e queste cose le scoprir\u00e0 da solo.<\/p>\n<p style=\"text-align: left;\">&#8220;Marcellino, quante dita ci sono in una mano?&#8221;<\/p>\n<p style=\"text-align: left;\">&#8220;Cinque, mamma&#8221;<\/p>\n<p style=\"text-align: left;\">&#8220;Tu sai il nome di ciascun dito?&#8221;<\/p>\n<p style=\"text-align: left;\">Alza la mano, se la guarda con attenzione, si tocca con l&#8217;altra ogni singolo dito come a fare mente locale.<\/p>\n<p style=\"text-align: left;\">&#8220;C&#8217;\u00e8 il pollice e il mignolo&#8221;<\/p>\n<p style=\"text-align: left;\">&#8220;Sono solo due, e le altre dita?&#8221;<\/p>\n<p style=\"text-align: left;\">&#8220;Sono senza nome. Ma quei signori avevano il dito centrale alzato e non mi hai ancora detto cosa vuole dire&#8221;<\/p>\n<p style=\"text-align: left;\">&#8220;Dopo il pollice c&#8217;\u00e8 l&#8217;indice, quello con cui indichi le persone, le cose che ti piacciono o qualcosa e qualcuno che non ti piace; ricordi quante volte lo hai fatto?&#8221;<\/p>\n<p style=\"text-align: left;\">Fa mente locale e ricorda perfettamente di averlo usato proprio per indicare quegli strani signori.<\/p>\n<p style=\"text-align: left;\">&#8220;S\u00ec mamma, allora lo chiamo indice&#8221;<\/p>\n<p style=\"text-align: left;\">&#8220;Bravo, poi c&#8217;\u00e8 il dito medio, si chiama cos\u00ec proprio perch\u00e9 sta nel mezzo e dopo c&#8217;\u00e8 l&#8217;anulare. Quello \u00e8 il dito dove io e pap\u00e0 teniamo l&#8217;anello del matrimonio&#8221;<\/p>\n<p style=\"text-align: left;\">Accenna un s\u00ec con la testa, ma sembra confuso; nessuno gli ha ancora detto a cosa serve quel dito e cosa significa quel gesto.<\/p>\n<p style=\"text-align: left;\">&#8220;Marcellino, hai mai visto me e la mamma fare quel gesto?&#8221;<\/p>\n<p style=\"text-align: left;\">Ci pensa un attimo, magari gli \u00e8 sfuggito, ma non ricorda nulla di simile.<\/p>\n<p style=\"text-align: left;\">&#8220;No pap\u00e0, come mai?&#8221;<\/p>\n<p style=\"text-align: left;\">&#8220;Prova a pensare a tutto quello che fai durante il giorno. Quante volte uso quel dito?&#8221;<\/p>\n<p style=\"text-align: left;\">Marcellino \u00e8 in difficolt\u00e0; in effetti non sa dire esattamente l&#8217;uso specifico di nessun dito, ma \u00e8 troppo curioso e qualcosa deve inventarsi.<\/p>\n<p style=\"text-align: left;\">&#8220;Me lo infilo nel nasino!&#8221;<\/p>\n<p style=\"text-align: left;\">&#8220;Quante volte per\u00f2 ti abbiamo detto che non si deve fare, in special modo in mezzo alla gente?&#8221;<\/p>\n<p style=\"text-align: left;\">Ci pensa, e pensa anche che gli hanno sempre detto che per fare quella cosa si deve usare il fazzoletto.<\/p>\n<p style=\"text-align: left;\">&#8220;Allora il dito medio non serve a niente, ma se non serve a niente perch\u00e9 ce l&#8217;abbiamo?&#8221;<\/p>\n<p style=\"text-align: left;\">Pap\u00e0 Renzo deve assolutamente mettere fine a questa storia, l&#8217;espressione di mamma Lidia \u00e8 esplicita: non \u00e8 il caso di entrare nei dettagli.<\/p>\n<p style=\"text-align: left;\">&#8220;Marcellino, dove sono attaccate le dita?&#8221;<\/p>\n<p style=\"text-align: left;\">Lui se le guarda ancora per bene, con fare critico.<\/p>\n<p style=\"text-align: left;\">&#8220;Alle mani?&#8221;<\/p>\n<p style=\"text-align: left;\">&#8220;Bravo! Se fossero staccate come potresti usare ogni singolo dito?&#8221;<\/p>\n<p style=\"text-align: left;\">Marcellino ci pensa, ci riflette e arriva alla conclusione che non potrebbe fare nulla.<\/p>\n<p style=\"text-align: left;\">&#8220;Le dita allora sono fatte per stare tutte assieme! Ma quei signori le altre dita non le avevano?&#8221;<\/p>\n<p style=\"text-align: left;\">Mamma Lidia gli prende la manina e gli piega tutte le dita tranne il medio.<\/p>\n<p style=\"text-align: left;\">&#8220;Forza, vediamo cosa riesci a fare solo con quel dito&#8221;<\/p>\n<p style=\"text-align: left;\">L&#8217;istinto \u00e8 quello di portarlo alle narici, ma non si pu\u00f2 fare, glielo hanno appena detto.<\/p>\n<p style=\"text-align: left;\">\u00c8 in difficolt\u00e0, e comincia a pensare che ci hanno creato tutti quanti con un dito che non serve a nulla.<\/p>\n<p style=\"text-align: left;\">&#8220;Ti aiuto un pochino?&#8221;<\/p>\n<p style=\"text-align: left;\">&#8220;S\u00ec mamma, grazie\u201d, e glielo dice con un sorriso riconoscente che sostituisce quell&#8217;espressione di smarrimento e perplessit\u00e0.<\/p>\n<p style=\"text-align: left;\">Lidia si avvina al suo viso e con le dita gli sfiora le gote, carezzandolo.<\/p>\n<p style=\"text-align: left;\">&#8220;Quante dita ho usato, Marcellino?&#8221;<\/p>\n<p style=\"text-align: left;\">&#8220;Tutte!\u201d.<\/p>\n<p style=\"text-align: left;\">&#8220;Ecco, bambino mio. Le cose e le persone da sole non valgono nulla. Che carezza sarebbe stata se l&#8217;avessi fatta solo con il dito medio?\u00a0 Che famiglia saremmo se tu, pap\u00e0, mamma, nonna e nonno non fossimo legati insieme indissolubilmente dall&#8217;amore che proviamo?&#8221;<\/p>\n<p style=\"text-align: left;\">Marcellino ha smesso di guardarsi il dito medio, e con dita flessuose e agili come quando si compone una melodia al pianoforte ha cominciato ad accarezzare i volti di mamma e pap\u00e0.<\/p>\n<p style=\"text-align: left;\">&#8220;Ora hai capito, Marcellino?&#8221;<\/p>\n<p style=\"text-align: left;\">&#8220;Si&#8217;, ho capito che quei signori non sono capaci di amare!\u201d<\/p>\n<p style=\"text-align: left;\">Marcellino l&#8217;anno prossimo andr\u00e0 a scuola e user\u00e0 quella dita per mangiare da solo, per imparare a scrivere, per tenere il segno mentre legger\u00e0, per alzarle tutte quante quando vorr\u00e0 fare una domanda alle maestre, quando disegner\u00e0, quando comincer\u00e0 a fare le flessioni in palestra, quando si arrampicher\u00e0 sulla scaletta dello scivolo o su quella della piscina.<\/p>\n<p style=\"text-align: left;\">Marcellino \u00e8 un bimbo down che avr\u00e0 tanto da insegnare agli altri compagni quando lo scherniranno perch\u00e9 non sapr\u00e0 ancora cosa significa quel dito medio alzato, e sar\u00e0 proprio questo a fare la vera differenza tra lui e loro.<\/p>\n<p style=\"text-align: left;\">\n<div class=\"pvc_clear\"><\/div>\n<p id=\"pvc_stats_26452\" class=\"pvc_stats all  \" data-element-id=\"26452\" style=\"\"><i class=\"pvc-stats-icon medium\" aria-hidden=\"true\"><svg aria-hidden=\"true\" focusable=\"false\" data-prefix=\"far\" data-icon=\"chart-bar\" role=\"img\" xmlns=\"http:\/\/www.w3.org\/2000\/svg\" viewBox=\"0 0 512 512\" class=\"svg-inline--fa fa-chart-bar fa-w-16 fa-2x\"><path fill=\"currentColor\" d=\"M396.8 352h22.4c6.4 0 12.8-6.4 12.8-12.8V108.8c0-6.4-6.4-12.8-12.8-12.8h-22.4c-6.4 0-12.8 6.4-12.8 12.8v230.4c0 6.4 6.4 12.8 12.8 12.8zm-192 0h22.4c6.4 0 12.8-6.4 12.8-12.8V140.8c0-6.4-6.4-12.8-12.8-12.8h-22.4c-6.4 0-12.8 6.4-12.8 12.8v198.4c0 6.4 6.4 12.8 12.8 12.8zm96 0h22.4c6.4 0 12.8-6.4 12.8-12.8V204.8c0-6.4-6.4-12.8-12.8-12.8h-22.4c-6.4 0-12.8 6.4-12.8 12.8v134.4c0 6.4 6.4 12.8 12.8 12.8zM496 400H48V80c0-8.84-7.16-16-16-16H16C7.16 64 0 71.16 0 80v336c0 17.67 14.33 32 32 32h464c8.84 0 16-7.16 16-16v-16c0-8.84-7.16-16-16-16zm-387.2-48h22.4c6.4 0 12.8-6.4 12.8-12.8v-70.4c0-6.4-6.4-12.8-12.8-12.8h-22.4c-6.4 0-12.8 6.4-12.8 12.8v70.4c0 6.4 6.4 12.8 12.8 12.8z\" class=\"\"><\/path><\/svg><\/i> <img loading=\"lazy\" decoding=\"async\" width=\"16\" height=\"16\" alt=\"Loading\" src=\"https:\/\/www.raccontinellarete.it\/301\/wp-content\/plugins\/page-views-count\/ajax-loader-2x.gif\" border=0 \/><\/p>\n<div class=\"pvc_clear\"><\/div>\n","protected":false},"excerpt":{"rendered":"<p>&#8220;Perch\u00e9 questi signori hanno tutti il dito centrale alzato?&#8221; Marcellino, confuso nella ressa della citt\u00e0 a cui non \u00e8 abituato, chiede alla mamma il perch\u00e9 di quello strano comportamento. Non sa neanche che quel dito si chiama medio e quel gesto ha un brutto significato; solitamente vive in campagna e per gran parte della giornata [&hellip;]<\/p>\n<div class=\"pvc_clear\"><\/div>\n<p id=\"pvc_stats_26452\" class=\"pvc_stats all  \" data-element-id=\"26452\" style=\"\"><i class=\"pvc-stats-icon medium\" aria-hidden=\"true\"><svg aria-hidden=\"true\" focusable=\"false\" data-prefix=\"far\" data-icon=\"chart-bar\" role=\"img\" xmlns=\"http:\/\/www.w3.org\/2000\/svg\" viewBox=\"0 0 512 512\" class=\"svg-inline--fa fa-chart-bar fa-w-16 fa-2x\"><path fill=\"currentColor\" d=\"M396.8 352h22.4c6.4 0 12.8-6.4 12.8-12.8V108.8c0-6.4-6.4-12.8-12.8-12.8h-22.4c-6.4 0-12.8 6.4-12.8 12.8v230.4c0 6.4 6.4 12.8 12.8 12.8zm-192 0h22.4c6.4 0 12.8-6.4 12.8-12.8V140.8c0-6.4-6.4-12.8-12.8-12.8h-22.4c-6.4 0-12.8 6.4-12.8 12.8v198.4c0 6.4 6.4 12.8 12.8 12.8zm96 0h22.4c6.4 0 12.8-6.4 12.8-12.8V204.8c0-6.4-6.4-12.8-12.8-12.8h-22.4c-6.4 0-12.8 6.4-12.8 12.8v134.4c0 6.4 6.4 12.8 12.8 12.8zM496 400H48V80c0-8.84-7.16-16-16-16H16C7.16 64 0 71.16 0 80v336c0 17.67 14.33 32 32 32h464c8.84 0 16-7.16 16-16v-16c0-8.84-7.16-16-16-16zm-387.2-48h22.4c6.4 0 12.8-6.4 12.8-12.8v-70.4c0-6.4-6.4-12.8-12.8-12.8h-22.4c-6.4 0-12.8 6.4-12.8 12.8v70.4c0 6.4 6.4 12.8 12.8 12.8z\" class=\"\"><\/path><\/svg><\/i> <img loading=\"lazy\" decoding=\"async\" width=\"16\" height=\"16\" alt=\"Loading\" src=\"https:\/\/www.raccontinellarete.it\/301\/wp-content\/plugins\/page-views-count\/ajax-loader-2x.gif\" border=0 \/><\/p>\n<div class=\"pvc_clear\"><\/div>\n","protected":false},"author":7069,"featured_media":0,"comment_status":"open","ping_status":"closed","sticky":false,"template":"","format":"standard","meta":{"footnotes":""},"categories":[359],"tags":[],"class_list":["post-26452","post","type-post","status-publish","format-standard","hentry","category-premio-racconti-nella-rete-2016"],"_links":{"self":[{"href":"https:\/\/www.raccontinellarete.it\/index.php?rest_route=\/wp\/v2\/posts\/26452"}],"collection":[{"href":"https:\/\/www.raccontinellarete.it\/index.php?rest_route=\/wp\/v2\/posts"}],"about":[{"href":"https:\/\/www.raccontinellarete.it\/index.php?rest_route=\/wp\/v2\/types\/post"}],"author":[{"embeddable":true,"href":"https:\/\/www.raccontinellarete.it\/index.php?rest_route=\/wp\/v2\/users\/7069"}],"replies":[{"embeddable":true,"href":"https:\/\/www.raccontinellarete.it\/index.php?rest_route=%2Fwp%2Fv2%2Fcomments&post=26452"}],"version-history":[{"count":4,"href":"https:\/\/www.raccontinellarete.it\/index.php?rest_route=\/wp\/v2\/posts\/26452\/revisions"}],"predecessor-version":[{"id":26456,"href":"https:\/\/www.raccontinellarete.it\/index.php?rest_route=\/wp\/v2\/posts\/26452\/revisions\/26456"}],"wp:attachment":[{"href":"https:\/\/www.raccontinellarete.it\/index.php?rest_route=%2Fwp%2Fv2%2Fmedia&parent=26452"}],"wp:term":[{"taxonomy":"category","embeddable":true,"href":"https:\/\/www.raccontinellarete.it\/index.php?rest_route=%2Fwp%2Fv2%2Fcategories&post=26452"},{"taxonomy":"post_tag","embeddable":true,"href":"https:\/\/www.raccontinellarete.it\/index.php?rest_route=%2Fwp%2Fv2%2Ftags&post=26452"}],"curies":[{"name":"wp","href":"https:\/\/api.w.org\/{rel}","templated":true}]}}