{"id":26310,"date":"2016-01-28T19:38:48","date_gmt":"2016-01-28T18:38:48","guid":{"rendered":"http:\/\/www.raccontinellarete.it\/?p=26310"},"modified":"2016-02-08T17:21:08","modified_gmt":"2016-02-08T16:21:08","slug":"venerdi-5-febbraio-incontro-alla-ibs-di-firenze","status":"publish","type":"post","link":"https:\/\/www.raccontinellarete.it\/?p=26310","title":{"rendered":"Venerdi 5 febbraio incontro alla Ibs di Firenze"},"content":{"rendered":"<p style=\"text-align: justify;\"><a href=\"https:\/\/www.raccontinellarete.it\/?attachment_id=26311\" rel=\"attachment wp-att-26311\"><img loading=\"lazy\" decoding=\"async\" class=\"alignleft size-medium wp-image-26311\" src=\"https:\/\/www.raccontinellarete.it\/301\/wp-content\/uploads\/2016\/01\/racconti-nella-rete-page-0-177x250.jpg\" alt=\"racconti nella rete-page-0\" width=\"177\" height=\"250\" \/><\/a><\/p>\n<p style=\"text-align: justify;\">Proseguono\u00a0 a\u00a0 Firenze le presentazioni dell\u2019antologia 2015 del premio Racconti nella Rete (Nottetempo).\u00a0 Venerdi\u00a0 5 febbraio\u00a0 alle 18\u00a0 alla Libreria Ibs di Firenze, via de Cerretani\u00a0 16\/r,\u00a0 \u00e8 in programma l\u2019incontro con Demetrio Brandi, presidente del Premio, e con alcuni vincitori del concorso letterario: Intervengono Demetrio Brandi, presidente del premio, \u00a0Silvia Bello Molteni, Marta Borroni,\u00a0 Maria Antonietta D\u2019Amici, \u00a0Michela Rossi, \u00a0Marco Montanari, Vincenzo Sacco.<\/p>\n<p style=\"text-align: justify;\">Racconti nella Rete\u00ae\u00a0 giunge alla quindicesima edizione confermando il successo della formula nata nel web. Il concorso \u00e8 una vetrina sempre pi\u00fa importante per gli autori emergenti e si sviluppa ogni anno nel sito www.raccontinellarete.it. La nuova edizione \u00e8 gi\u00e0 in corso nel sito.\u00a0 Tra le novit\u00e0 la quota di partecipazione ridotta per gli scrittori under 25.<\/p>\n<p style=\"text-align: justify;\">L\u2019intento del concorso \u00e8 quello di mettere in contatto i professionisti della parola scritta con gli aspiranti scrittori di domani. \u00a0Il punto di incontro diventa proprio il genere del racconto.<\/p>\n<p style=\"text-align: justify;\">Spesso sottovalutato nel contesto editoriale italiano, il racconto rappresenta un valore inestimabile della nostra cultura. Il racconto \u00e8 diretto, incalzante, illuminante,\u00a0 rappresenta la soluzione espressiva che realizza la migliore sintesi tra classicit\u00e0 e sperimentazione letteraria. \u00a0Da un lato la storia breve si presta a mettere in luce forme stilistiche di avanguardia; per sua natura non consente infatti eccessi o divagazioni, esige immediatezza, talvolta si muove sul confine dell\u2019intimismo, pu\u00f2 diventare un iniziale prova di superare il confine della narrazione autobiografica. Spesso giovani autori escono dai limiti della forma diaristica, approdando \u00a0alla regione sterminata della fantasia, proprio attraverso un racconto. Anche gli scrittori di esperienza decidono di mettere alla prova nuove intuizioni in poche pagine. Il racconto diventa cos\u00ec un \u201cnavigare\u201d a vista, offre l\u2019occasione per esplorare e approfondire i temi pi\u00f9 disparati, che vanno dall\u2019emozione, alla riflessione, alla fantasia, all\u2019avventura fino ad approdare alla denuncia o all\u2019indagine sociale.<\/p>\n<p style=\"text-align: justify;\">L\u2019antologia del premio letterario Racconti nella Rete\u00ae, curata da Demetrio Brandi, \u00e8 impreziosita dalla prefazione dello scrittore Eraldo Affinati.<\/p>\n<p style=\"text-align: justify;\">Il premio, che comprende la sezione dedicata ai soggetti per cortometraggi, \u00e8 collegato al festival LuccAutori\u00ae, in programma ogni anno a ottobre a Lucca.\u00a0 Questi i venticinque autori che hanno vinto la selezione 2015: Adil Bellafqih, Maria Beatrice Berti, Marta Borroni, Claudia Colaneri, Rosalinda Conti, Roberto Contini, Maria Antonietta D\u2019Amici, Daniela Grandinetti, Ermanno Lombardo, Carolina Marangio, Deepa Minasi, Marco Montanari, Marco Moroni, Arianna Lisa Bruna Pinton, Rosa Grazia Rapisarda, Emanuele Ratti, Michela Rossi, Alessandra Scarpinella, Liliana Sghettini, Stefania Signorelli, Maria Sordino, Matteo Tella, Alexandra Tempesta, Mariateresa Villani, Antonella Zanca.<\/p>\n<p>www.raccontinellarete.it<\/p>\n<div class=\"pvc_clear\"><\/div>\n<p id=\"pvc_stats_26310\" class=\"pvc_stats all  \" data-element-id=\"26310\" style=\"\"><i class=\"pvc-stats-icon medium\" aria-hidden=\"true\"><svg aria-hidden=\"true\" focusable=\"false\" data-prefix=\"far\" data-icon=\"chart-bar\" role=\"img\" xmlns=\"http:\/\/www.w3.org\/2000\/svg\" viewBox=\"0 0 512 512\" class=\"svg-inline--fa fa-chart-bar fa-w-16 fa-2x\"><path fill=\"currentColor\" d=\"M396.8 352h22.4c6.4 0 12.8-6.4 12.8-12.8V108.8c0-6.4-6.4-12.8-12.8-12.8h-22.4c-6.4 0-12.8 6.4-12.8 12.8v230.4c0 6.4 6.4 12.8 12.8 12.8zm-192 0h22.4c6.4 0 12.8-6.4 12.8-12.8V140.8c0-6.4-6.4-12.8-12.8-12.8h-22.4c-6.4 0-12.8 6.4-12.8 12.8v198.4c0 6.4 6.4 12.8 12.8 12.8zm96 0h22.4c6.4 0 12.8-6.4 12.8-12.8V204.8c0-6.4-6.4-12.8-12.8-12.8h-22.4c-6.4 0-12.8 6.4-12.8 12.8v134.4c0 6.4 6.4 12.8 12.8 12.8zM496 400H48V80c0-8.84-7.16-16-16-16H16C7.16 64 0 71.16 0 80v336c0 17.67 14.33 32 32 32h464c8.84 0 16-7.16 16-16v-16c0-8.84-7.16-16-16-16zm-387.2-48h22.4c6.4 0 12.8-6.4 12.8-12.8v-70.4c0-6.4-6.4-12.8-12.8-12.8h-22.4c-6.4 0-12.8 6.4-12.8 12.8v70.4c0 6.4 6.4 12.8 12.8 12.8z\" class=\"\"><\/path><\/svg><\/i> <img loading=\"lazy\" decoding=\"async\" width=\"16\" height=\"16\" alt=\"Loading\" src=\"https:\/\/www.raccontinellarete.it\/301\/wp-content\/plugins\/page-views-count\/ajax-loader-2x.gif\" border=0 \/><\/p>\n<div class=\"pvc_clear\"><\/div>\n","protected":false},"excerpt":{"rendered":"<p>Proseguono\u00a0 a\u00a0 Firenze le presentazioni dell\u2019antologia 2015 del premio Racconti nella Rete (Nottetempo).\u00a0 Venerdi\u00a0 5 febbraio\u00a0 alle 18\u00a0 alla Libreria Ibs di Firenze, via de Cerretani\u00a0 16\/r,\u00a0 \u00e8 in programma l\u2019incontro con Demetrio Brandi, presidente del Premio, e con alcuni vincitori del concorso letterario: Intervengono Demetrio Brandi, presidente del premio, \u00a0Silvia Bello Molteni, Marta Borroni,\u00a0 [&hellip;]<\/p>\n<div class=\"pvc_clear\"><\/div>\n<p id=\"pvc_stats_26310\" class=\"pvc_stats all  \" data-element-id=\"26310\" style=\"\"><i class=\"pvc-stats-icon medium\" aria-hidden=\"true\"><svg aria-hidden=\"true\" focusable=\"false\" data-prefix=\"far\" data-icon=\"chart-bar\" role=\"img\" xmlns=\"http:\/\/www.w3.org\/2000\/svg\" viewBox=\"0 0 512 512\" class=\"svg-inline--fa fa-chart-bar fa-w-16 fa-2x\"><path fill=\"currentColor\" d=\"M396.8 352h22.4c6.4 0 12.8-6.4 12.8-12.8V108.8c0-6.4-6.4-12.8-12.8-12.8h-22.4c-6.4 0-12.8 6.4-12.8 12.8v230.4c0 6.4 6.4 12.8 12.8 12.8zm-192 0h22.4c6.4 0 12.8-6.4 12.8-12.8V140.8c0-6.4-6.4-12.8-12.8-12.8h-22.4c-6.4 0-12.8 6.4-12.8 12.8v198.4c0 6.4 6.4 12.8 12.8 12.8zm96 0h22.4c6.4 0 12.8-6.4 12.8-12.8V204.8c0-6.4-6.4-12.8-12.8-12.8h-22.4c-6.4 0-12.8 6.4-12.8 12.8v134.4c0 6.4 6.4 12.8 12.8 12.8zM496 400H48V80c0-8.84-7.16-16-16-16H16C7.16 64 0 71.16 0 80v336c0 17.67 14.33 32 32 32h464c8.84 0 16-7.16 16-16v-16c0-8.84-7.16-16-16-16zm-387.2-48h22.4c6.4 0 12.8-6.4 12.8-12.8v-70.4c0-6.4-6.4-12.8-12.8-12.8h-22.4c-6.4 0-12.8 6.4-12.8 12.8v70.4c0 6.4 6.4 12.8 12.8 12.8z\" class=\"\"><\/path><\/svg><\/i> <img loading=\"lazy\" decoding=\"async\" width=\"16\" height=\"16\" alt=\"Loading\" src=\"https:\/\/www.raccontinellarete.it\/301\/wp-content\/plugins\/page-views-count\/ajax-loader-2x.gif\" border=0 \/><\/p>\n<div class=\"pvc_clear\"><\/div>\n","protected":false},"author":3,"featured_media":26412,"comment_status":"open","ping_status":"closed","sticky":false,"template":"","format":"standard","meta":{"footnotes":""},"categories":[87,5,4],"tags":[],"class_list":["post-26310","post","type-post","status-publish","format-standard","has-post-thumbnail","hentry","category-comunicato-stampa","category-racconti-nella-rete","category-news"],"_links":{"self":[{"href":"https:\/\/www.raccontinellarete.it\/index.php?rest_route=\/wp\/v2\/posts\/26310"}],"collection":[{"href":"https:\/\/www.raccontinellarete.it\/index.php?rest_route=\/wp\/v2\/posts"}],"about":[{"href":"https:\/\/www.raccontinellarete.it\/index.php?rest_route=\/wp\/v2\/types\/post"}],"author":[{"embeddable":true,"href":"https:\/\/www.raccontinellarete.it\/index.php?rest_route=\/wp\/v2\/users\/3"}],"replies":[{"embeddable":true,"href":"https:\/\/www.raccontinellarete.it\/index.php?rest_route=%2Fwp%2Fv2%2Fcomments&post=26310"}],"version-history":[{"count":2,"href":"https:\/\/www.raccontinellarete.it\/index.php?rest_route=\/wp\/v2\/posts\/26310\/revisions"}],"predecessor-version":[{"id":26413,"href":"https:\/\/www.raccontinellarete.it\/index.php?rest_route=\/wp\/v2\/posts\/26310\/revisions\/26413"}],"wp:featuredmedia":[{"embeddable":true,"href":"https:\/\/www.raccontinellarete.it\/index.php?rest_route=\/wp\/v2\/media\/26412"}],"wp:attachment":[{"href":"https:\/\/www.raccontinellarete.it\/index.php?rest_route=%2Fwp%2Fv2%2Fmedia&parent=26310"}],"wp:term":[{"taxonomy":"category","embeddable":true,"href":"https:\/\/www.raccontinellarete.it\/index.php?rest_route=%2Fwp%2Fv2%2Fcategories&post=26310"},{"taxonomy":"post_tag","embeddable":true,"href":"https:\/\/www.raccontinellarete.it\/index.php?rest_route=%2Fwp%2Fv2%2Ftags&post=26310"}],"curies":[{"name":"wp","href":"https:\/\/api.w.org\/{rel}","templated":true}]}}