{"id":25794,"date":"2015-10-19T19:11:57","date_gmt":"2015-10-19T18:11:57","guid":{"rendered":"http:\/\/www.raccontinellarete.it\/?p=25794"},"modified":"2015-10-19T19:21:24","modified_gmt":"2015-10-19T18:21:24","slug":"quando-le-storie-corrono-sul-web-racconti-nella-rete-al-bookcity-di-milano","status":"publish","type":"post","link":"https:\/\/www.raccontinellarete.it\/?p=25794","title":{"rendered":"Quando le storie corrono sul web. Racconti nella Rete al  BOOKCITY di Milano."},"content":{"rendered":"<div><\/div>\n<div style=\"text-align: justify;\"><a href=\"https:\/\/www.raccontinellarete.it\/?attachment_id=25699\" rel=\"attachment wp-att-25699\"><img loading=\"lazy\" decoding=\"async\" class=\"alignleft size-medium wp-image-25699\" src=\"https:\/\/www.raccontinellarete.it\/301\/wp-content\/uploads\/2014\/07\/Racconti-nella-Rete-2015-copertina-di-Sergio-Staino-175x250.jpg\" alt=\"nar_Raccontirete_15.indd\" width=\"175\" height=\"250\" srcset=\"https:\/\/www.raccontinellarete.it\/301\/wp-content\/uploads\/2014\/07\/Racconti-nella-Rete-2015-copertina-di-Sergio-Staino-175x250.jpg 175w, https:\/\/www.raccontinellarete.it\/301\/wp-content\/uploads\/2014\/07\/Racconti-nella-Rete-2015-copertina-di-Sergio-Staino-717x1024.jpg 717w, https:\/\/www.raccontinellarete.it\/301\/wp-content\/uploads\/2014\/07\/Racconti-nella-Rete-2015-copertina-di-Sergio-Staino-900x1286.jpg 900w, https:\/\/www.raccontinellarete.it\/301\/wp-content\/uploads\/2014\/07\/Racconti-nella-Rete-2015-copertina-di-Sergio-Staino.jpg 1654w\" sizes=\"(max-width: 175px) 100vw, 175px\" \/><\/a><\/div>\n<div style=\"text-align: justify;\"><\/div>\n<div style=\"text-align: justify;\"><\/div>\n<div style=\"text-align: justify;\"><\/div>\n<p><!--more--><\/p>\n<div style=\"text-align: justify;\"><\/div>\n<div style=\"text-align: justify;\"><span style=\"font-family: Arial;\">Venerdi 23 ottobre alle 18.30 presso la Sala del Grechetto della\u00a0 Biblioteca Sormani, Via Francesco Sforza 7 a Milano, sar\u00e0 presentata in anteprima a BOOKCITY la nuova antologia del premio &#8220;Racconti nella Rete 2015&#8221; a cura di Demetrio Brandi (Nottetempo). Titolo dell&#8217;incontro &#8220;Quando le storie corrono sul web&#8221;.<\/span><\/div>\n<div style=\"text-align: justify;\"><\/div>\n<p><!--more--><\/p>\n<div style=\"text-align: justify;\"><span style=\"font-family: Arial;\">Presentazione dell&#8217;antologia Racconti nella Rete con l&#8217;intervento di Demetrio Brandi, presidente del Premio Letterario, della scrittrice Anna De Castiglione membro della giuria e di alcuni vincitori dell\u2019edizione 2015 del premio letterario: Roberto Contini, Arianna Pinton, Emanuele Ratti, Stefania Signorelli, Alexandra Tempesta e Antonella Zanca.<\/span><\/div>\n<div style=\"text-align: justify;\"><\/div>\n<p><!--more--><\/p>\n<div style=\"text-align: justify;\"><span style=\"font-family: Arial;\">Racconti nella Rete\u00ae ha tagliato il traguardo della sua quattordicesima edizione confermando il successo della formula nata nel web. Il concorso \u00e8 una vetrina sempre pi\u00fa importante per gli autori emergenti e si sviluppa ogni anno nel sito www.raccontinellarete.it. La nuova edizione \u00e8 gi\u00e0 in corso nel sito. <\/span><\/div>\n<div style=\"text-align: justify;\"><span style=\"font-family: Arial;\">Centinaia di racconti dimostrano che anche in questo nostro mondo, superficiale e frenetico, il misterioso fascino della parola scritta resta inalterato nel tempo. Allo stesso modo di Sherazade che, nelle Mille e una notte, riesce a salvarsi la vita grazie alla sua abilit\u00e0 nel raccontare storie avvincenti, i venticinque autori selezionati nel 2015 sfidano l\u2019indifferenza del mondo; e vincono. Vincono alla grande.<\/span><\/div>\n<div style=\"text-align: justify;\"><span style=\"font-family: Arial;\">Non ci parlano di supereroi, n\u00e9 di superpoteri; il potere \u00e8 nelle loro parole. Forse spinti dal piacere di sentirsi a tutti gli effetti \u201cscrittori\u201d, forse spinti dal gusto carico di adrenalina della sfida, gli autori riescono ad accendere la nostra immaginazione e a parlare al nostro cuore, svelandoci preziose verit\u00e0, rivelandoci un\u2019umanit\u00e0 spesso marginale, eppure ostinatamente aggrappata alla speranza.<\/span><\/div>\n<div style=\"text-align: justify;\"><span style=\"font-family: Arial;\">L\u2019antologia del premio letterario Racconti nella Rete\u00ae, curata da Demetrio Brandi, \u00e8 impreziosita dalla prefazione dello scrittore Eraldo Affinati.<\/span><\/div>\n<div style=\"text-align: justify;\"><\/div>\n<div style=\"text-align: justify;\"><span style=\"font-family: Arial;\">Il premio, che comprende la sezione dedicata ai soggetti per cortometraggi, \u00e8 collegato al festival LuccAutori\u00ae, in programma ogni anno a ottobre a Lucca.\u00a0 Questi i venticinque autori che hanno vinto la selezione 2015: Adil Bellafqih, Maria Beatrice Berti, Marta Borroni, Claudia Colaneri, Rosalinda Conti, Roberto Contini, Maria Antonietta D\u2019Amici, Daniela Grandinetti, Ermanno Lombardo, Carolina Marangio, Deepa Minasi, Marco Montanari, Marco Moroni, Arianna Lisa Bruna Pinton, Rosa Grazia Rapisarda, Emanuele Ratti, Michela Rossi, Alessandra Scarpinella, Liliana Sghettini, Stefania Signorelli, Maria Sordino, Matteo Tella, Alexandra Tempesta, Mariateresa Villani, Antonella Zanca.<\/span><\/div>\n<div class=\"pvc_clear\"><\/div>\n<p id=\"pvc_stats_25794\" class=\"pvc_stats all  \" data-element-id=\"25794\" style=\"\"><i class=\"pvc-stats-icon medium\" aria-hidden=\"true\"><svg aria-hidden=\"true\" focusable=\"false\" data-prefix=\"far\" data-icon=\"chart-bar\" role=\"img\" xmlns=\"http:\/\/www.w3.org\/2000\/svg\" viewBox=\"0 0 512 512\" class=\"svg-inline--fa fa-chart-bar fa-w-16 fa-2x\"><path fill=\"currentColor\" d=\"M396.8 352h22.4c6.4 0 12.8-6.4 12.8-12.8V108.8c0-6.4-6.4-12.8-12.8-12.8h-22.4c-6.4 0-12.8 6.4-12.8 12.8v230.4c0 6.4 6.4 12.8 12.8 12.8zm-192 0h22.4c6.4 0 12.8-6.4 12.8-12.8V140.8c0-6.4-6.4-12.8-12.8-12.8h-22.4c-6.4 0-12.8 6.4-12.8 12.8v198.4c0 6.4 6.4 12.8 12.8 12.8zm96 0h22.4c6.4 0 12.8-6.4 12.8-12.8V204.8c0-6.4-6.4-12.8-12.8-12.8h-22.4c-6.4 0-12.8 6.4-12.8 12.8v134.4c0 6.4 6.4 12.8 12.8 12.8zM496 400H48V80c0-8.84-7.16-16-16-16H16C7.16 64 0 71.16 0 80v336c0 17.67 14.33 32 32 32h464c8.84 0 16-7.16 16-16v-16c0-8.84-7.16-16-16-16zm-387.2-48h22.4c6.4 0 12.8-6.4 12.8-12.8v-70.4c0-6.4-6.4-12.8-12.8-12.8h-22.4c-6.4 0-12.8 6.4-12.8 12.8v70.4c0 6.4 6.4 12.8 12.8 12.8z\" class=\"\"><\/path><\/svg><\/i> <img loading=\"lazy\" decoding=\"async\" width=\"16\" height=\"16\" alt=\"Loading\" src=\"https:\/\/www.raccontinellarete.it\/301\/wp-content\/plugins\/page-views-count\/ajax-loader-2x.gif\" border=0 \/><\/p>\n<div class=\"pvc_clear\"><\/div>\n","protected":false},"excerpt":{"rendered":"<div class=\"pvc_clear\"><\/div>\n<p id=\"pvc_stats_25794\" class=\"pvc_stats all  \" data-element-id=\"25794\" style=\"\"><i class=\"pvc-stats-icon medium\" aria-hidden=\"true\"><svg aria-hidden=\"true\" focusable=\"false\" data-prefix=\"far\" data-icon=\"chart-bar\" role=\"img\" xmlns=\"http:\/\/www.w3.org\/2000\/svg\" viewBox=\"0 0 512 512\" class=\"svg-inline--fa fa-chart-bar fa-w-16 fa-2x\"><path fill=\"currentColor\" d=\"M396.8 352h22.4c6.4 0 12.8-6.4 12.8-12.8V108.8c0-6.4-6.4-12.8-12.8-12.8h-22.4c-6.4 0-12.8 6.4-12.8 12.8v230.4c0 6.4 6.4 12.8 12.8 12.8zm-192 0h22.4c6.4 0 12.8-6.4 12.8-12.8V140.8c0-6.4-6.4-12.8-12.8-12.8h-22.4c-6.4 0-12.8 6.4-12.8 12.8v198.4c0 6.4 6.4 12.8 12.8 12.8zm96 0h22.4c6.4 0 12.8-6.4 12.8-12.8V204.8c0-6.4-6.4-12.8-12.8-12.8h-22.4c-6.4 0-12.8 6.4-12.8 12.8v134.4c0 6.4 6.4 12.8 12.8 12.8zM496 400H48V80c0-8.84-7.16-16-16-16H16C7.16 64 0 71.16 0 80v336c0 17.67 14.33 32 32 32h464c8.84 0 16-7.16 16-16v-16c0-8.84-7.16-16-16-16zm-387.2-48h22.4c6.4 0 12.8-6.4 12.8-12.8v-70.4c0-6.4-6.4-12.8-12.8-12.8h-22.4c-6.4 0-12.8 6.4-12.8 12.8v70.4c0 6.4 6.4 12.8 12.8 12.8z\" class=\"\"><\/path><\/svg><\/i> <img loading=\"lazy\" decoding=\"async\" width=\"16\" height=\"16\" alt=\"Loading\" src=\"https:\/\/www.raccontinellarete.it\/301\/wp-content\/plugins\/page-views-count\/ajax-loader-2x.gif\" border=0 \/><\/p>\n<div class=\"pvc_clear\"><\/div>\n","protected":false},"author":3,"featured_media":25795,"comment_status":"open","ping_status":"closed","sticky":false,"template":"","format":"standard","meta":{"footnotes":""},"categories":[87,5,4],"tags":[],"class_list":["post-25794","post","type-post","status-publish","format-standard","has-post-thumbnail","hentry","category-comunicato-stampa","category-racconti-nella-rete","category-news"],"_links":{"self":[{"href":"https:\/\/www.raccontinellarete.it\/index.php?rest_route=\/wp\/v2\/posts\/25794"}],"collection":[{"href":"https:\/\/www.raccontinellarete.it\/index.php?rest_route=\/wp\/v2\/posts"}],"about":[{"href":"https:\/\/www.raccontinellarete.it\/index.php?rest_route=\/wp\/v2\/types\/post"}],"author":[{"embeddable":true,"href":"https:\/\/www.raccontinellarete.it\/index.php?rest_route=\/wp\/v2\/users\/3"}],"replies":[{"embeddable":true,"href":"https:\/\/www.raccontinellarete.it\/index.php?rest_route=%2Fwp%2Fv2%2Fcomments&post=25794"}],"version-history":[{"count":9,"href":"https:\/\/www.raccontinellarete.it\/index.php?rest_route=\/wp\/v2\/posts\/25794\/revisions"}],"predecessor-version":[{"id":25804,"href":"https:\/\/www.raccontinellarete.it\/index.php?rest_route=\/wp\/v2\/posts\/25794\/revisions\/25804"}],"wp:featuredmedia":[{"embeddable":true,"href":"https:\/\/www.raccontinellarete.it\/index.php?rest_route=\/wp\/v2\/media\/25795"}],"wp:attachment":[{"href":"https:\/\/www.raccontinellarete.it\/index.php?rest_route=%2Fwp%2Fv2%2Fmedia&parent=25794"}],"wp:term":[{"taxonomy":"category","embeddable":true,"href":"https:\/\/www.raccontinellarete.it\/index.php?rest_route=%2Fwp%2Fv2%2Fcategories&post=25794"},{"taxonomy":"post_tag","embeddable":true,"href":"https:\/\/www.raccontinellarete.it\/index.php?rest_route=%2Fwp%2Fv2%2Ftags&post=25794"}],"curies":[{"name":"wp","href":"https:\/\/api.w.org\/{rel}","templated":true}]}}