{"id":25756,"date":"2015-09-24T17:57:03","date_gmt":"2015-09-24T16:57:03","guid":{"rendered":"http:\/\/www.raccontinellarete.it\/?p=25756"},"modified":"2015-09-24T19:06:08","modified_gmt":"2015-09-24T18:06:08","slug":"ennio-cavalli-inaugura-la-xxi-edizione-del-festival-luccautori-premio-racconti-nella-rete-2015","status":"publish","type":"post","link":"https:\/\/www.raccontinellarete.it\/?p=25756","title":{"rendered":"Ennio Cavalli inaugura la XXI edizione del festival LuccAutori &#8211; Premio Racconti nella Rete 2015"},"content":{"rendered":"<div dir=\"ltr\">\n<div style=\"font-style: normal; display: inline; font-family: 'Calibri'; color: #000000; font-size: small; font-weight: normal; text-decoration: none;\">\n<div dir=\"ltr\">\n<div style=\"font-family: 'Calibri'; color: #000000; font-size: 12pt;\">\n<div align=\"justify\">\u00a0<span style=\"font-family: Arial;\"><strong><a href=\"https:\/\/www.raccontinellarete.it\/?attachment_id=25757\" rel=\"attachment wp-att-25757\"><img loading=\"lazy\" decoding=\"async\" class=\"alignleft size-medium wp-image-25757\" src=\"https:\/\/www.raccontinellarete.it\/301\/wp-content\/uploads\/2015\/09\/cavalli_ennio-344x248.jpg\" alt=\"cavalli_ennio\" width=\"344\" height=\"248\" \/><\/a><\/strong><\/span><\/div>\n<div align=\"justify\"><\/div>\n<div align=\"justify\"><span style=\"font-family: Arial;\"><br \/>\n<\/span><span style=\"font-family: Arial;\"><strong>Sabato 26 settembre alle 10 presso l&#8217;Auditorium della Fondazione Ragghianti di Lucca incontro con il poeta ENNIO CAVALLI.<\/strong><\/span><\/div>\n<div align=\"justify\"><\/div>\n<div align=\"justify\"><span style=\"font-family: Arial;\">Prende il via la ventunesima edizione del festival letterario <strong>LuccAutori<\/strong>. La rassegna, inserita nel calendario del Settembre Lucchese del Comune di Lucca, fa incontrare gli scrittori famosi con gli autori esordienti vincitori del premio Racconti nella Rete. <\/span><\/div>\n<div align=\"justify\"><span style=\"font-family: Arial;\">Anche quest\u2019anno Demetrio Brandi ha confezionato un programma ricco di eventi che andr\u00e0 avanti fino all\u201911 ottobre. <\/span><span style=\"font-family: Arial;\">Come sempre ci sar\u00e0 il grande coinvolgimento delle scuole cittadine,\u00a0 a partire da <strong>sabato 26 settembre alle 10 presso l&#8217;Auditorium della Fondazione Ragghianti di Lucca dove \u00e8 in programma l\u2019incontro pubblico con il poeta ENNIO CAVALLI.<\/strong><\/span><\/div>\n<div align=\"justify\"><\/div>\n<div align=\"justify\"><span style=\"font-family: Arial;\">Partecipano gli studenti del Liceo artistico e musicale Passaglia. Cavalli presenta il nuovo testo dal titolo \u201cLA PIU\u2019 BELLA POESIA DEL LIBRO e altre anomalie\u201d (Nino Aragno Editore). \u201c<strong>La pi\u00f9 bella poesia del libro \u2013 scrive Cavalli &#8211; \u00e8 tutto il libro, e tutto il libro \u00e8 un tubolare di bici da corsa fissato col mastice alla felicit\u00e0 del momento.\u201d<\/strong> <\/span><\/div>\n<div align=\"justify\"><span style=\"font-family: Arial;\">Ennio Cavalli romagnolo di nascita, vive a Roma. Fa parte della giuria del premio letterario Racconti nella Rete.<\/span><\/div>\n<div align=\"justify\"><span style=\"font-family: Arial;\">Dapprima Inviato speciale e caporedattore culturale dei GR-RAI, \u00e8 un noto poeta e narratore, vincitore di numerosi importanti premi nazionali, tra i quali il &#8220;Campiello &#8211; Giuria dei Letterati&#8221; e il &#8220;Viareggio&#8221; Poesia. \u00c8 presente nelle principali antologie di poeti, tra cui &#8220;Poesia italiana oggi&#8221; (1981) e &#8220;Poesia italiana del Novecento&#8221; (1990). Tra le sue raccolte in versi,\u00a0 &#8220;Naja tripudians&#8221; (prefazione di A.M. Ripellino, 1976). &#8220;Po&#8221; e &#8220;Sia&#8221; (1991, in cinquina al premio Viareggio), &#8220;Libro di storia e di grilli&#8221; (1996, premio Montale), &#8220;Libro di scienza e di nani&#8221; (prefazione di R. Roversi, 1999) e &#8220;Bambini e clandestini&#8221; (con una nota di Erri De Luca, 2002, in cinquina al Viareggio e premio Pisa). Nel 2014 esce per i tipi Archinto &#8220;La cosa poetica. Le avventure di un detective dell&#8217;imprevisto&#8221;.<\/span><\/div>\n<div align=\"justify\"><\/div>\n<div align=\"justify\"><span style=\"font-family: Arial;\">Ingresso libero. Per info <a href=\"https:\/\/www.raccontinellarete.it\">www.raccontinellarete.it<\/a>\u00a0\u00a0\u00a0 <\/span><\/div>\n<\/div>\n<\/div>\n<\/div>\n<\/div>\n<div class=\"pvc_clear\"><\/div>\n<p id=\"pvc_stats_25756\" class=\"pvc_stats all  \" data-element-id=\"25756\" style=\"\"><i class=\"pvc-stats-icon medium\" aria-hidden=\"true\"><svg aria-hidden=\"true\" focusable=\"false\" data-prefix=\"far\" data-icon=\"chart-bar\" role=\"img\" xmlns=\"http:\/\/www.w3.org\/2000\/svg\" viewBox=\"0 0 512 512\" class=\"svg-inline--fa fa-chart-bar fa-w-16 fa-2x\"><path fill=\"currentColor\" d=\"M396.8 352h22.4c6.4 0 12.8-6.4 12.8-12.8V108.8c0-6.4-6.4-12.8-12.8-12.8h-22.4c-6.4 0-12.8 6.4-12.8 12.8v230.4c0 6.4 6.4 12.8 12.8 12.8zm-192 0h22.4c6.4 0 12.8-6.4 12.8-12.8V140.8c0-6.4-6.4-12.8-12.8-12.8h-22.4c-6.4 0-12.8 6.4-12.8 12.8v198.4c0 6.4 6.4 12.8 12.8 12.8zm96 0h22.4c6.4 0 12.8-6.4 12.8-12.8V204.8c0-6.4-6.4-12.8-12.8-12.8h-22.4c-6.4 0-12.8 6.4-12.8 12.8v134.4c0 6.4 6.4 12.8 12.8 12.8zM496 400H48V80c0-8.84-7.16-16-16-16H16C7.16 64 0 71.16 0 80v336c0 17.67 14.33 32 32 32h464c8.84 0 16-7.16 16-16v-16c0-8.84-7.16-16-16-16zm-387.2-48h22.4c6.4 0 12.8-6.4 12.8-12.8v-70.4c0-6.4-6.4-12.8-12.8-12.8h-22.4c-6.4 0-12.8 6.4-12.8 12.8v70.4c0 6.4 6.4 12.8 12.8 12.8z\" class=\"\"><\/path><\/svg><\/i> <img loading=\"lazy\" decoding=\"async\" width=\"16\" height=\"16\" alt=\"Loading\" src=\"https:\/\/www.raccontinellarete.it\/301\/wp-content\/plugins\/page-views-count\/ajax-loader-2x.gif\" border=0 \/><\/p>\n<div class=\"pvc_clear\"><\/div>\n","protected":false},"excerpt":{"rendered":"<p>\u00a0 Sabato 26 settembre alle 10 presso l&#8217;Auditorium della Fondazione Ragghianti di Lucca incontro con il poeta ENNIO CAVALLI. Prende il via la ventunesima edizione del festival letterario LuccAutori. La rassegna, inserita nel calendario del Settembre Lucchese del Comune di Lucca, fa incontrare gli scrittori famosi con gli autori esordienti vincitori del premio Racconti nella [&hellip;]<\/p>\n<div class=\"pvc_clear\"><\/div>\n<p id=\"pvc_stats_25756\" class=\"pvc_stats all  \" data-element-id=\"25756\" style=\"\"><i class=\"pvc-stats-icon medium\" aria-hidden=\"true\"><svg aria-hidden=\"true\" focusable=\"false\" data-prefix=\"far\" data-icon=\"chart-bar\" role=\"img\" xmlns=\"http:\/\/www.w3.org\/2000\/svg\" viewBox=\"0 0 512 512\" class=\"svg-inline--fa fa-chart-bar fa-w-16 fa-2x\"><path fill=\"currentColor\" d=\"M396.8 352h22.4c6.4 0 12.8-6.4 12.8-12.8V108.8c0-6.4-6.4-12.8-12.8-12.8h-22.4c-6.4 0-12.8 6.4-12.8 12.8v230.4c0 6.4 6.4 12.8 12.8 12.8zm-192 0h22.4c6.4 0 12.8-6.4 12.8-12.8V140.8c0-6.4-6.4-12.8-12.8-12.8h-22.4c-6.4 0-12.8 6.4-12.8 12.8v198.4c0 6.4 6.4 12.8 12.8 12.8zm96 0h22.4c6.4 0 12.8-6.4 12.8-12.8V204.8c0-6.4-6.4-12.8-12.8-12.8h-22.4c-6.4 0-12.8 6.4-12.8 12.8v134.4c0 6.4 6.4 12.8 12.8 12.8zM496 400H48V80c0-8.84-7.16-16-16-16H16C7.16 64 0 71.16 0 80v336c0 17.67 14.33 32 32 32h464c8.84 0 16-7.16 16-16v-16c0-8.84-7.16-16-16-16zm-387.2-48h22.4c6.4 0 12.8-6.4 12.8-12.8v-70.4c0-6.4-6.4-12.8-12.8-12.8h-22.4c-6.4 0-12.8 6.4-12.8 12.8v70.4c0 6.4 6.4 12.8 12.8 12.8z\" class=\"\"><\/path><\/svg><\/i> <img loading=\"lazy\" decoding=\"async\" width=\"16\" height=\"16\" alt=\"Loading\" src=\"https:\/\/www.raccontinellarete.it\/301\/wp-content\/plugins\/page-views-count\/ajax-loader-2x.gif\" border=0 \/><\/p>\n<div class=\"pvc_clear\"><\/div>\n","protected":false},"author":3,"featured_media":0,"comment_status":"open","ping_status":"closed","sticky":false,"template":"","format":"standard","meta":{"footnotes":""},"categories":[87,5,4],"tags":[],"class_list":["post-25756","post","type-post","status-publish","format-standard","hentry","category-comunicato-stampa","category-racconti-nella-rete","category-news"],"_links":{"self":[{"href":"https:\/\/www.raccontinellarete.it\/index.php?rest_route=\/wp\/v2\/posts\/25756"}],"collection":[{"href":"https:\/\/www.raccontinellarete.it\/index.php?rest_route=\/wp\/v2\/posts"}],"about":[{"href":"https:\/\/www.raccontinellarete.it\/index.php?rest_route=\/wp\/v2\/types\/post"}],"author":[{"embeddable":true,"href":"https:\/\/www.raccontinellarete.it\/index.php?rest_route=\/wp\/v2\/users\/3"}],"replies":[{"embeddable":true,"href":"https:\/\/www.raccontinellarete.it\/index.php?rest_route=%2Fwp%2Fv2%2Fcomments&post=25756"}],"version-history":[{"count":7,"href":"https:\/\/www.raccontinellarete.it\/index.php?rest_route=\/wp\/v2\/posts\/25756\/revisions"}],"predecessor-version":[{"id":25764,"href":"https:\/\/www.raccontinellarete.it\/index.php?rest_route=\/wp\/v2\/posts\/25756\/revisions\/25764"}],"wp:attachment":[{"href":"https:\/\/www.raccontinellarete.it\/index.php?rest_route=%2Fwp%2Fv2%2Fmedia&parent=25756"}],"wp:term":[{"taxonomy":"category","embeddable":true,"href":"https:\/\/www.raccontinellarete.it\/index.php?rest_route=%2Fwp%2Fv2%2Fcategories&post=25756"},{"taxonomy":"post_tag","embeddable":true,"href":"https:\/\/www.raccontinellarete.it\/index.php?rest_route=%2Fwp%2Fv2%2Ftags&post=25756"}],"curies":[{"name":"wp","href":"https:\/\/api.w.org\/{rel}","templated":true}]}}