{"id":25731,"date":"2015-09-15T11:41:20","date_gmt":"2015-09-15T10:41:20","guid":{"rendered":"http:\/\/www.raccontinellarete.it\/?p=25731"},"modified":"2015-09-15T17:21:59","modified_gmt":"2015-09-15T16:21:59","slug":"il-programma-del-xxi-festival-luccautori-premio-racconti-nella-rete-2015","status":"publish","type":"post","link":"https:\/\/www.raccontinellarete.it\/?p=25731","title":{"rendered":"Il programma del XXI festival LuccAutori  Premio Racconti nella Rete 2015"},"content":{"rendered":"<p><a href=\"https:\/\/www.raccontinellarete.it\/?attachment_id=25732\" rel=\"attachment wp-att-25732\"><img loading=\"lazy\" decoding=\"async\" class=\"alignleft size-medium wp-image-25732\" src=\"https:\/\/www.raccontinellarete.it\/301\/wp-content\/uploads\/2015\/09\/manifesto-luccautori-2015-175x250.jpg\" alt=\"manifesto luccautori 2015\" width=\"175\" height=\"250\" \/><\/a><\/p>\n<p><strong>FESTIVAL LUCCAUTORI 2015 <\/strong><\/p>\n<p>Lucca,\u00a0 dal 26 settembre all\u201911 ottobre. Direzione artistica Demetrio Brandi.<\/p>\n<p><strong>SABATO 26 SETTEMBRE\u00a0 ORE\u00a0 10\u00a0 Auditorium Fondazione Ragghianti <\/strong><\/p>\n<p>Il poeta <strong>ENNIO CAVALLI<\/strong>\u00a0 incontra gli studenti del Liceo Passaglia.\u00a0 Presentazione del libro\u00a0 \u201cLA PIU\u2019 BELLA POESIA DEL LIBRO e altre anomalie\u201d (Nino Aragno Editore). La pi\u00f9 bella poesia del libro \u00e8 tutto il libro, e tutto il libro \u00e8 un tubolare di bici da corsa fissato col mastice alla felicit\u00e0 del momento.<\/p>\n<p><strong>SABATO 3 OTTOBRE alle 10 a Villa Bottini <\/strong><\/p>\n<p><strong>LA PAROLA NUDA\u00a0 <\/strong>con <strong>Edoardo De Angelis, Stefano\u00a0 Giraldi, Maria\u00a0 Cristina Di Giuseppe, Lido Contemori. <\/strong>Incontro sul tema della parola nella narrativa, nella poesia e nelle canzoni.<\/p>\n<p>A seguire \u00ecnaugurazione della Mostra \u201c<strong>RACCONTI A COLORI<\/strong>\u201d con la partecipazione degli studenti \u00a0del Liceo Artistico Passaglia. \u00a0Intervengono \u00a0Morena Moncini, Lido Contemori, Stefano Giraldi e Riccardo Ghiribelli.\u00a0 Con la collaborazione di icP &#8211; industria cartaria Pieretti.<\/p>\n<p><strong>\u00a0<\/strong><\/p>\n<p><strong>GIOVEDI\u00a0 8 OTTOBRE\u00a0 <\/strong><\/p>\n<p><strong>Ore\u00a0 19.00\u00a0 Palazzo Bernardini \u00a0<\/strong><\/p>\n<p>Incontro con <strong>KATIA RICCIARELLI<\/strong>\u00a0 \u201cDa donna a donna\u201d (Piemme).<\/p>\n<p>Sar\u00e0 l\u2019occasione per conoscere da vicino l\u2019intensa vita e la straordinaria carriera artistica di Katia Ricciarelli, diva, ma soprattutto donna che con il canto ha calcato i pi\u00f9 importanti palcoscenici del mondo. Nel suo libro ha scelto dieci memorabili figure femminili dell\u2019opera lirica per ripercorrere la sua parabola esistenziale, gli amori appassionati, la sfolgorante carriera.<\/p>\n<p><strong>LuccAutori e Rotary Club Lucca<\/strong> con \u00a0la collaborazione del Premio Acqui Storia. Conduce Mario Bernardi Guardi. Intervengono Demetrio Brandi, presidente di LuccAutori, Giorgio Serafini, presidente Rotary Club Lucca, Carlo Sburlati, responsabile esecutivo del premio Acqui Storia.<\/p>\n<p><strong>\u00a0<\/strong><\/p>\n<p><strong>VENERDI\u00a0 9 OTTOBRE\u00a0\u00a0 <\/strong><\/p>\n<p><strong>Ore 10\u00a0 Sala Conferenze Villa Bottini<\/strong><\/p>\n<p>\u201cOccasioni Tobiniane\u201d, in collaborazione con Fondazione Mario Tobino<\/p>\n<p>Incontro con lo scrittore <strong>DIVIER NELLI<\/strong> sul tema\u00a0 \u201cL&#8217;evoluzione della narrativa\u201d.<\/p>\n<p>L&#8217;uomo racconta storie da sempre, e il modo di farlo \u00e8 cambiato nel tempo. La narrativa non \u00e8 immutabile, ma qualcosa di vivo che si evolve col passare degli anni. Partecipano gli studenti delle scuole superiori di Lucca<\/p>\n<p><strong>\u00a0<\/strong><\/p>\n<p><strong>SABATO 10 OTTOBRE\u00a0 <\/strong><\/p>\n<p><strong>Ore\u00a0 10\u00a0 Sala Conferenze Villa Bottini<\/strong><\/p>\n<p>\u201cOccasioni Tobiniane\u201d \u201d, in collaborazione con Fondazione Mario Tobino<\/p>\n<p>Incontro con lo scrittore <strong>ERALDO AFFINATI<\/strong><\/p>\n<p>\u201cIl sogno di un&#8217;altra scuola\u201d.<\/p>\n<p>Scrittore, giornalista e insegnante, Affinati con il progetto della scuola Penny Wirthon promuove l&#8217;insegnamento della lingua italiana a ragazzi immigrati e disagiati.<\/p>\n<p>Partecipano gli studenti della scuola media\u00a0 Carducci.<\/p>\n<p>&nbsp;<\/p>\n<p><strong>SABATO \u00a010 OTTOBRE\u00a0 <\/strong><\/p>\n<p><strong>Ore 16,30 &#8211; Villa Bottini <\/strong><\/p>\n<p>LuccAutori presenta in anteprima nazionale il cortometraggio \u201c<strong>Acetone<\/strong>\u201d di Marco Moroni\u00a0 vincitore\u00a0 della sezione &#8220;Racconti per Corti 2015\u201d. Prodotto da LuccAutori e Scuola di Cinema Immagina di Firenze. \u00a0\u00a0Regia di Giuseppe Ferlito. Saranno presenti l\u2019autore e gli attori protagonisti.<\/p>\n<p>A seguire la proiezione in anteprima del trailer di <strong>INFERNET<\/strong>, il nuovo film di Giuseppe Ferlito che vede protagonisti\u00a0 Roberto Farnesi, Ricky Tognazzi, Remo Girone e Katia Ricciarelli.<\/p>\n<p>Ore 17.00 \u2013 Sala Conferenze Villa Bottini<\/p>\n<p>Presentazione dell\u2019antologia dei vincitori del premio letterario \u201c<strong>Racconti nella Rete<\/strong> 2015\u201d a cura di Demetrio Brandi (Nottetempo).<\/p>\n<p>Maria Elena\u00a0 Marchini incontra gli scrittori \u00a0\u00a0Adil Bellafqih\u00a0\u00a0 Roberto Contini,\u00a0\u00a0 Daniela Grandinetti,\u00a0 Ermanno Lombardo, Marco Moroni,\u00a0 Arianna Pinton,\u00a0\u00a0 Rosa Grazia Rapisarda,\u00a0 Liliana Sghettini,\u00a0\u00a0 Alessandra\u00a0 Scarpinella,\u00a0\u00a0 Maria Sordino,\u00a0\u00a0 Matteo Tella,\u00a0 Mariateresa Villani,\u00a0 Antonella Zanca.<\/p>\n<p>Letture a cura di Paola Bugo, Francesca Costantini e Lella De Marchi.<\/p>\n<p>Intervento musicale di Giuseppe Sanalitro.<\/p>\n<p>&nbsp;<\/p>\n<p>Ore 18.00 Sala Conferenze &#8211; Villa Bottini<\/p>\n<p><strong>PIERO GAFFURI<\/strong> direttore di Rai.tv presenta il suo nuovo romanzo \u00a0\u201c<strong>Korallo<\/strong>\u201d (Editori internazionali Riuniti). Con la partecipazione del giornalista e scrittore <strong>Vittorio Castelnuovo<\/strong>.<\/p>\n<p>Ore 18.30 \u2013 Sala Conferenze Villa Bottini<\/p>\n<p><strong>LUCA SOFRI<\/strong>\u00a0 presenta \u201cNotizie che non lo erano\u201d\u00a0 (Rizzoli).\u00a0 Perch\u00e9 certe storie sono troppo belle per essere vere. Le notizie false corrono pi\u00f9 veloci di quelle vere. Mentre carta stampata e web si screditano a vicenda, la pratica del giornalismo diventa sempre pi\u00f9 complessa e indefinita. Di chi possiamo ancora fidarci? Dal direttore del \u201cPost\u201d, una raccolta divertente, e preoccupante, delle balle giornalistiche.<\/p>\n<p>Con la partecipazione di <strong>Chiara Lico e Marco De Angelis.<\/strong><\/p>\n<p>&nbsp;<\/p>\n<p>DOMENICA 11 OTTOBRE<\/p>\n<p>Ore 15.45 Sala Conferenze &#8211; Villa Bottini<\/p>\n<p>\u201c<strong>Il Gran Me e il piccolo Me<\/strong>\u201d premiazione della rassegna di poesie ideata da <strong>Cinzia Dipace<\/strong>.<\/p>\n<p>Un premio originale che nasce per dar voce a chi molto spesso non ce l&#8217;ha.\u00a0 Il titolo, che\u00a0 prende spunto dal famoso testo di Luigi Pirandello, \u00e8 dedicato a quelle persone che si trovano ai margini di una societ\u00e0 che va troppo di corsa. In alcuni casi le loro &#8220;Urla&#8221; silenziose diventano poesia. \u201cVogliamo dar modo alle persone disabili di sentirsi parte di qualcosa&#8221; &#8211; dice Cinzia &#8211;\u00a0 \u201cdi essere protagonisti con le parole\u201d.<\/p>\n<p>&nbsp;<\/p>\n<p>Ore 17.00\u00a0 Sala Conferenze &#8211; Villa Bottini<\/p>\n<p>Presentazione dell\u2019antologia dei vincitori del premio letterario \u201c<strong>Racconti nella Rete<\/strong> 2015\u201d a cura di Demetrio Brandi (Nottetempo).<\/p>\n<p>Maria Elena Marchini incontra\u00a0 gli scrittori \u00a0Maria Beatrice Berti,\u00a0 Marta Borroni, Claudia Colaneri, Rosalinda Conti,\u00a0 Maria Antonietta D\u2019Amici,\u00a0 Carolina Marangio, Deepa Minasi, Marco Montanari,\u00a0 Stefania Signorelli, Emanuele Ratti, \u00a0Michela Rossi,\u00a0 Alexandra Tempesta.<\/p>\n<p>Letture a cura di Fabio Dostuni, Mario Cenni e Antonella Lucii.\u00a0 Intervento musicale di Giuseppe Sanalitro.<\/p>\n<p>&nbsp;<\/p>\n<p>Ore 18.00 Sala Conferenze &#8211; Villa Bottini<\/p>\n<p><strong>ADRIAN \u00a0BRAVI <\/strong>presenta<strong>\u00a0&#8220;L\u2019inndazione&#8221; \u00a0(Nottetempo)<\/strong><\/p>\n<p>Il racconto di una vicenda a fior d&#8217;acqua,\u00a0 in cui tutte le grandi avventure umane, le minacce, le promesse e gli affetti avvengono nel\u00a0 calibrato silenzio di una vita sospesa.<\/p>\n<p>Ore 18.30 Sala Conferenze\u00a0 -Villa Bottini<\/p>\n<p><strong>NICOLA \u00a0LAGIOIA\u00a0 \u201cLa ferocia\u201d\u00a0 (Einaudi)\u00a0\u00a0 <\/strong><\/p>\n<p><strong><em>Vincitore del Premio Strega 2015<\/em><\/strong><\/p>\n<p>La Ferocia\u00a0 \u00e8 un ritorno allo stato di natura, la legge della giungla da cui credevamo esserci affrancati, ma che riemerge in questo periodo di crisi\u201d. Mobile e intenso,\u00a0 \u00e8 un libro che costruisce un mondo &#8211; il nostro.<\/p>\n<p>Interviene la scrittrice <strong>ELENA TORRE<\/strong>\u00a0 \u00a0\u201c<strong>Il segreto dei custodi della fede<\/strong>\u201d (<strong>Cairo<\/strong>)<\/p>\n<p><strong>Gli incontri sono condotti da\u00a0Maria Elena Marchini.<\/strong><\/p>\n<p>&nbsp;<\/p>\n<p><strong>Ingresso libero<\/strong>.<\/p>\n<p>&nbsp;<\/p>\n<p>La copertina di \u201cRacconti nella Rete 2015\u201d \u00e8 stata realizzata dal disegnatore e umorista\u00a0 <strong>Sergio Staino.<\/strong> Per la prefazione dell\u2019antologia si ringrazia lo scrittore <strong>Eraldo Affinati.<\/strong><\/p>\n<p>&nbsp;<\/p>\n<p><strong>MOSTRA<\/strong><\/p>\n<p><strong>\u201cRacconti a colori\u201d venticinque artisti per venticinque racconti <\/strong><\/p>\n<p>Sabato 3 ottobre alle ore 10 a Villa Bottini vengono esposti venticinque disegni originali ispirati ai venticinque racconti vincitori del Premio letterario \u201cRacconti nella Rete\u201d 2015, realizzati dagli studenti del Liceo Artistico \u201cPassaglia\u201d di Lucca.\u00a0 Ogni studente utilizza la propria tecnica ed il proprio stile interpretando un racconto tra i 25 vincitori del Premio Letterario Racconti nella Rete 2015. Le opere saranno esposte fino all\u201911 ottobre. Sar\u00e0 realizzato un catalogo della mostra. La giuria composta dall\u2019illustratore e umorista \u00a0Lido Contemori, dal fotografo d\u2019arte Stefano Giraldi e dalla prof.ssa Morena Moncini, decreter\u00e0 un vincitore assoluto e consegner\u00e0 degli attestati agli studenti\/artisti. Il premio sar\u00e0 consegnato da Carmen Pieretti per icP &#8211; industria cartaria Pieretti.<\/p>\n<p><strong>Ingresso libero. La mostra sar\u00e0 aperta in occasione degli incontri letterari<\/strong>.<\/p>\n<p>&nbsp;<\/p>\n<p>Nel corso del festival una troupe di Rai Parlamento realizzer\u00e0 uno speciale con le interviste ai protagonisti di LuccAutori. Le riprese video di\u00a0\u00a0 \u201cLuccAutori 2015\u201d sono di Luca Martinelli e Roberto Tommasi. \u00a0Foto di Rinaldo Serra e Mauro Giraffi.<\/p>\n<p>Demetrio Brandi &#8211; presidente dell\u2019associazione culturale LuccAutori\u00a0 e fondatore del Premio Racconti nella Rete\u00ae &#8211;\u00a0 ringrazia la giuria tecnica della XIII edizione del Premio letterario Racconti nella Rete\u00ae composta da Ennio Cavalli, Chiara Lico, Marco De Angelis, Anna De Castiglione, Maria Elena Marchini, Gaudia Sciacca, Liliana Bilello, Vittorio Castelnuovo, Mario Bernardi Guardi, Luisa Chiumenti, Beatrice Raveggi, Elena Bonini. I collaboratori Sabrina Brocchini, Rinaldo Serra, Mauro Giraffi, Riccardo Antongiovanni, Nicla Lari, Ilaria Ferrero. Un particolare ringraziamento a Luca Crocetti, webmaster del sito www.raccontinellarete.it.<\/p>\n<p>&nbsp;<\/p>\n<p>Associazione LuccAutori con il sostegno del Comune di Lucca. Con il patrocinio di Regione Toscana, Provincia di Lucca, Roma Capitale, Biblioteche di Roma, Le Citt\u00e0 del Libro, \u00a0Fondazione Mario Tobino, Rai.tv, Premio Acqui Storia.<\/p>\n<p>Per il programma dettagliato di LuccAutori e per altre informazioni sull\u2019edizione 2015 del\u00a0 Premio Racconti nella Rete consultare il sito www.raccontinellarete.it \u00a0info@raccontinellarete.it\u00a0\u00a0\u00a0 tel.0584961169.<\/p>\n<p>&nbsp;<\/p>\n<p>&nbsp;<\/p>\n<div class=\"pvc_clear\"><\/div>\n<p id=\"pvc_stats_25731\" class=\"pvc_stats all  \" data-element-id=\"25731\" style=\"\"><i class=\"pvc-stats-icon medium\" aria-hidden=\"true\"><svg aria-hidden=\"true\" focusable=\"false\" data-prefix=\"far\" data-icon=\"chart-bar\" role=\"img\" xmlns=\"http:\/\/www.w3.org\/2000\/svg\" viewBox=\"0 0 512 512\" class=\"svg-inline--fa fa-chart-bar fa-w-16 fa-2x\"><path fill=\"currentColor\" d=\"M396.8 352h22.4c6.4 0 12.8-6.4 12.8-12.8V108.8c0-6.4-6.4-12.8-12.8-12.8h-22.4c-6.4 0-12.8 6.4-12.8 12.8v230.4c0 6.4 6.4 12.8 12.8 12.8zm-192 0h22.4c6.4 0 12.8-6.4 12.8-12.8V140.8c0-6.4-6.4-12.8-12.8-12.8h-22.4c-6.4 0-12.8 6.4-12.8 12.8v198.4c0 6.4 6.4 12.8 12.8 12.8zm96 0h22.4c6.4 0 12.8-6.4 12.8-12.8V204.8c0-6.4-6.4-12.8-12.8-12.8h-22.4c-6.4 0-12.8 6.4-12.8 12.8v134.4c0 6.4 6.4 12.8 12.8 12.8zM496 400H48V80c0-8.84-7.16-16-16-16H16C7.16 64 0 71.16 0 80v336c0 17.67 14.33 32 32 32h464c8.84 0 16-7.16 16-16v-16c0-8.84-7.16-16-16-16zm-387.2-48h22.4c6.4 0 12.8-6.4 12.8-12.8v-70.4c0-6.4-6.4-12.8-12.8-12.8h-22.4c-6.4 0-12.8 6.4-12.8 12.8v70.4c0 6.4 6.4 12.8 12.8 12.8z\" class=\"\"><\/path><\/svg><\/i> <img loading=\"lazy\" decoding=\"async\" width=\"16\" height=\"16\" alt=\"Loading\" src=\"https:\/\/www.raccontinellarete.it\/301\/wp-content\/plugins\/page-views-count\/ajax-loader-2x.gif\" border=0 \/><\/p>\n<div class=\"pvc_clear\"><\/div>\n","protected":false},"excerpt":{"rendered":"<p>FESTIVAL LUCCAUTORI 2015 Lucca,\u00a0 dal 26 settembre all\u201911 ottobre. Direzione artistica Demetrio Brandi. SABATO 26 SETTEMBRE\u00a0 ORE\u00a0 10\u00a0 Auditorium Fondazione Ragghianti Il poeta ENNIO CAVALLI\u00a0 incontra gli studenti del Liceo Passaglia.\u00a0 Presentazione del libro\u00a0 \u201cLA PIU\u2019 BELLA POESIA DEL LIBRO e altre anomalie\u201d (Nino Aragno Editore). La pi\u00f9 bella poesia del libro \u00e8 tutto il [&hellip;]<\/p>\n<div class=\"pvc_clear\"><\/div>\n<p id=\"pvc_stats_25731\" class=\"pvc_stats all  \" data-element-id=\"25731\" style=\"\"><i class=\"pvc-stats-icon medium\" aria-hidden=\"true\"><svg aria-hidden=\"true\" focusable=\"false\" data-prefix=\"far\" data-icon=\"chart-bar\" role=\"img\" xmlns=\"http:\/\/www.w3.org\/2000\/svg\" viewBox=\"0 0 512 512\" class=\"svg-inline--fa fa-chart-bar fa-w-16 fa-2x\"><path fill=\"currentColor\" d=\"M396.8 352h22.4c6.4 0 12.8-6.4 12.8-12.8V108.8c0-6.4-6.4-12.8-12.8-12.8h-22.4c-6.4 0-12.8 6.4-12.8 12.8v230.4c0 6.4 6.4 12.8 12.8 12.8zm-192 0h22.4c6.4 0 12.8-6.4 12.8-12.8V140.8c0-6.4-6.4-12.8-12.8-12.8h-22.4c-6.4 0-12.8 6.4-12.8 12.8v198.4c0 6.4 6.4 12.8 12.8 12.8zm96 0h22.4c6.4 0 12.8-6.4 12.8-12.8V204.8c0-6.4-6.4-12.8-12.8-12.8h-22.4c-6.4 0-12.8 6.4-12.8 12.8v134.4c0 6.4 6.4 12.8 12.8 12.8zM496 400H48V80c0-8.84-7.16-16-16-16H16C7.16 64 0 71.16 0 80v336c0 17.67 14.33 32 32 32h464c8.84 0 16-7.16 16-16v-16c0-8.84-7.16-16-16-16zm-387.2-48h22.4c6.4 0 12.8-6.4 12.8-12.8v-70.4c0-6.4-6.4-12.8-12.8-12.8h-22.4c-6.4 0-12.8 6.4-12.8 12.8v70.4c0 6.4 6.4 12.8 12.8 12.8z\" class=\"\"><\/path><\/svg><\/i> <img loading=\"lazy\" decoding=\"async\" width=\"16\" height=\"16\" alt=\"Loading\" src=\"https:\/\/www.raccontinellarete.it\/301\/wp-content\/plugins\/page-views-count\/ajax-loader-2x.gif\" border=0 \/><\/p>\n<div class=\"pvc_clear\"><\/div>\n","protected":false},"author":3,"featured_media":0,"comment_status":"closed","ping_status":"closed","sticky":false,"template":"","format":"standard","meta":{"footnotes":""},"categories":[87,5,4],"tags":[],"class_list":["post-25731","post","type-post","status-publish","format-standard","hentry","category-comunicato-stampa","category-racconti-nella-rete","category-news"],"_links":{"self":[{"href":"https:\/\/www.raccontinellarete.it\/index.php?rest_route=\/wp\/v2\/posts\/25731"}],"collection":[{"href":"https:\/\/www.raccontinellarete.it\/index.php?rest_route=\/wp\/v2\/posts"}],"about":[{"href":"https:\/\/www.raccontinellarete.it\/index.php?rest_route=\/wp\/v2\/types\/post"}],"author":[{"embeddable":true,"href":"https:\/\/www.raccontinellarete.it\/index.php?rest_route=\/wp\/v2\/users\/3"}],"replies":[{"embeddable":true,"href":"https:\/\/www.raccontinellarete.it\/index.php?rest_route=%2Fwp%2Fv2%2Fcomments&post=25731"}],"version-history":[{"count":10,"href":"https:\/\/www.raccontinellarete.it\/index.php?rest_route=\/wp\/v2\/posts\/25731\/revisions"}],"predecessor-version":[{"id":25743,"href":"https:\/\/www.raccontinellarete.it\/index.php?rest_route=\/wp\/v2\/posts\/25731\/revisions\/25743"}],"wp:attachment":[{"href":"https:\/\/www.raccontinellarete.it\/index.php?rest_route=%2Fwp%2Fv2%2Fmedia&parent=25731"}],"wp:term":[{"taxonomy":"category","embeddable":true,"href":"https:\/\/www.raccontinellarete.it\/index.php?rest_route=%2Fwp%2Fv2%2Fcategories&post=25731"},{"taxonomy":"post_tag","embeddable":true,"href":"https:\/\/www.raccontinellarete.it\/index.php?rest_route=%2Fwp%2Fv2%2Ftags&post=25731"}],"curies":[{"name":"wp","href":"https:\/\/api.w.org\/{rel}","templated":true}]}}