{"id":25315,"date":"2015-05-31T17:41:03","date_gmt":"2015-05-31T16:41:03","guid":{"rendered":"http:\/\/www.raccontinellarete.it\/?p=25315"},"modified":"2015-05-31T17:41:03","modified_gmt":"2015-05-31T16:41:03","slug":"premio-racconti-per-corti-2015-il-viale-dei-tigli-di-manuela-mandorlo","status":"publish","type":"post","link":"https:\/\/www.raccontinellarete.it\/?p=25315","title":{"rendered":"Premio Racconti per Corti 2015 &#8220;Il viale dei tigli&#8221; di Manuela Mandorlo"},"content":{"rendered":"<p>Mario ancora non \u00e8 ora di nasconderti dietro il tronco! &#8211; lo canzon\u00f2 Gino, appena fuori il cancello della fabbrica<\/p>\n<p>Gino avvertimi se vedi la mamma di Giovanna.<\/p>\n<p>Ueh! Perch\u00e9 mai ti devo avvertire \u2013 ci si prendeva gusto a prendere in giro l&#8217;eccessiva \u201caccortezza\u201d dell&#8217;amico<\/p>\n<p>Non voglio che mi veda mentre faccio lo sciopero, lo sai!<\/p>\n<p>Ma prima o poi ti vedr\u00e0. Anche se lavoriamo a singhiozzo sono quattro mesi che viviamo questa tensione, e occupiamo i luoghi di lavoro.<\/p>\n<p>E ho capito, ma non voglio che mi scopra.<\/p>\n<p>Ma che lavoro fa questa donna?<\/p>\n<p>Lavora come domestica, presso la signora Manfredi.<\/p>\n<p>Ah pensavo fosse un&#8217;operaia anche lei! Ad ogni modo ha carattere per tenerti cos\u00ec all&#8217;erta.<\/p>\n<p>A proposito, parliamo di cose serie. Sai se gli altri operai sono stati avvertiti dei turni nei prossimi giorni.<\/p>\n<p>Che so io faranno sciopero quelli della fonderia e continueranno il gioved\u00ec e il venerdi per venti giorni<\/p>\n<p>Noi ci sobbarchiamo per adesso tre giorni a settimana per un mese.<\/p>\n<p>Mah loro hanno un problema di forni!<\/p>\n<p>E le pelletterie?<\/p>\n<p>Ah non me me ne parlare ogni luned\u00ec andiamo a fare il picchetto per non fare entrare gli operai.<\/p>\n<p>Ehi Ma si vede?<\/p>\n<p>No. No. No non ti preoccupare ti avverto!<\/p>\n<p>Sai non ti capisco ti presti a fare i picchetti, non ti mette paura niente e poi stai cos\u00ec nascosto \u2026 per quasi un quarto d&#8217;ora \u2026 dietro questo tiglio tutti i giorni<\/p>\n<p>Pensi che durer\u00e0 tanto questo sciopero sono gi\u00e0 quattro mesi<\/p>\n<p>E ma \u00e8 giusto farlo anche se stiamo perdendo un mucchio di soldi! E poi tu ancora non sei sposato, io che ho due figli a casa e mia moglie non mi parla pi\u00f9 da un pezzo&#8230;.<\/p>\n<p>Forse i capi cederanno<\/p>\n<p>Lo spero &#8211; Gino si accese la met\u00e0 di sigaretta lasciata interrotta dalla pausa per il pranzo, mentre Mario senza avvedersene si era un po&#8217; distaccato dal suo tiglio, fedele compagno da quasi quattro mesi e si era anche lui messo a preparare la sua sigaretta con la \u201cNazionale\u201d<\/p>\n<p>Comunque dai \u201cfogli\u201d sulle gabbie salariali, si sa che i lavoratori del Nord prendono 45 mila lire al mese e noi solo 27 mila, non \u00e8 possibile andare avanti con questa differenza. &#8211; continuava Gino &#8211; Facciamo le stesse ore di lavoro e produciamo allo stesso livello e poi il carovita \u00e8 aumentato, oramai, anche qui da noi.<\/p>\n<p>Questa volta dovranno cedere per forza stiamo lottando tutti, ho saputo che tutte le regioni del Centro e qualcuna del Sud si sono organizzate e hanno fermato il lavoro anche loro con scioperi a singhiozzo.<\/p>\n<p>Certo che dopo tutti questi mesi il sindacato far\u00e0, di sicuro, qualche proposta!<\/p>\n<p>Le toglieranno se continueremo fino in autunno?<\/p>\n<p>Non illuderti. Non credo, se le eliminassero sarebbe a dir poco eccezionale. Le gabbie salariali non le toglieranno, per\u00f2 sono sicuro che mitigheranno i dislivelli magari arrivando alle 37-40 mila lire di un operaio del Nord e cos\u00ec potremmo dire addio alle nostre 27 mila lire.<\/p>\n<p>Ahahahah!<\/p>\n<p>Perch\u00e9 ridi?<\/p>\n<p>Rido perch\u00e9 non abbiamo neanche la soddisfazione di vederle tutte quante insieme.<\/p>\n<p>Mario, <i>che ti possi<\/i>! Hai ragione&#8230; con il nostro padrone che ci paga settimanalmente 6700 lire poco pi\u00f9!<\/p>\n<p>E poi dati di luned\u00ec!<\/p>\n<p>Eheheh, saggezza, saggezza, \u2026 Mario sei giovane, ma ci paga di luned\u00ec \u2013 mentre Gino gesticolava con la mano tenendo fra le dita la sigaretta ormai ridotta ad un mozzicone. &#8211; Ci paga di luned\u00ec, perch\u00e8 pensa che se ci desse il salario di sabato, lo spenderemmo subito per la serata.<\/p>\n<p>Per quello che mi riguarda pu\u00f2 darsi pure \u2026Ma tu con la famiglia sei di certo \u201ctirato, tirato\u201d!<\/p>\n<p>Fermo, Mario&#8230; Aspetta, mi sembra di scorgerla sta venendo verso di noi. S\u00ec, s\u00ec \u00e8 proprio lei, la mamma di Giovanna!<\/p>\n<p>Allora &#8216;<i><b>me busco<\/b><\/i>! Grazie Gino, sei un amico.<\/p>\n<p>Il giovane scatta dietro il tiglio, il tronco riesce bene a nascondere l&#8217;agile corpo, muscoloso, ma ben proporzionato. Deglutisce non vuole che la futura suocera lo veda che sta continuando lo sciopero, tiene molto a Giovanna, ma \u00e8 diviso tra la passione di lottare contro le ingiustizie e la sua amorosa. Da quando \u00e8 operaio una nuova consapevolezza ha preso il sopravvento ed il fatto di essere giudicato dalla mamma di lei come uno che non ha voglia di lavorare, uno \u201cscioperato\u201d appunto.<\/p>\n<p>Bruciano, ancora nei ricordi, i commenti dell&#8217;epoca \u201cEd ora questi operai che cosa vogliono che si mettono a scioperare che cosa manca loro!\u201d sentenziavano cos\u00ec le persone che li vedevano sfilare in corteo.<\/p>\n<p>Ora sono ricordi teneri, un ritratto di anni passati, dove in quel lontano &#8217;62 soltanto la giovane et\u00e0 la faceva da padrone, ma quel pensiero che la suocera avrebbe potuto scoprirlo \u00e8 rimasto dentro, per cui era giusto <i>buscarsi!<\/i><\/p>\n<div class=\"pvc_clear\"><\/div>\n<p id=\"pvc_stats_25315\" class=\"pvc_stats all  \" data-element-id=\"25315\" style=\"\"><i class=\"pvc-stats-icon medium\" aria-hidden=\"true\"><svg aria-hidden=\"true\" focusable=\"false\" data-prefix=\"far\" data-icon=\"chart-bar\" role=\"img\" xmlns=\"http:\/\/www.w3.org\/2000\/svg\" viewBox=\"0 0 512 512\" class=\"svg-inline--fa fa-chart-bar fa-w-16 fa-2x\"><path fill=\"currentColor\" d=\"M396.8 352h22.4c6.4 0 12.8-6.4 12.8-12.8V108.8c0-6.4-6.4-12.8-12.8-12.8h-22.4c-6.4 0-12.8 6.4-12.8 12.8v230.4c0 6.4 6.4 12.8 12.8 12.8zm-192 0h22.4c6.4 0 12.8-6.4 12.8-12.8V140.8c0-6.4-6.4-12.8-12.8-12.8h-22.4c-6.4 0-12.8 6.4-12.8 12.8v198.4c0 6.4 6.4 12.8 12.8 12.8zm96 0h22.4c6.4 0 12.8-6.4 12.8-12.8V204.8c0-6.4-6.4-12.8-12.8-12.8h-22.4c-6.4 0-12.8 6.4-12.8 12.8v134.4c0 6.4 6.4 12.8 12.8 12.8zM496 400H48V80c0-8.84-7.16-16-16-16H16C7.16 64 0 71.16 0 80v336c0 17.67 14.33 32 32 32h464c8.84 0 16-7.16 16-16v-16c0-8.84-7.16-16-16-16zm-387.2-48h22.4c6.4 0 12.8-6.4 12.8-12.8v-70.4c0-6.4-6.4-12.8-12.8-12.8h-22.4c-6.4 0-12.8 6.4-12.8 12.8v70.4c0 6.4 6.4 12.8 12.8 12.8z\" class=\"\"><\/path><\/svg><\/i> <img loading=\"lazy\" decoding=\"async\" width=\"16\" height=\"16\" alt=\"Loading\" src=\"https:\/\/www.raccontinellarete.it\/301\/wp-content\/plugins\/page-views-count\/ajax-loader-2x.gif\" border=0 \/><\/p>\n<div class=\"pvc_clear\"><\/div>\n","protected":false},"excerpt":{"rendered":"<p>Mario ancora non \u00e8 ora di nasconderti dietro il tronco! &#8211; lo canzon\u00f2 Gino, appena fuori il cancello della fabbrica Gino avvertimi se vedi la mamma di Giovanna. Ueh! Perch\u00e9 mai ti devo avvertire \u2013 ci si prendeva gusto a prendere in giro l&#8217;eccessiva \u201caccortezza\u201d dell&#8217;amico Non voglio che mi veda mentre faccio lo sciopero, [&hellip;]<\/p>\n<div class=\"pvc_clear\"><\/div>\n<p id=\"pvc_stats_25315\" class=\"pvc_stats all  \" data-element-id=\"25315\" style=\"\"><i class=\"pvc-stats-icon medium\" aria-hidden=\"true\"><svg aria-hidden=\"true\" focusable=\"false\" data-prefix=\"far\" data-icon=\"chart-bar\" role=\"img\" xmlns=\"http:\/\/www.w3.org\/2000\/svg\" viewBox=\"0 0 512 512\" class=\"svg-inline--fa fa-chart-bar fa-w-16 fa-2x\"><path fill=\"currentColor\" d=\"M396.8 352h22.4c6.4 0 12.8-6.4 12.8-12.8V108.8c0-6.4-6.4-12.8-12.8-12.8h-22.4c-6.4 0-12.8 6.4-12.8 12.8v230.4c0 6.4 6.4 12.8 12.8 12.8zm-192 0h22.4c6.4 0 12.8-6.4 12.8-12.8V140.8c0-6.4-6.4-12.8-12.8-12.8h-22.4c-6.4 0-12.8 6.4-12.8 12.8v198.4c0 6.4 6.4 12.8 12.8 12.8zm96 0h22.4c6.4 0 12.8-6.4 12.8-12.8V204.8c0-6.4-6.4-12.8-12.8-12.8h-22.4c-6.4 0-12.8 6.4-12.8 12.8v134.4c0 6.4 6.4 12.8 12.8 12.8zM496 400H48V80c0-8.84-7.16-16-16-16H16C7.16 64 0 71.16 0 80v336c0 17.67 14.33 32 32 32h464c8.84 0 16-7.16 16-16v-16c0-8.84-7.16-16-16-16zm-387.2-48h22.4c6.4 0 12.8-6.4 12.8-12.8v-70.4c0-6.4-6.4-12.8-12.8-12.8h-22.4c-6.4 0-12.8 6.4-12.8 12.8v70.4c0 6.4 6.4 12.8 12.8 12.8z\" class=\"\"><\/path><\/svg><\/i> <img loading=\"lazy\" decoding=\"async\" width=\"16\" height=\"16\" alt=\"Loading\" src=\"https:\/\/www.raccontinellarete.it\/301\/wp-content\/plugins\/page-views-count\/ajax-loader-2x.gif\" border=0 \/><\/p>\n<div class=\"pvc_clear\"><\/div>\n","protected":false},"author":7127,"featured_media":0,"comment_status":"open","ping_status":"closed","sticky":false,"template":"","format":"standard","meta":{"footnotes":""},"categories":[218],"tags":[],"class_list":["post-25315","post","type-post","status-publish","format-standard","hentry","category-premio-racconti-per-corti-2015"],"_links":{"self":[{"href":"https:\/\/www.raccontinellarete.it\/index.php?rest_route=\/wp\/v2\/posts\/25315"}],"collection":[{"href":"https:\/\/www.raccontinellarete.it\/index.php?rest_route=\/wp\/v2\/posts"}],"about":[{"href":"https:\/\/www.raccontinellarete.it\/index.php?rest_route=\/wp\/v2\/types\/post"}],"author":[{"embeddable":true,"href":"https:\/\/www.raccontinellarete.it\/index.php?rest_route=\/wp\/v2\/users\/7127"}],"replies":[{"embeddable":true,"href":"https:\/\/www.raccontinellarete.it\/index.php?rest_route=%2Fwp%2Fv2%2Fcomments&post=25315"}],"version-history":[{"count":3,"href":"https:\/\/www.raccontinellarete.it\/index.php?rest_route=\/wp\/v2\/posts\/25315\/revisions"}],"predecessor-version":[{"id":25337,"href":"https:\/\/www.raccontinellarete.it\/index.php?rest_route=\/wp\/v2\/posts\/25315\/revisions\/25337"}],"wp:attachment":[{"href":"https:\/\/www.raccontinellarete.it\/index.php?rest_route=%2Fwp%2Fv2%2Fmedia&parent=25315"}],"wp:term":[{"taxonomy":"category","embeddable":true,"href":"https:\/\/www.raccontinellarete.it\/index.php?rest_route=%2Fwp%2Fv2%2Fcategories&post=25315"},{"taxonomy":"post_tag","embeddable":true,"href":"https:\/\/www.raccontinellarete.it\/index.php?rest_route=%2Fwp%2Fv2%2Ftags&post=25315"}],"curies":[{"name":"wp","href":"https:\/\/api.w.org\/{rel}","templated":true}]}}