{"id":25284,"date":"2015-06-01T23:19:35","date_gmt":"2015-06-01T22:19:35","guid":{"rendered":"http:\/\/www.raccontinellarete.it\/?p=25284"},"modified":"2015-06-01T23:19:35","modified_gmt":"2015-06-01T22:19:35","slug":"premio-racconti-per-corti-2015-angeli-senza-ali-di-flavio-iacones","status":"publish","type":"post","link":"https:\/\/www.raccontinellarete.it\/?p=25284","title":{"rendered":"Premio Racconti per Corti 2015 &#8220;Angeli senza ali&#8221; di Flavio Iacones"},"content":{"rendered":"<p>Sono trascorsi 16 anni da quando conobbi il mio amico Alfonso, ma la mia vita a volte sembra essere rimasta intrappolata in quello spazio di tempo. In fondo il tempo circoscrive gli spazi e delimita i luoghi, ma non le persone. Alfonso divenne brevemente un mio amico: affinit\u00e0 caratteriali, stessi interessi, medesime ambizioni. Era affetto da distrofia muscolare. Sapeva che gli restava poco da viver. Eppure nonostante tutto, visse intensamente ogni strato della vita in terra prima di volare in Cielo. \u00a0 Morendo si \u00e8 portato via buona parte di me. Ancora oggi non\u00a0sono riuscito a dare una spiegazione al mistero che ha avvolto la sua vita: come si fa morire a 20\u00a0\u00a0anni\u00a0\u00a0quando\u00a0\u00e8 il momento di iniziare a fare i tornaconti sulla propria esistenza, a fare quei progetti di vita decisivi, metterli in pratica ed esserne fieri di averli\u00a0\u00a0realizzati? Alfonso mi aveva insegnato a respirare profondamente all&#8217;inizio e alla fine di ogni giornata. E soprattutto a ringraziare Dio, per aver avuto l&#8217;onore di essere suo figlio e di esser venuto al mondo. Lui sorrideva sempre. Questo era quello che apprezzavo di pi\u00f9 in lui. Nonostante la sua malattia. Sorrideva. A volte ho pensato che lui fosse un angelo mandato da Dio. Come tutti i ragazzi di 20 anni oltre ad amare la vita, nutriva un profondo\u00a0\u00a0trasporto interiore verso Monica, la persona che egli ha amato sopra ogni cosa, da dalla quale concretamente non ha mai avuto modo per\u00f2 di essere ricambiato. Alfonso ha sempre avvertito, nonostante tutta la sua speranza, che non avrebbe potuto dare al suo amore modo di esprimersi, perch\u00e9 l&#8217;amore \u00e8 totalizzante. Lui restando in vita poche primavere, non avrebbe mai accettato di amarla parzialmente. Gli angeli talvolta si privano di mostrarsi con le ali, perch\u00e9 sanno che al momento giusto lasciano tutti col fiato sospeso e volano via. L&#8217;amore nei confronti di Monica \u00e8 stato contemporaneamente la forza di Alfonso ma anche la sua agonia. Infatti dopo averle esternato il suo amore aveva deciso di allontanarsi da lei, perch\u00e8 Monica fu molto chiara con lui: gli spieg\u00f2 che non avrebbe mai potuto corrispondere i suoi sentimenti. La delicatezza dell\u2019animo umano pu\u00f2 esprimersi anche attraverso il rispetto che porta nei confronti delle persone che non vuole illudere con false aspettative. Per questo rifiuto la sua anima inizi\u00f2 ad essere inquieta perch\u00e9 egli non riusciva a darsi una spiegazione su cosa fosse l&#8217;amore che sentiva dentro, che alimentava la sua vita e che per\u00f2 allo stesso tempo lo tormentava. Erano questi i suoi interrogativi. Nel mese di giugno del 1998, a causa di uno stato febbrile non curato adeguatamente, dovette ricoverarsi per accertare la provenienza di alcuni problemi respiratori. Purtroppo la situazione era pi\u00f9 grave di quanto ci aspettassimo: Alfonso aveva la pleurite e purtroppo nel giro di qualche giorno venne a mancare. Col passare delle settimane riuscii ad attenuare il dolore per la perdita del mio migliore amico. Ma non \u00e8 il tempo che trascorri con una persona che stabilisce l&#8217;affetto che nutri nei suoi riguardi. Ma \u00e8 l&#8217;intensit\u00e0 del legame che sopravvive. Qualche settimana pi\u00f9 tardi sul tavolino di un bar della citt\u00e0 di Lucca, trovai il libro di Susanna Tamaro, &#8220;Anima Mundi&#8221;. Mi guardai intorno, non c&#8217;era assolutamente nessuno. Probabilmente qualcuno lo aveva dimenticato li. Ma la mia attenzione \u00e8 stata immediatamente rapida dal dialogo riportato dietro la copertina del libro: &#8220;Adesso hai capito&#8221;.<\/p>\n<p>\u00c8 una domanda o \u00e8 un affermazione?<\/p>\n<p>&#8220;\u00c8 un&#8217;affermazione&#8221;.<\/p>\n<p>Capito cosa?<\/p>\n<p>&#8220;La cosa pi\u00f9 semplice. Cos&#8217;\u00e8 l&#8217;amore&#8221;.<\/p>\n<p>Terminava cos\u00ec la frase del libro riportata sul retro. Non riuscivo a capire cosa stesse accadendo intorno a me e soprattutto il messaggio che dovevo decifrare. Cercai nel libro il seguito del discorso tra i due interlocutori, che proseguiva cos\u00ec:<\/p>\n<p>\u201cE cos&#8217;\u00e8 l&#8217;Amore?\u201d<\/p>\n<p>&#8221; E&#8217; attenzione!&#8221;<\/p>\n<p>Mi trem\u00f2 la terra sotto ai piedi. Era quella la risposta che Alfonso stava attendendo dai numerosi interrogativi che si poneva quando era in vita, e probabilmente nel luogo in cui si trovava aveva superato ogni sua incertezza. Erano le attenzioni che non avrebbe mai avuto da Monica che non gli avrebbe permesso di capire\u00a0cosa fosse l&#8217;Amore. L\u2019essere amato in maniera totalizzante. Scoprire il delizioso atto di ricevere le giuste attenzioni e le cure da parte della persona che sia ama, era la cosa che in vita gli era mancata di pi\u00f9. Cos\u00ec il mio volto inizi\u00f2 a rigarsi. Alzai cos\u00ec gli occhi al Cielo per bloccare il flusso delle\u00a0\u00a0lacrime, ma anche per guardare in faccia Dio e chiedere Lui di abbracciare per me Alfonso.. Mi voltai. Sul tavolino il libro improvvisamente non c&#8217;era pi\u00f9.<\/p>\n<p>&nbsp;<\/p>\n<div class=\"pvc_clear\"><\/div>\n<p id=\"pvc_stats_25284\" class=\"pvc_stats all  \" data-element-id=\"25284\" style=\"\"><i class=\"pvc-stats-icon medium\" aria-hidden=\"true\"><svg aria-hidden=\"true\" focusable=\"false\" data-prefix=\"far\" data-icon=\"chart-bar\" role=\"img\" xmlns=\"http:\/\/www.w3.org\/2000\/svg\" viewBox=\"0 0 512 512\" class=\"svg-inline--fa fa-chart-bar fa-w-16 fa-2x\"><path fill=\"currentColor\" d=\"M396.8 352h22.4c6.4 0 12.8-6.4 12.8-12.8V108.8c0-6.4-6.4-12.8-12.8-12.8h-22.4c-6.4 0-12.8 6.4-12.8 12.8v230.4c0 6.4 6.4 12.8 12.8 12.8zm-192 0h22.4c6.4 0 12.8-6.4 12.8-12.8V140.8c0-6.4-6.4-12.8-12.8-12.8h-22.4c-6.4 0-12.8 6.4-12.8 12.8v198.4c0 6.4 6.4 12.8 12.8 12.8zm96 0h22.4c6.4 0 12.8-6.4 12.8-12.8V204.8c0-6.4-6.4-12.8-12.8-12.8h-22.4c-6.4 0-12.8 6.4-12.8 12.8v134.4c0 6.4 6.4 12.8 12.8 12.8zM496 400H48V80c0-8.84-7.16-16-16-16H16C7.16 64 0 71.16 0 80v336c0 17.67 14.33 32 32 32h464c8.84 0 16-7.16 16-16v-16c0-8.84-7.16-16-16-16zm-387.2-48h22.4c6.4 0 12.8-6.4 12.8-12.8v-70.4c0-6.4-6.4-12.8-12.8-12.8h-22.4c-6.4 0-12.8 6.4-12.8 12.8v70.4c0 6.4 6.4 12.8 12.8 12.8z\" class=\"\"><\/path><\/svg><\/i> <img loading=\"lazy\" decoding=\"async\" width=\"16\" height=\"16\" alt=\"Loading\" src=\"https:\/\/www.raccontinellarete.it\/301\/wp-content\/plugins\/page-views-count\/ajax-loader-2x.gif\" border=0 \/><\/p>\n<div class=\"pvc_clear\"><\/div>\n","protected":false},"excerpt":{"rendered":"<p>Sono trascorsi 16 anni da quando conobbi il mio amico Alfonso, ma la mia vita a volte sembra essere rimasta intrappolata in quello spazio di tempo. In fondo il tempo circoscrive gli spazi e delimita i luoghi, ma non le persone. Alfonso divenne brevemente un mio amico: affinit\u00e0 caratteriali, stessi interessi, medesime ambizioni. Era affetto [&hellip;]<\/p>\n<div class=\"pvc_clear\"><\/div>\n<p id=\"pvc_stats_25284\" class=\"pvc_stats all  \" data-element-id=\"25284\" style=\"\"><i class=\"pvc-stats-icon medium\" aria-hidden=\"true\"><svg aria-hidden=\"true\" focusable=\"false\" data-prefix=\"far\" data-icon=\"chart-bar\" role=\"img\" xmlns=\"http:\/\/www.w3.org\/2000\/svg\" viewBox=\"0 0 512 512\" class=\"svg-inline--fa fa-chart-bar fa-w-16 fa-2x\"><path fill=\"currentColor\" d=\"M396.8 352h22.4c6.4 0 12.8-6.4 12.8-12.8V108.8c0-6.4-6.4-12.8-12.8-12.8h-22.4c-6.4 0-12.8 6.4-12.8 12.8v230.4c0 6.4 6.4 12.8 12.8 12.8zm-192 0h22.4c6.4 0 12.8-6.4 12.8-12.8V140.8c0-6.4-6.4-12.8-12.8-12.8h-22.4c-6.4 0-12.8 6.4-12.8 12.8v198.4c0 6.4 6.4 12.8 12.8 12.8zm96 0h22.4c6.4 0 12.8-6.4 12.8-12.8V204.8c0-6.4-6.4-12.8-12.8-12.8h-22.4c-6.4 0-12.8 6.4-12.8 12.8v134.4c0 6.4 6.4 12.8 12.8 12.8zM496 400H48V80c0-8.84-7.16-16-16-16H16C7.16 64 0 71.16 0 80v336c0 17.67 14.33 32 32 32h464c8.84 0 16-7.16 16-16v-16c0-8.84-7.16-16-16-16zm-387.2-48h22.4c6.4 0 12.8-6.4 12.8-12.8v-70.4c0-6.4-6.4-12.8-12.8-12.8h-22.4c-6.4 0-12.8 6.4-12.8 12.8v70.4c0 6.4 6.4 12.8 12.8 12.8z\" class=\"\"><\/path><\/svg><\/i> <img loading=\"lazy\" decoding=\"async\" width=\"16\" height=\"16\" alt=\"Loading\" src=\"https:\/\/www.raccontinellarete.it\/301\/wp-content\/plugins\/page-views-count\/ajax-loader-2x.gif\" border=0 \/><\/p>\n<div class=\"pvc_clear\"><\/div>\n","protected":false},"author":7123,"featured_media":0,"comment_status":"open","ping_status":"closed","sticky":false,"template":"","format":"standard","meta":{"footnotes":""},"categories":[218],"tags":[],"class_list":["post-25284","post","type-post","status-publish","format-standard","hentry","category-premio-racconti-per-corti-2015"],"_links":{"self":[{"href":"https:\/\/www.raccontinellarete.it\/index.php?rest_route=\/wp\/v2\/posts\/25284"}],"collection":[{"href":"https:\/\/www.raccontinellarete.it\/index.php?rest_route=\/wp\/v2\/posts"}],"about":[{"href":"https:\/\/www.raccontinellarete.it\/index.php?rest_route=\/wp\/v2\/types\/post"}],"author":[{"embeddable":true,"href":"https:\/\/www.raccontinellarete.it\/index.php?rest_route=\/wp\/v2\/users\/7123"}],"replies":[{"embeddable":true,"href":"https:\/\/www.raccontinellarete.it\/index.php?rest_route=%2Fwp%2Fv2%2Fcomments&post=25284"}],"version-history":[{"count":1,"href":"https:\/\/www.raccontinellarete.it\/index.php?rest_route=\/wp\/v2\/posts\/25284\/revisions"}],"predecessor-version":[{"id":25286,"href":"https:\/\/www.raccontinellarete.it\/index.php?rest_route=\/wp\/v2\/posts\/25284\/revisions\/25286"}],"wp:attachment":[{"href":"https:\/\/www.raccontinellarete.it\/index.php?rest_route=%2Fwp%2Fv2%2Fmedia&parent=25284"}],"wp:term":[{"taxonomy":"category","embeddable":true,"href":"https:\/\/www.raccontinellarete.it\/index.php?rest_route=%2Fwp%2Fv2%2Fcategories&post=25284"},{"taxonomy":"post_tag","embeddable":true,"href":"https:\/\/www.raccontinellarete.it\/index.php?rest_route=%2Fwp%2Fv2%2Ftags&post=25284"}],"curies":[{"name":"wp","href":"https:\/\/api.w.org\/{rel}","templated":true}]}}