{"id":25237,"date":"2015-06-02T00:24:54","date_gmt":"2015-06-01T23:24:54","guid":{"rendered":"http:\/\/www.raccontinellarete.it\/?p=25237"},"modified":"2015-06-02T00:24:54","modified_gmt":"2015-06-01T23:24:54","slug":"premio-racconti-nella-rete-2015-bianco-silenzio-di-alessandro-perrella","status":"publish","type":"post","link":"https:\/\/www.raccontinellarete.it\/?p=25237","title":{"rendered":"Premio Racconti nella Rete 2015 &#8220;Bianco Silenzio&#8221; di Alessandro Perrella"},"content":{"rendered":"<p>Il silenzio \u00e8 bianco.<\/p>\n<p>Molti sostengono sia d\u2019oro, ma in realt\u00e0 danno un erroneo valore al silenzio.<\/p>\n<p>Le cose cambiano e continueranno a cambiare, ma mai avremmo pensato che il silenzio bianco potesse infine tacitare i concreti pensieri di molti, ormai quasi di tutti.<\/p>\n<p>Il silenzio un tempo era d\u2019oro, nel brusio confuso di mille parole spesso inutili e chiassose.<br \/>\nOggi invece il silenzio \u00e8 bianco.<\/p>\n<p>E non \u00e8 questione di mancanza di tempo o di energie se esso sia divenuto bianco, in realt\u00e0 il tempo e le energie richieste sono gli stessi da secoli, forse millenni.<br \/>\nSemplicemente \u00e8 accaduto, anche se molti sostengono che nulla accada per caso.<\/p>\n<p>L\u2019attesa \u00e8 snervante.<\/p>\n<p>L\u2019assenza di parole \u00e8 tristemente rumorosa, nonostante un bianco silenzio.<\/p>\n<p>Io attendo che il silenzio torni d\u2019oro, ma nell\u2019attesa invecchio e il mio essere s\u2019ingrigisce, ingiallisce e rimane perso nel silenzio\u2026ormai non pi\u00f9 bianco\u2026..<\/p>\n<p>Dunque, forse sbaglio, il silenzio era bianco come un tempo era d\u2019oro\u2026ora \u00e8 ingiallito, come me.<br \/>\ne pensare che un tempo ingiallivano pensieri concreti&#8230;ora invece tocca al silenzio.<\/p>\n<p>\u2026ecco sento di nuovo l&#8217;inizio di pensieri che vogliono rompere il silenzio, l\u2019emozione \u00e8 grande, non riesco a star fermo e la brezza, anche la pi\u00f9 leggera, smuove tutto il mio essere\u2026<\/p>\n<p>Ma sbagliavo, di nuovo il silenzio torna ad essere bianco, anzi giallo, perch\u00e9 ormai il tempo passa ed io invecchio quasi vuoto e senza contenuto\u2026<\/p>\n<p>I tempi cambiano, taluni lo chiamano progresso e dicono che nella storia dell\u2019umanit\u00e0 non vi siano mai state tante informazioni e un cos\u00ec alto flusso comunicativo come ora, ma in realt\u00e0 c\u2019\u00e8 solo silenzio bianco\u2026e vuote elettriche e fredde parole che corrono impazzite..<\/p>\n<p>Ho sentito le loro voci parlare, discutevano di flussi e di storie, come questa che ora appare su un freddo display.<br \/>\nLui vuole raccontare, ci prova, ma in realt\u00e0 c\u2019\u00e8 solo silenzio.<br \/>\nPreferisce una foto, un&#8217;istantanea di quel che lo circonda, accompagnata da simboli che nella loro brevit\u00e0 descrivono o meglio provano a descrivere la complessit\u00e0 di un&#8217;emozione.<\/p>\n<p>Il silenzio un tempo era d\u2019oro, ma lo era quando vi erano tante vuote e chiassose parole che insieme alle poche essenziali e reali si muovevano molto pi\u00f9 lentamente tra le umani genti\u2026riuscendo per\u00f2 ad elicitare le pi\u00f9 profonde emozioni, stimolando l\u2019immaginazione.<\/p>\n<p>Oggi il silenzio \u00e8 bianco mentre le fredde note di elettrici pensieri corrono veloci, quasi come la luce, essendo ovunque ma di fatto in nessun posto, intangibili e prive di reale sostanza\u2026<\/p>\n<p>Oggi il silenzio \u00e8 bianco come me, un foglio di carta, separato dalla sua amica di sempre, unico tramite del pensiero di chi voleva comunicare e lasciar una vera tangibile traccia di se\u2026<\/p>\n<p>Il tempo passa, ingiallisco e svanisco, tornando nel tutto ma senza portare pi\u00f9 alcun pensiero&#8230;<\/p>\n<div class=\"pvc_clear\"><\/div>\n<p id=\"pvc_stats_25237\" class=\"pvc_stats all  \" data-element-id=\"25237\" style=\"\"><i class=\"pvc-stats-icon medium\" aria-hidden=\"true\"><svg aria-hidden=\"true\" focusable=\"false\" data-prefix=\"far\" data-icon=\"chart-bar\" role=\"img\" xmlns=\"http:\/\/www.w3.org\/2000\/svg\" viewBox=\"0 0 512 512\" class=\"svg-inline--fa fa-chart-bar fa-w-16 fa-2x\"><path fill=\"currentColor\" d=\"M396.8 352h22.4c6.4 0 12.8-6.4 12.8-12.8V108.8c0-6.4-6.4-12.8-12.8-12.8h-22.4c-6.4 0-12.8 6.4-12.8 12.8v230.4c0 6.4 6.4 12.8 12.8 12.8zm-192 0h22.4c6.4 0 12.8-6.4 12.8-12.8V140.8c0-6.4-6.4-12.8-12.8-12.8h-22.4c-6.4 0-12.8 6.4-12.8 12.8v198.4c0 6.4 6.4 12.8 12.8 12.8zm96 0h22.4c6.4 0 12.8-6.4 12.8-12.8V204.8c0-6.4-6.4-12.8-12.8-12.8h-22.4c-6.4 0-12.8 6.4-12.8 12.8v134.4c0 6.4 6.4 12.8 12.8 12.8zM496 400H48V80c0-8.84-7.16-16-16-16H16C7.16 64 0 71.16 0 80v336c0 17.67 14.33 32 32 32h464c8.84 0 16-7.16 16-16v-16c0-8.84-7.16-16-16-16zm-387.2-48h22.4c6.4 0 12.8-6.4 12.8-12.8v-70.4c0-6.4-6.4-12.8-12.8-12.8h-22.4c-6.4 0-12.8 6.4-12.8 12.8v70.4c0 6.4 6.4 12.8 12.8 12.8z\" class=\"\"><\/path><\/svg><\/i> <img loading=\"lazy\" decoding=\"async\" width=\"16\" height=\"16\" alt=\"Loading\" src=\"https:\/\/www.raccontinellarete.it\/301\/wp-content\/plugins\/page-views-count\/ajax-loader-2x.gif\" border=0 \/><\/p>\n<div class=\"pvc_clear\"><\/div>\n","protected":false},"excerpt":{"rendered":"<p>Il silenzio \u00e8 bianco. Molti sostengono sia d\u2019oro, ma in realt\u00e0 danno un erroneo valore al silenzio. Le cose cambiano e continueranno a cambiare, ma mai avremmo pensato che il silenzio bianco potesse infine tacitare i concreti pensieri di molti, ormai quasi di tutti. Il silenzio un tempo era d\u2019oro, nel brusio confuso di mille [&hellip;]<\/p>\n<div class=\"pvc_clear\"><\/div>\n<p id=\"pvc_stats_25237\" class=\"pvc_stats all  \" data-element-id=\"25237\" style=\"\"><i class=\"pvc-stats-icon medium\" aria-hidden=\"true\"><svg aria-hidden=\"true\" focusable=\"false\" data-prefix=\"far\" data-icon=\"chart-bar\" role=\"img\" xmlns=\"http:\/\/www.w3.org\/2000\/svg\" viewBox=\"0 0 512 512\" class=\"svg-inline--fa fa-chart-bar fa-w-16 fa-2x\"><path fill=\"currentColor\" d=\"M396.8 352h22.4c6.4 0 12.8-6.4 12.8-12.8V108.8c0-6.4-6.4-12.8-12.8-12.8h-22.4c-6.4 0-12.8 6.4-12.8 12.8v230.4c0 6.4 6.4 12.8 12.8 12.8zm-192 0h22.4c6.4 0 12.8-6.4 12.8-12.8V140.8c0-6.4-6.4-12.8-12.8-12.8h-22.4c-6.4 0-12.8 6.4-12.8 12.8v198.4c0 6.4 6.4 12.8 12.8 12.8zm96 0h22.4c6.4 0 12.8-6.4 12.8-12.8V204.8c0-6.4-6.4-12.8-12.8-12.8h-22.4c-6.4 0-12.8 6.4-12.8 12.8v134.4c0 6.4 6.4 12.8 12.8 12.8zM496 400H48V80c0-8.84-7.16-16-16-16H16C7.16 64 0 71.16 0 80v336c0 17.67 14.33 32 32 32h464c8.84 0 16-7.16 16-16v-16c0-8.84-7.16-16-16-16zm-387.2-48h22.4c6.4 0 12.8-6.4 12.8-12.8v-70.4c0-6.4-6.4-12.8-12.8-12.8h-22.4c-6.4 0-12.8 6.4-12.8 12.8v70.4c0 6.4 6.4 12.8 12.8 12.8z\" class=\"\"><\/path><\/svg><\/i> <img loading=\"lazy\" decoding=\"async\" width=\"16\" height=\"16\" alt=\"Loading\" src=\"https:\/\/www.raccontinellarete.it\/301\/wp-content\/plugins\/page-views-count\/ajax-loader-2x.gif\" border=0 \/><\/p>\n<div class=\"pvc_clear\"><\/div>\n","protected":false},"author":4848,"featured_media":0,"comment_status":"open","ping_status":"closed","sticky":false,"template":"","format":"standard","meta":{"footnotes":""},"categories":[217],"tags":[349,47,348],"class_list":["post-25237","post","type-post","status-publish","format-standard","hentry","category-premio-racconti-nella-rete-2015","tag-psiche","tag-racconto-breve","tag-silenzio"],"_links":{"self":[{"href":"https:\/\/www.raccontinellarete.it\/index.php?rest_route=\/wp\/v2\/posts\/25237"}],"collection":[{"href":"https:\/\/www.raccontinellarete.it\/index.php?rest_route=\/wp\/v2\/posts"}],"about":[{"href":"https:\/\/www.raccontinellarete.it\/index.php?rest_route=\/wp\/v2\/types\/post"}],"author":[{"embeddable":true,"href":"https:\/\/www.raccontinellarete.it\/index.php?rest_route=\/wp\/v2\/users\/4848"}],"replies":[{"embeddable":true,"href":"https:\/\/www.raccontinellarete.it\/index.php?rest_route=%2Fwp%2Fv2%2Fcomments&post=25237"}],"version-history":[{"count":9,"href":"https:\/\/www.raccontinellarete.it\/index.php?rest_route=\/wp\/v2\/posts\/25237\/revisions"}],"predecessor-version":[{"id":25537,"href":"https:\/\/www.raccontinellarete.it\/index.php?rest_route=\/wp\/v2\/posts\/25237\/revisions\/25537"}],"wp:attachment":[{"href":"https:\/\/www.raccontinellarete.it\/index.php?rest_route=%2Fwp%2Fv2%2Fmedia&parent=25237"}],"wp:term":[{"taxonomy":"category","embeddable":true,"href":"https:\/\/www.raccontinellarete.it\/index.php?rest_route=%2Fwp%2Fv2%2Fcategories&post=25237"},{"taxonomy":"post_tag","embeddable":true,"href":"https:\/\/www.raccontinellarete.it\/index.php?rest_route=%2Fwp%2Fv2%2Ftags&post=25237"}],"curies":[{"name":"wp","href":"https:\/\/api.w.org\/{rel}","templated":true}]}}