{"id":24949,"date":"2015-06-01T10:58:50","date_gmt":"2015-06-01T09:58:50","guid":{"rendered":"http:\/\/www.raccontinellarete.it\/?p=24949"},"modified":"2015-06-01T10:58:50","modified_gmt":"2015-06-01T09:58:50","slug":"premio-racconti-nella-rete-2015-incontro-di-alvise-romano","status":"publish","type":"post","link":"https:\/\/www.raccontinellarete.it\/?p=24949","title":{"rendered":"Premio Racconti nella Rete 2015 &#8220;Incontro&#8221; di Alvise Romano"},"content":{"rendered":"<p>CIAO!!!<\/p>\n<p>Ciao!<\/p>\n<p>Ti ricordi di ME?<\/p>\n<p>No, scusa ma non mi ricordo.<\/p>\n<p>Dai! Non mi riconosci?<\/p>\n<p>No, non mi sembra di averti mai visto.<\/p>\n<p>Ma se \u00e9 una vita che ci conosciamo!<\/p>\n<p>E dove ci saremmo conosciuti? Eri un mio compagno di scuola?<\/p>\n<p>Anche!<\/p>\n<p>Possibile che non mi ricordo?<\/p>\n<p>? da un po di anni che ci siamo persi di vista ma, mi dovresti riconoscere! Non sono cambiato poi tanto.<\/p>\n<p>Si, la vita \u00e8 strana a volte ci si perde di vista e poi ci si rincontra, ma guarda, che di TE propio non mi ricordo.<\/p>\n<p>Dai!!! Non ti ricordi quella volta che siamo andati a pescare e non riuscendo a catturare nulla ci siamo fermati al mercato a comprare delle trote gigantesche?<\/p>\n<p>Certo l&#8217;episodio lo ricordo. Mi ricordo che ero con Marco e Giulio. Di TE non mi ricordo.<\/p>\n<p>Come NO!? Quante risate ci siamo fatti! E il primo concerto di Vasco non ti ricordi?<\/p>\n<p>Caspita se lo ricordo! Ci sono andato letteralmente su un piede solo! Che storta ho preso il giorno prima! E il medico del pronto soccorso voleva comprarmi il biglietto! Ma comunque ricordo oltre a me solo Marco e Giulio.<\/p>\n<p>Dai \u00e8 impossibile che mi hai cancellato cos\u00ec dalla tua memoria. Eravamo cos\u00ec INSEPARABILI. Ci raccontavamo tutto! Condividevamo sogni e speranze. Quante ne abbiamo combinate insieme! Non ricordi le gite in montagna? le serate al pub? le pisciate artistiche all&#8217;uscita? Dai non puoi avermi dimenticato.<br \/>\nSo che sono passati tanti anni da quando ci siamo separati. Da quando non mi hai pi\u00f9 voluto ascoltare.<br \/>\nMa \u00e8 impossibile che non ti ricordi di ME!<\/p>\n<p>Ma come ti chiami?<\/p>\n<p>&nbsp;<\/p>\n<p>&nbsp;<\/p>\n<p>&nbsp;<\/p>\n<p>Spiegazione:<br \/>\nA volte nella vita siamo presi da mille cose: amici, fidanzata, carriera, moglie e poi figli ecc. ecc.<br \/>\nCi alziamo al mattino gi\u00e0 stressati dalle cose che ancora dobbiamo fare, dagli impegni, le scadenze, che tralasciamo tante cose importanti.<br \/>\nPresi dal FARE, presi dal TURBINARE delle cose AGIAMO, FACCIAMO.<br \/>\nMa a un certo punto fiati e ti guardi indietro.<br \/>\nPiano piano senza neanche accorgerti hai perso tutto amici, famiglia, moglie, figli e ti ritrovi DA SOLO a passeggiare in una piazza affollata di gente, che accentua ancora di pi\u00f9 la tua solitudine.<br \/>\nEd \u00e8 in quella desolata solitudine che fai un incontro.<\/p>\n<p>INCONTRI TE STESSO<\/p>\n<div class=\"pvc_clear\"><\/div>\n<p id=\"pvc_stats_24949\" class=\"pvc_stats all  \" data-element-id=\"24949\" style=\"\"><i class=\"pvc-stats-icon medium\" aria-hidden=\"true\"><svg aria-hidden=\"true\" focusable=\"false\" data-prefix=\"far\" data-icon=\"chart-bar\" role=\"img\" xmlns=\"http:\/\/www.w3.org\/2000\/svg\" viewBox=\"0 0 512 512\" class=\"svg-inline--fa fa-chart-bar fa-w-16 fa-2x\"><path fill=\"currentColor\" d=\"M396.8 352h22.4c6.4 0 12.8-6.4 12.8-12.8V108.8c0-6.4-6.4-12.8-12.8-12.8h-22.4c-6.4 0-12.8 6.4-12.8 12.8v230.4c0 6.4 6.4 12.8 12.8 12.8zm-192 0h22.4c6.4 0 12.8-6.4 12.8-12.8V140.8c0-6.4-6.4-12.8-12.8-12.8h-22.4c-6.4 0-12.8 6.4-12.8 12.8v198.4c0 6.4 6.4 12.8 12.8 12.8zm96 0h22.4c6.4 0 12.8-6.4 12.8-12.8V204.8c0-6.4-6.4-12.8-12.8-12.8h-22.4c-6.4 0-12.8 6.4-12.8 12.8v134.4c0 6.4 6.4 12.8 12.8 12.8zM496 400H48V80c0-8.84-7.16-16-16-16H16C7.16 64 0 71.16 0 80v336c0 17.67 14.33 32 32 32h464c8.84 0 16-7.16 16-16v-16c0-8.84-7.16-16-16-16zm-387.2-48h22.4c6.4 0 12.8-6.4 12.8-12.8v-70.4c0-6.4-6.4-12.8-12.8-12.8h-22.4c-6.4 0-12.8 6.4-12.8 12.8v70.4c0 6.4 6.4 12.8 12.8 12.8z\" class=\"\"><\/path><\/svg><\/i> <img loading=\"lazy\" decoding=\"async\" width=\"16\" height=\"16\" alt=\"Loading\" src=\"https:\/\/www.raccontinellarete.it\/301\/wp-content\/plugins\/page-views-count\/ajax-loader-2x.gif\" border=0 \/><\/p>\n<div class=\"pvc_clear\"><\/div>\n","protected":false},"excerpt":{"rendered":"<p>CIAO!!! Ciao! Ti ricordi di ME? No, scusa ma non mi ricordo. Dai! Non mi riconosci? No, non mi sembra di averti mai visto. Ma se \u00e9 una vita che ci conosciamo! E dove ci saremmo conosciuti? Eri un mio compagno di scuola? Anche! Possibile che non mi ricordo? ? da un po di anni [&hellip;]<\/p>\n<div class=\"pvc_clear\"><\/div>\n<p id=\"pvc_stats_24949\" class=\"pvc_stats all  \" data-element-id=\"24949\" style=\"\"><i class=\"pvc-stats-icon medium\" aria-hidden=\"true\"><svg aria-hidden=\"true\" focusable=\"false\" data-prefix=\"far\" data-icon=\"chart-bar\" role=\"img\" xmlns=\"http:\/\/www.w3.org\/2000\/svg\" viewBox=\"0 0 512 512\" class=\"svg-inline--fa fa-chart-bar fa-w-16 fa-2x\"><path fill=\"currentColor\" d=\"M396.8 352h22.4c6.4 0 12.8-6.4 12.8-12.8V108.8c0-6.4-6.4-12.8-12.8-12.8h-22.4c-6.4 0-12.8 6.4-12.8 12.8v230.4c0 6.4 6.4 12.8 12.8 12.8zm-192 0h22.4c6.4 0 12.8-6.4 12.8-12.8V140.8c0-6.4-6.4-12.8-12.8-12.8h-22.4c-6.4 0-12.8 6.4-12.8 12.8v198.4c0 6.4 6.4 12.8 12.8 12.8zm96 0h22.4c6.4 0 12.8-6.4 12.8-12.8V204.8c0-6.4-6.4-12.8-12.8-12.8h-22.4c-6.4 0-12.8 6.4-12.8 12.8v134.4c0 6.4 6.4 12.8 12.8 12.8zM496 400H48V80c0-8.84-7.16-16-16-16H16C7.16 64 0 71.16 0 80v336c0 17.67 14.33 32 32 32h464c8.84 0 16-7.16 16-16v-16c0-8.84-7.16-16-16-16zm-387.2-48h22.4c6.4 0 12.8-6.4 12.8-12.8v-70.4c0-6.4-6.4-12.8-12.8-12.8h-22.4c-6.4 0-12.8 6.4-12.8 12.8v70.4c0 6.4 6.4 12.8 12.8 12.8z\" class=\"\"><\/path><\/svg><\/i> <img loading=\"lazy\" decoding=\"async\" width=\"16\" height=\"16\" alt=\"Loading\" src=\"https:\/\/www.raccontinellarete.it\/301\/wp-content\/plugins\/page-views-count\/ajax-loader-2x.gif\" border=0 \/><\/p>\n<div class=\"pvc_clear\"><\/div>\n","protected":false},"author":7034,"featured_media":0,"comment_status":"open","ping_status":"closed","sticky":false,"template":"","format":"standard","meta":{"footnotes":""},"categories":[217],"tags":[],"class_list":["post-24949","post","type-post","status-publish","format-standard","hentry","category-premio-racconti-nella-rete-2015"],"_links":{"self":[{"href":"https:\/\/www.raccontinellarete.it\/index.php?rest_route=\/wp\/v2\/posts\/24949"}],"collection":[{"href":"https:\/\/www.raccontinellarete.it\/index.php?rest_route=\/wp\/v2\/posts"}],"about":[{"href":"https:\/\/www.raccontinellarete.it\/index.php?rest_route=\/wp\/v2\/types\/post"}],"author":[{"embeddable":true,"href":"https:\/\/www.raccontinellarete.it\/index.php?rest_route=\/wp\/v2\/users\/7034"}],"replies":[{"embeddable":true,"href":"https:\/\/www.raccontinellarete.it\/index.php?rest_route=%2Fwp%2Fv2%2Fcomments&post=24949"}],"version-history":[{"count":3,"href":"https:\/\/www.raccontinellarete.it\/index.php?rest_route=\/wp\/v2\/posts\/24949\/revisions"}],"predecessor-version":[{"id":25430,"href":"https:\/\/www.raccontinellarete.it\/index.php?rest_route=\/wp\/v2\/posts\/24949\/revisions\/25430"}],"wp:attachment":[{"href":"https:\/\/www.raccontinellarete.it\/index.php?rest_route=%2Fwp%2Fv2%2Fmedia&parent=24949"}],"wp:term":[{"taxonomy":"category","embeddable":true,"href":"https:\/\/www.raccontinellarete.it\/index.php?rest_route=%2Fwp%2Fv2%2Fcategories&post=24949"},{"taxonomy":"post_tag","embeddable":true,"href":"https:\/\/www.raccontinellarete.it\/index.php?rest_route=%2Fwp%2Fv2%2Ftags&post=24949"}],"curies":[{"name":"wp","href":"https:\/\/api.w.org\/{rel}","templated":true}]}}