{"id":24696,"date":"2015-05-28T18:47:01","date_gmt":"2015-05-28T17:47:01","guid":{"rendered":"http:\/\/www.raccontinellarete.it\/?p=24696"},"modified":"2015-05-28T18:47:01","modified_gmt":"2015-05-28T17:47:01","slug":"premio-racconti-nella-rete-2015-il-bergamino-di-lucio-salamini","status":"publish","type":"post","link":"https:\/\/www.raccontinellarete.it\/?p=24696","title":{"rendered":"Premio Racconti nella Rete 2015 &#8220;Il Bergamino&#8221; di Lucio Salamini"},"content":{"rendered":"<p>Che anche stanotte, mi tocca la notte.<\/p>\n<p>Che poi non \u00e8 notte, \u00e8 gi\u00e0 quasi mattino.<\/p>\n<p>E l\u2019inverno mi piace, perch\u00e9 esco di casa che \u00e8 buio, ed il freddo fa l\u2019aria sottile, e quando ho finito, non \u00e8 ancora luce. E corro nel letto prima del sole. Come la gente normale<\/p>\n<p>Ma l\u2019estate \u00e8 diverso. Quando appoggio la scopa, che la stalla \u00e8 pulita, fuori \u00e8 gi\u00e0 giorno. Cos\u00ec faccio due passi, incontro gli amici, che son buoni e cattivi, e lo sanno il mio vizio, e mi pagan da bere, e io lo so gi\u00e0 come va poi a finire.<\/p>\n<p>All\u2019osteria, ieri notte, ho comprato una barca. Dal macellaio, che viene ogni tanto. Aveva la stessa camicia di quindici anni prima, coi bottoni di osso, di quella sera in cui mi convinse con una bottiglia a mettermi in macchina i suoi quattro fucili, e a gettarli nel pozzo del prete.<\/p>\n<p>\u201cSoltanto un cane pu\u00f2 uccidere un cane\u201d mi url\u00f2 il maresciallo.<\/p>\n<p>\u201cE\u2019 tardi \u2013 gli dissi- ho le vacche da mungere\u201d.<\/p>\n<p>E allora sei giorni e sei notti, al freddo e coi topi. E poi fuori, di corsa, tra la gente che mi guarda e mi grida \u201cvigliacco\u201d, ma senza parlare. Gi\u00f9 gi\u00f9 per la strada,con la mia bicicletta, \u00a0pi\u00f9 veloce che posso, con l\u2019aria che fischia e mi fa piangere gli occhi, che non si veda che piango; passo i tabacchi, la macelleria, il verduraio, la curva e via! via! Dritto contro al bancone.<\/p>\n<p>A bere.<\/p>\n<p>Come un dannato.<\/p>\n<p>\u201cVai a letto\u201d mi urla la Ilva.<\/p>\n<p>Ma a me piace ascoltare il macellaio che si inventa le favole, per potermi fregare. La barca \u00e8 rubata, lo sapevo anche prima. Anzi, non ancora rubata, la ruber\u00f2 io, dopo averla pagata. Lui me la vende, per saldare il suo debito, e chiude partita con una barca non sua.<\/p>\n<p>Ma io faccio di tutto per una bella favola.<\/p>\n<p>\u201cVai a letto! Basta col vino! Che \u00e8 domani da un ora, e domani lavori.\u201d<\/p>\n<p>\u201cQuanti ne abbiamo?\u201d le chiedo confuso.<\/p>\n<p>\u201cA te non importa- ride unto il postino- Domani \u00e8 domani. E domani si munge. Domani e per sempre. Fosse anche Natale!\u201d<\/p>\n<p>E un po\u2019 son contento che abbian sparato ai suoi cani.<\/p>\n<p>E gi\u00f9 un altro bicchiere.<\/p>\n<div class=\"pvc_clear\"><\/div>\n<p id=\"pvc_stats_24696\" class=\"pvc_stats all  \" data-element-id=\"24696\" style=\"\"><i class=\"pvc-stats-icon medium\" aria-hidden=\"true\"><svg aria-hidden=\"true\" focusable=\"false\" data-prefix=\"far\" data-icon=\"chart-bar\" role=\"img\" xmlns=\"http:\/\/www.w3.org\/2000\/svg\" viewBox=\"0 0 512 512\" class=\"svg-inline--fa fa-chart-bar fa-w-16 fa-2x\"><path fill=\"currentColor\" d=\"M396.8 352h22.4c6.4 0 12.8-6.4 12.8-12.8V108.8c0-6.4-6.4-12.8-12.8-12.8h-22.4c-6.4 0-12.8 6.4-12.8 12.8v230.4c0 6.4 6.4 12.8 12.8 12.8zm-192 0h22.4c6.4 0 12.8-6.4 12.8-12.8V140.8c0-6.4-6.4-12.8-12.8-12.8h-22.4c-6.4 0-12.8 6.4-12.8 12.8v198.4c0 6.4 6.4 12.8 12.8 12.8zm96 0h22.4c6.4 0 12.8-6.4 12.8-12.8V204.8c0-6.4-6.4-12.8-12.8-12.8h-22.4c-6.4 0-12.8 6.4-12.8 12.8v134.4c0 6.4 6.4 12.8 12.8 12.8zM496 400H48V80c0-8.84-7.16-16-16-16H16C7.16 64 0 71.16 0 80v336c0 17.67 14.33 32 32 32h464c8.84 0 16-7.16 16-16v-16c0-8.84-7.16-16-16-16zm-387.2-48h22.4c6.4 0 12.8-6.4 12.8-12.8v-70.4c0-6.4-6.4-12.8-12.8-12.8h-22.4c-6.4 0-12.8 6.4-12.8 12.8v70.4c0 6.4 6.4 12.8 12.8 12.8z\" class=\"\"><\/path><\/svg><\/i> <img loading=\"lazy\" decoding=\"async\" width=\"16\" height=\"16\" alt=\"Loading\" src=\"https:\/\/www.raccontinellarete.it\/301\/wp-content\/plugins\/page-views-count\/ajax-loader-2x.gif\" border=0 \/><\/p>\n<div class=\"pvc_clear\"><\/div>\n","protected":false},"excerpt":{"rendered":"<p>Che anche stanotte, mi tocca la notte. Che poi non \u00e8 notte, \u00e8 gi\u00e0 quasi mattino. E l\u2019inverno mi piace, perch\u00e9 esco di casa che \u00e8 buio, ed il freddo fa l\u2019aria sottile, e quando ho finito, non \u00e8 ancora luce. E corro nel letto prima del sole. Come la gente normale Ma l\u2019estate \u00e8 [&hellip;]<\/p>\n<div class=\"pvc_clear\"><\/div>\n<p id=\"pvc_stats_24696\" class=\"pvc_stats all  \" data-element-id=\"24696\" style=\"\"><i class=\"pvc-stats-icon medium\" aria-hidden=\"true\"><svg aria-hidden=\"true\" focusable=\"false\" data-prefix=\"far\" data-icon=\"chart-bar\" role=\"img\" xmlns=\"http:\/\/www.w3.org\/2000\/svg\" viewBox=\"0 0 512 512\" class=\"svg-inline--fa fa-chart-bar fa-w-16 fa-2x\"><path fill=\"currentColor\" d=\"M396.8 352h22.4c6.4 0 12.8-6.4 12.8-12.8V108.8c0-6.4-6.4-12.8-12.8-12.8h-22.4c-6.4 0-12.8 6.4-12.8 12.8v230.4c0 6.4 6.4 12.8 12.8 12.8zm-192 0h22.4c6.4 0 12.8-6.4 12.8-12.8V140.8c0-6.4-6.4-12.8-12.8-12.8h-22.4c-6.4 0-12.8 6.4-12.8 12.8v198.4c0 6.4 6.4 12.8 12.8 12.8zm96 0h22.4c6.4 0 12.8-6.4 12.8-12.8V204.8c0-6.4-6.4-12.8-12.8-12.8h-22.4c-6.4 0-12.8 6.4-12.8 12.8v134.4c0 6.4 6.4 12.8 12.8 12.8zM496 400H48V80c0-8.84-7.16-16-16-16H16C7.16 64 0 71.16 0 80v336c0 17.67 14.33 32 32 32h464c8.84 0 16-7.16 16-16v-16c0-8.84-7.16-16-16-16zm-387.2-48h22.4c6.4 0 12.8-6.4 12.8-12.8v-70.4c0-6.4-6.4-12.8-12.8-12.8h-22.4c-6.4 0-12.8 6.4-12.8 12.8v70.4c0 6.4 6.4 12.8 12.8 12.8z\" class=\"\"><\/path><\/svg><\/i> <img loading=\"lazy\" decoding=\"async\" width=\"16\" height=\"16\" alt=\"Loading\" src=\"https:\/\/www.raccontinellarete.it\/301\/wp-content\/plugins\/page-views-count\/ajax-loader-2x.gif\" border=0 \/><\/p>\n<div class=\"pvc_clear\"><\/div>\n","protected":false},"author":7032,"featured_media":0,"comment_status":"open","ping_status":"closed","sticky":false,"template":"","format":"standard","meta":{"footnotes":""},"categories":[217],"tags":[],"class_list":["post-24696","post","type-post","status-publish","format-standard","hentry","category-premio-racconti-nella-rete-2015"],"_links":{"self":[{"href":"https:\/\/www.raccontinellarete.it\/index.php?rest_route=\/wp\/v2\/posts\/24696"}],"collection":[{"href":"https:\/\/www.raccontinellarete.it\/index.php?rest_route=\/wp\/v2\/posts"}],"about":[{"href":"https:\/\/www.raccontinellarete.it\/index.php?rest_route=\/wp\/v2\/types\/post"}],"author":[{"embeddable":true,"href":"https:\/\/www.raccontinellarete.it\/index.php?rest_route=\/wp\/v2\/users\/7032"}],"replies":[{"embeddable":true,"href":"https:\/\/www.raccontinellarete.it\/index.php?rest_route=%2Fwp%2Fv2%2Fcomments&post=24696"}],"version-history":[{"count":2,"href":"https:\/\/www.raccontinellarete.it\/index.php?rest_route=\/wp\/v2\/posts\/24696\/revisions"}],"predecessor-version":[{"id":25002,"href":"https:\/\/www.raccontinellarete.it\/index.php?rest_route=\/wp\/v2\/posts\/24696\/revisions\/25002"}],"wp:attachment":[{"href":"https:\/\/www.raccontinellarete.it\/index.php?rest_route=%2Fwp%2Fv2%2Fmedia&parent=24696"}],"wp:term":[{"taxonomy":"category","embeddable":true,"href":"https:\/\/www.raccontinellarete.it\/index.php?rest_route=%2Fwp%2Fv2%2Fcategories&post=24696"},{"taxonomy":"post_tag","embeddable":true,"href":"https:\/\/www.raccontinellarete.it\/index.php?rest_route=%2Fwp%2Fv2%2Ftags&post=24696"}],"curies":[{"name":"wp","href":"https:\/\/api.w.org\/{rel}","templated":true}]}}