{"id":24239,"date":"2015-05-20T17:51:12","date_gmt":"2015-05-20T16:51:12","guid":{"rendered":"http:\/\/www.raccontinellarete.it\/?p=24239"},"modified":"2015-05-25T18:28:56","modified_gmt":"2015-05-25T17:28:56","slug":"premio-racconti-nella-rete-2015-mich-a-el-di-francesca-di-gioia","status":"publish","type":"post","link":"https:\/\/www.raccontinellarete.it\/?p=24239","title":{"rendered":"Premio Racconti nella Rete 2015 &#8220;MicH A El!&#8221; di Francesca Digioia"},"content":{"rendered":"<p>Mi chiamo Michelagnolo, un nome che nel Seicento porta dietro di s\u00e9 ancora una grande eredit\u00e0, da tutti per\u00f2 sono conosciuto con il nome del paese che mi diede i natali, Caravaggio. E gi\u00e0, ma in pochi sanno che io nacqui a Milano e nella citt\u00e0 ambrosiana ricevetti il battesimo: era il 29 settembre del 1571 e nella parrocchia di Santo Stefano in Brolo fui registarto nel liber baptizatorum, nel giorno in cui la Chiesa fa memoria degli Arcangeli. Dall\u2019arcangelo Michele \u2013 dal pi\u00f9 feroce dei combattenti contro il Male \u2013, non ho preso solo il nome: io il male ho dovuto viverlo, per combatterlo e vincerlo o forse, per la di lui mano, esser vinto!<br \/>\nA scegliere per me furono i miei genitori loro si, dite il vero, nativi di Caravaggio piccolo borgo del bergamasco, Caravas lo chiamano quelle genti ombrose, mentre io con la mia vita avventurosa, ho dimostrato che anche a Nord ci sono uomini ai quali scorre il fuoco nelle vene. Non c\u2019era angolo del mio corpo in cui non ribolisse il desiderio di lasciare un segno nella storia e un furor senza limiti mi spingeva a voler essere il primo. Il primo ad amare, innazitutto ma anche ad odiare ad essere affamato e ad affamare, ad essere sconfitto e a vincere; con luci e ombre compagne inseparabili di viaggio.<br \/>\nDa Simone il Veneziano, stavo a bottega ma pativo quella pittura manierista, stucchevole e di accademia. Io dipingevo frutta e fiori come se parlassero, vedevo germogli sbocciare e mele brucate, mentre gli altri dipingevano le cose religiose della Controriforma. Odiavo quella pennellata liscia e quel colore accordato e diafano, io le setole le dovevo veder gocciolare di pigmento, oppure lo prendevo e \u2013 dopo un lungo<br \/>\ncorpo a corpo \u2013 lo stendevo con le mani sulla tela.<br \/>\nAvevo 14 anni quando decisi che la mia vita a Milano mi stava stretta, avevo bisogno di cercare ci\u00f2 che gi\u00e0 ero, lontano dal quel posto. Era cos\u00ec. Quell\u2019umidit\u00e0 dei canali che ti mangiava la pelle e quel clima uggioso, mal si conciliavano con il mio temperamento e i miei modi. A Milano lasciavo i miei tre fratelli ma loro se la potevano cavare anche senza di me, dopotutto ero diverso da loro, non li avrei pi\u00f9 visti. La mia famiglia l\u2019avevo gi\u00e0 scelta: la mia famiglia era la strada. Persino il Peterzano, nonostante mi legasse a lui un lungo contratto, pens\u00f2 che fosse meglio che io andassi, forse temeva che il mio talento gli rubasse la scena nella \u201csua\u201d Milano e poi a lui non piacevano quelli che chiamava \u201clo disegno con le cose\u201d, pensando che la natura non fosse dello stesso rango dell\u2019uomo. L\u00ec anche la mia \u201cCanestra di frutta\u201d non fu capita, mentre io vedevo il vero nelle cose, loro, poveretti, guardavano il verosimile, mentre io mi mischiavo con gli uomini loro facevano i semidei.<br \/>\nFu Costanza Colonna, vicina alla mia famiglia, a indicarmi un posto dovre avrei potuto trovare fortuna e forse anche una nuova vita. Fu lei a trasferirsi nel 1591 a Roma al palazzo ai SS. Apostoli proponendomi di prendervi dimora. La generosit\u00e0 delle donne accompagner\u00e0 il mio peregrinare da sbandato, dall\u2019amore di mia madre Lucia i cui baci saranno gli unici baci di donna che sar\u00e0 mai valsi la pena di essere scoccati, le altre siano state esse sante o dannate furono solo un passatempo, mi usavano e, quando lo cap\u00ec, le usai di pi\u00f9. Ad ogni modo sono state loro a salvarmi dalla fame, dalla sete e dalle vendette altrui. Gi\u00e0 a Milano mi ero fatto dei nemici col mio carattere irriverente e scontroso, ma a Roma, nonostante vivessi con gente dalle buone maniere, io continuavo ad esercitare le mie di maniere: quelle cattive.<br \/>\nArrivato a Roma, grazie ad un monsignore amico dei Colonna, riuscii ad entrare nelle grazie del cardinal del Monte. Da lui si stava bene, c\u2019era bella gente, si mangiava a volont\u00e0; avevo tutto ci\u00f2 che disideravo e pure qualche donnina che mi ronzava attorno. Presi presso di me pure un aiuto, un piccoletto, scuro e dal volto squadrato, un certo Mario il Siciliano che mi piaceva a tal punto da farlo diventare persino modello nei miei quadri.<br \/>\nFu il cardinale a darmi da studiare per farmi diventare colto, impresa difficile la sua, ad un uomo di azione come me non si poteva certo chiedere di legger libri. A me bastava ascoltare le conversazioni che si tenevano a Palazzo: ero veloce nell\u2019apprendere. Mi mettevo in un angolo e con la scusa di fare i ritratti dei suoi amici, appuntavo a carboncino ci\u00f2 che dicevano. Poi quando dipingevo per loro, mettevo dentro proprio quelle cose che dicevano.<br \/>\nPure nelle chiese mi aggiudicai due grande committenze, due cappelle private, e anche qui portai avanti le mie idee. Ma sia nell\u2019uno che nell\u2019altro caso dovetti modificare il soggetto: un San Matteo e l\u2019angelo per San Luigi dei Francesi e una Caduta di Saulo a Santa Maria del Popolo. Belli i quadri rifiutati ma scarsi e di poco gusto i signori committenti. In questo l\u2019ambiente romano eccepiva per gusto, tanti palloni gonfiati che non sapevano cosa fossero le cose belle, ma cosa si poteva pretendere da coloro che pensando di collezionavare anticaglie si circondavano di pezzi moderni venduti per originali greci o romani a quei nobili che li acquistavano a caro prezzo da abili scalpellini un po\u2019 cialtroni. Ma quella vita cos\u00ec tranquilla non faceva al caso mio e avevo iniziato a frequentare donne di alto rango. Con loro, il gioco dur\u00f2 poco e qualcheduno, qualche giovane damerino che corteggiava una di queste \u201cdame\u201d, inizi\u00f2 a farmi seguire e vedere che giacevo con lei. L\u00ec iniziarono i miei guai.<br \/>\nNulla accade a caso, e ormai a Roma persino le mie commissioni non andavano per il verso giusto. Strani questi prelati, prima sceglievano me, il pi\u00f9 trasgressivo tra i pittori e poi rifiutavano le mie opere perch\u00e9 blasfeme. Facevano paura i miei modelli presi dalla strada per interpretare santi e madonne. Ma i santi avevano per forza i piedi sporchi, la loro missione li portava in giro per il mondo e dunque erano sudici, e la Maddalena era stata una meretrice prima di unirsi alle Pie donne sotto la croce e al sepolcro.<br \/>\nCerte cose non andavano pi\u00f9 per il verso giusto e a furia di litigar per le piazze e a tirar sgabelli nelle osterie, mi ero fatto una brutta nomea in citt\u00e0; ci mancava solo quel signore di Terni a sfidarmi alla pallacorda. Lui non aveva molto da dire nei miei confronti ma si era convinto che la sua amante fosse cotta di me e questo proprio non gli andava gi\u00f9. E insomma che quel tipo l\u00ec il Tommasoni mi sfid\u00f2 alla pallacorda ma si scaldava troppo per i miei gusti, i suoi scagnozzi contestavano ogni palla: era una truffa vera e propria. Non tolleravo quella sfida e mi stavo spazientendo quando ad un certo punto feci un cenno al Menniti di allontanarsi e io mi misi a tirare in modo maldestro per provocarlo. Quando cedettero alle mie provocazioni, gli rifilai una palla fuori chiedendo invece un punto a mio favore. Il tipo, quindi, si avvicin\u00f2, mi aggred\u00ec verbalmente e io non esitai un attimo: impugnai un puntale che avevo sempre con me, e gli sferrai un colpo letale. Il Tommasoni era molto conosciuto a Roma e la notizia che l\u2019avessi prima ferito e che fosse in seguito morto, scosse le anime benpensanti dei signorotti. Del Monte mi disse di lasciare presto la citt\u00e0; era stata emessa una condanna capitale a mio nome e a palazzo Madama i miei cenci e le mie robbe erano gi\u00e0 accatastate in un angolo della bottega. Aveva fatto in fretta il cardinale a liberarsi di me.<br \/>\nDa quel d\u00ec mi prese un\u2019ansia frenetica di cercare una nuova dimora, un luogo nel quale lavorare e vivere. Mai pi\u00f9 ritrovai quella quiete e mai pi\u00f9 forse la cercai. Preo davvero com\u2019ero dallo sfuggire a condanna certa, peregrinai in vari luoghi. Quella testa me la vedevo gi\u00e0 tagliata penzoloni e la immaginavo servita su di un piatto come la Salom\u00e9 col Battista. Mi bastava vederla nei quadri che dipingevo per capire il dolore che mi provocava la notizia, e da l\u00ec fu tutta una corsa contro il tempo per lasciare la citt\u00e0. Da Roma fui a Napoli dove mi un\u00ec ai bogordi dei tanti viziosi che si ritrovavano alla Taverna del Cerriglio ma dopo qualche incontro fortunato e due belle tele eseguite per il Pio Monte della Misericordia e San Domenico Maggiore, e tante cose ancora da fare, dovetti fuggire. Quella condanna a vista poteva raggiungermi in qualsiasi momento e un tizio mi disse che quel posto non era pi\u00f9 sicuro per me: la gendarmeria vaticana era sulle mie tracce.<br \/>\nMi imbarcai e raggiunsi Malta. Sull\u2019isola trovai ad attendermi alcuni confratelli dell\u2019Ordine di Malta I cavalieri che avevano sentito parlare di me e del mio talento nelle opere che abbellivano molte chiese di Roma. Riuscirono ad ammansirmi per un po\u2019 e dopo alcune importanti commissioni e avermi nominato \u201cConfrater\u201d, pensavano di poter persino domare la mia indole inquieta, ma questa non manc\u00f2 di farsi presente e, alla prima occasione, mi ritrovai imbrigliato in una zuffa che mi vide protagonista. Davanti al maltolto non riuscivo a trattenermi, e la violenza era l\u2019unico modo che conoscevo per affermare le mie ragioni. Dopo avermi rinchiuso nelle carceri del Forte San\u2019Angelo a Vittoriosa, mi garantii invece una fuga rocambolesca in Sicilia dove ad attendermi c\u2019era l\u2019amico di sempre il Minniti.<br \/>\nTutta la brama di dipingere allontanava la paura della morte che tosto mi inseguiva, convinto pi\u00f9 che mai che fosse stato quello della condanna, il mio dies natalis. E anche da quella terra calda e splendida al centro del mare, dopo essere stato accolto con tutti gli onori ed essermi garantito di vivere dignitosamente, dovetti partire e mentre attendevo un salvacondotto per ritornare nella citt\u00e0 eterna, la morte, per vero, mi raggiunse sulla spiaggia di Port\u2019Ercole. Volevo metter fine alla mia fuga ma la dama nera, arriv\u00f2 prima di quanto pensassi, rimasi vestito solo delle mie spoglie mortali, e il mio cuore l\u2019avevo lasciato sempiterno nei miei quadri che grondavano di carne e di sangue, com\u2019io ero e com\u2019io avevo vissuto.<\/p>\n<div class=\"pvc_clear\"><\/div>\n<p id=\"pvc_stats_24239\" class=\"pvc_stats all  \" data-element-id=\"24239\" style=\"\"><i class=\"pvc-stats-icon medium\" aria-hidden=\"true\"><svg aria-hidden=\"true\" focusable=\"false\" data-prefix=\"far\" data-icon=\"chart-bar\" role=\"img\" xmlns=\"http:\/\/www.w3.org\/2000\/svg\" viewBox=\"0 0 512 512\" class=\"svg-inline--fa fa-chart-bar fa-w-16 fa-2x\"><path fill=\"currentColor\" d=\"M396.8 352h22.4c6.4 0 12.8-6.4 12.8-12.8V108.8c0-6.4-6.4-12.8-12.8-12.8h-22.4c-6.4 0-12.8 6.4-12.8 12.8v230.4c0 6.4 6.4 12.8 12.8 12.8zm-192 0h22.4c6.4 0 12.8-6.4 12.8-12.8V140.8c0-6.4-6.4-12.8-12.8-12.8h-22.4c-6.4 0-12.8 6.4-12.8 12.8v198.4c0 6.4 6.4 12.8 12.8 12.8zm96 0h22.4c6.4 0 12.8-6.4 12.8-12.8V204.8c0-6.4-6.4-12.8-12.8-12.8h-22.4c-6.4 0-12.8 6.4-12.8 12.8v134.4c0 6.4 6.4 12.8 12.8 12.8zM496 400H48V80c0-8.84-7.16-16-16-16H16C7.16 64 0 71.16 0 80v336c0 17.67 14.33 32 32 32h464c8.84 0 16-7.16 16-16v-16c0-8.84-7.16-16-16-16zm-387.2-48h22.4c6.4 0 12.8-6.4 12.8-12.8v-70.4c0-6.4-6.4-12.8-12.8-12.8h-22.4c-6.4 0-12.8 6.4-12.8 12.8v70.4c0 6.4 6.4 12.8 12.8 12.8z\" class=\"\"><\/path><\/svg><\/i> <img loading=\"lazy\" decoding=\"async\" width=\"16\" height=\"16\" alt=\"Loading\" src=\"https:\/\/www.raccontinellarete.it\/301\/wp-content\/plugins\/page-views-count\/ajax-loader-2x.gif\" border=0 \/><\/p>\n<div class=\"pvc_clear\"><\/div>\n","protected":false},"excerpt":{"rendered":"<p>Mi chiamo Michelagnolo, un nome che nel Seicento porta dietro di s\u00e9 ancora una grande eredit\u00e0, da tutti per\u00f2 sono conosciuto con il nome del paese che mi diede i natali, Caravaggio. E gi\u00e0, ma in pochi sanno che io nacqui a Milano e nella citt\u00e0 ambrosiana ricevetti il battesimo: era il 29 settembre del [&hellip;]<\/p>\n<div class=\"pvc_clear\"><\/div>\n<p id=\"pvc_stats_24239\" class=\"pvc_stats all  \" data-element-id=\"24239\" style=\"\"><i class=\"pvc-stats-icon medium\" aria-hidden=\"true\"><svg aria-hidden=\"true\" focusable=\"false\" data-prefix=\"far\" data-icon=\"chart-bar\" role=\"img\" xmlns=\"http:\/\/www.w3.org\/2000\/svg\" viewBox=\"0 0 512 512\" class=\"svg-inline--fa fa-chart-bar fa-w-16 fa-2x\"><path fill=\"currentColor\" d=\"M396.8 352h22.4c6.4 0 12.8-6.4 12.8-12.8V108.8c0-6.4-6.4-12.8-12.8-12.8h-22.4c-6.4 0-12.8 6.4-12.8 12.8v230.4c0 6.4 6.4 12.8 12.8 12.8zm-192 0h22.4c6.4 0 12.8-6.4 12.8-12.8V140.8c0-6.4-6.4-12.8-12.8-12.8h-22.4c-6.4 0-12.8 6.4-12.8 12.8v198.4c0 6.4 6.4 12.8 12.8 12.8zm96 0h22.4c6.4 0 12.8-6.4 12.8-12.8V204.8c0-6.4-6.4-12.8-12.8-12.8h-22.4c-6.4 0-12.8 6.4-12.8 12.8v134.4c0 6.4 6.4 12.8 12.8 12.8zM496 400H48V80c0-8.84-7.16-16-16-16H16C7.16 64 0 71.16 0 80v336c0 17.67 14.33 32 32 32h464c8.84 0 16-7.16 16-16v-16c0-8.84-7.16-16-16-16zm-387.2-48h22.4c6.4 0 12.8-6.4 12.8-12.8v-70.4c0-6.4-6.4-12.8-12.8-12.8h-22.4c-6.4 0-12.8 6.4-12.8 12.8v70.4c0 6.4 6.4 12.8 12.8 12.8z\" class=\"\"><\/path><\/svg><\/i> <img loading=\"lazy\" decoding=\"async\" width=\"16\" height=\"16\" alt=\"Loading\" src=\"https:\/\/www.raccontinellarete.it\/301\/wp-content\/plugins\/page-views-count\/ajax-loader-2x.gif\" border=0 \/><\/p>\n<div class=\"pvc_clear\"><\/div>\n","protected":false},"author":6941,"featured_media":0,"comment_status":"open","ping_status":"closed","sticky":false,"template":"","format":"standard","meta":{"footnotes":""},"categories":[217],"tags":[],"class_list":["post-24239","post","type-post","status-publish","format-standard","hentry","category-premio-racconti-nella-rete-2015"],"_links":{"self":[{"href":"https:\/\/www.raccontinellarete.it\/index.php?rest_route=\/wp\/v2\/posts\/24239"}],"collection":[{"href":"https:\/\/www.raccontinellarete.it\/index.php?rest_route=\/wp\/v2\/posts"}],"about":[{"href":"https:\/\/www.raccontinellarete.it\/index.php?rest_route=\/wp\/v2\/types\/post"}],"author":[{"embeddable":true,"href":"https:\/\/www.raccontinellarete.it\/index.php?rest_route=\/wp\/v2\/users\/6941"}],"replies":[{"embeddable":true,"href":"https:\/\/www.raccontinellarete.it\/index.php?rest_route=%2Fwp%2Fv2%2Fcomments&post=24239"}],"version-history":[{"count":3,"href":"https:\/\/www.raccontinellarete.it\/index.php?rest_route=\/wp\/v2\/posts\/24239\/revisions"}],"predecessor-version":[{"id":24757,"href":"https:\/\/www.raccontinellarete.it\/index.php?rest_route=\/wp\/v2\/posts\/24239\/revisions\/24757"}],"wp:attachment":[{"href":"https:\/\/www.raccontinellarete.it\/index.php?rest_route=%2Fwp%2Fv2%2Fmedia&parent=24239"}],"wp:term":[{"taxonomy":"category","embeddable":true,"href":"https:\/\/www.raccontinellarete.it\/index.php?rest_route=%2Fwp%2Fv2%2Fcategories&post=24239"},{"taxonomy":"post_tag","embeddable":true,"href":"https:\/\/www.raccontinellarete.it\/index.php?rest_route=%2Fwp%2Fv2%2Ftags&post=24239"}],"curies":[{"name":"wp","href":"https:\/\/api.w.org\/{rel}","templated":true}]}}