{"id":24160,"date":"2015-05-18T22:23:33","date_gmt":"2015-05-18T21:23:33","guid":{"rendered":"http:\/\/www.raccontinellarete.it\/?p=24160"},"modified":"2015-05-18T22:23:33","modified_gmt":"2015-05-18T21:23:33","slug":"premio-racconti-nella-rete-2015-il-bambino-tra-gli-ulivi-di-miriam-vanzetta","status":"publish","type":"post","link":"https:\/\/www.raccontinellarete.it\/?p=24160","title":{"rendered":"Premio Racconti nella Rete 2015 &#8220;Il bambino tra gli ulivi&#8221; di Miriam Vanzetta"},"content":{"rendered":"<p>Chiss\u00e0 se la tua Terra \u00e8 quella in cui sei nato<\/p>\n<p>O se la tua Terra \u00e8 quella che senti dentro.<\/p>\n<p>In paese il tempo si \u00e8 fermato.<\/p>\n<p>Erano antichi gli ulivi gi\u00e0 molti anni fa,<\/p>\n<p>e lo sono ancora.<\/p>\n<p>La torre li sovrasta, immutata, e silenziosamente fa la guardia.<\/p>\n<p>Tu correvi da bambino, con i pantaloni corti e le ginocchia sbucciate tre quelle pietre e quella terra brulla.<\/p>\n<p>Il bambino non ti guardava mai in faccia perch\u00e9 guardava l\u2019orizzonte,<\/p>\n<p>correva saltando verso l\u2019infinito; come in una cartolina, la sua sagoma si faceva piccina fino a non distinguerne pi\u00f9 i contorni.<\/p>\n<p>Il cielo sembrava ancora pi\u00f9 grande, sempre azzurro, sempre caldo, sempre afoso.<\/p>\n<p>Appoggiavi, bambino, la tua schiena sull\u2019ulivo secolare,<\/p>\n<p>era nodoso, sembrava fossero le nocche delle dita di tuo nonno,<\/p>\n<p>forti,<\/p>\n<p>spigolose,<\/p>\n<p>piene di solchi.<\/p>\n<p>Chiss\u00e0 se il tempo passa come il vento attraverso i rami e le mani e ne segna la vita, lascia tracce che raccontano tempeste, dolori e attimi di gioia pura.<\/p>\n<p>Tu senti la linfa che corre e non sei mai fermo,<\/p>\n<p>senti le radici e senti i secoli che hai sotto i piedi.<\/p>\n<p>Corri veloce, ma quella terra l\u2019accarezzi,<\/p>\n<p>nei tuoi occhi si imprimono le vigne , i fichi d\u2019india,<\/p>\n<p>i capperi selvatici.<\/p>\n<p>Qui la natura fa scherzi,<\/p>\n<p>non ci si crede che tutta quella ricchezza possa crescere,<\/p>\n<p>trovare acqua dove acqua non c\u2019\u00e8.<\/p>\n<p>Ma lei \u00e8 pi\u00f9 forte,<\/p>\n<p>pi\u00f9 determinata della nostra immaginazione e prende, dal centro della terra, quello che le serve ed esplode, dove meno te l\u2019aspetti.<\/p>\n<p>Terra generosa, anche se arida,<\/p>\n<p>terra semplice, anche se infinita.<\/p>\n<p>E\u2019 questa la tua terra bambino,<\/p>\n<p>e un po\u2019 anche la mia terra.<\/p>\n<p>Il tempo passa, come le cicale d\u2019autunno, ma poi ritorna,<\/p>\n<p>a volte il tempo sembra disegnare un cerchio,<\/p>\n<p>ti ritrovi con lo stesso cielo,<\/p>\n<p>sotto lo stesso ulivo<\/p>\n<p>e oggi ti senti immerso nella vita, come da bambino.<\/p>\n<p>&nbsp;<\/p>\n<p>&nbsp;<\/p>\n<p>&nbsp;<\/p>\n<p>&nbsp;<\/p>\n<div class=\"pvc_clear\"><\/div>\n<p id=\"pvc_stats_24160\" class=\"pvc_stats all  \" data-element-id=\"24160\" style=\"\"><i class=\"pvc-stats-icon medium\" aria-hidden=\"true\"><svg aria-hidden=\"true\" focusable=\"false\" data-prefix=\"far\" data-icon=\"chart-bar\" role=\"img\" xmlns=\"http:\/\/www.w3.org\/2000\/svg\" viewBox=\"0 0 512 512\" class=\"svg-inline--fa fa-chart-bar fa-w-16 fa-2x\"><path fill=\"currentColor\" d=\"M396.8 352h22.4c6.4 0 12.8-6.4 12.8-12.8V108.8c0-6.4-6.4-12.8-12.8-12.8h-22.4c-6.4 0-12.8 6.4-12.8 12.8v230.4c0 6.4 6.4 12.8 12.8 12.8zm-192 0h22.4c6.4 0 12.8-6.4 12.8-12.8V140.8c0-6.4-6.4-12.8-12.8-12.8h-22.4c-6.4 0-12.8 6.4-12.8 12.8v198.4c0 6.4 6.4 12.8 12.8 12.8zm96 0h22.4c6.4 0 12.8-6.4 12.8-12.8V204.8c0-6.4-6.4-12.8-12.8-12.8h-22.4c-6.4 0-12.8 6.4-12.8 12.8v134.4c0 6.4 6.4 12.8 12.8 12.8zM496 400H48V80c0-8.84-7.16-16-16-16H16C7.16 64 0 71.16 0 80v336c0 17.67 14.33 32 32 32h464c8.84 0 16-7.16 16-16v-16c0-8.84-7.16-16-16-16zm-387.2-48h22.4c6.4 0 12.8-6.4 12.8-12.8v-70.4c0-6.4-6.4-12.8-12.8-12.8h-22.4c-6.4 0-12.8 6.4-12.8 12.8v70.4c0 6.4 6.4 12.8 12.8 12.8z\" class=\"\"><\/path><\/svg><\/i> <img loading=\"lazy\" decoding=\"async\" width=\"16\" height=\"16\" alt=\"Loading\" src=\"https:\/\/www.raccontinellarete.it\/301\/wp-content\/plugins\/page-views-count\/ajax-loader-2x.gif\" border=0 \/><\/p>\n<div class=\"pvc_clear\"><\/div>\n","protected":false},"excerpt":{"rendered":"<p>Chiss\u00e0 se la tua Terra \u00e8 quella in cui sei nato O se la tua Terra \u00e8 quella che senti dentro. In paese il tempo si \u00e8 fermato. Erano antichi gli ulivi gi\u00e0 molti anni fa, e lo sono ancora. La torre li sovrasta, immutata, e silenziosamente fa la guardia. Tu correvi da bambino, con [&hellip;]<\/p>\n<div class=\"pvc_clear\"><\/div>\n<p id=\"pvc_stats_24160\" class=\"pvc_stats all  \" data-element-id=\"24160\" style=\"\"><i class=\"pvc-stats-icon medium\" aria-hidden=\"true\"><svg aria-hidden=\"true\" focusable=\"false\" data-prefix=\"far\" data-icon=\"chart-bar\" role=\"img\" xmlns=\"http:\/\/www.w3.org\/2000\/svg\" viewBox=\"0 0 512 512\" class=\"svg-inline--fa fa-chart-bar fa-w-16 fa-2x\"><path fill=\"currentColor\" d=\"M396.8 352h22.4c6.4 0 12.8-6.4 12.8-12.8V108.8c0-6.4-6.4-12.8-12.8-12.8h-22.4c-6.4 0-12.8 6.4-12.8 12.8v230.4c0 6.4 6.4 12.8 12.8 12.8zm-192 0h22.4c6.4 0 12.8-6.4 12.8-12.8V140.8c0-6.4-6.4-12.8-12.8-12.8h-22.4c-6.4 0-12.8 6.4-12.8 12.8v198.4c0 6.4 6.4 12.8 12.8 12.8zm96 0h22.4c6.4 0 12.8-6.4 12.8-12.8V204.8c0-6.4-6.4-12.8-12.8-12.8h-22.4c-6.4 0-12.8 6.4-12.8 12.8v134.4c0 6.4 6.4 12.8 12.8 12.8zM496 400H48V80c0-8.84-7.16-16-16-16H16C7.16 64 0 71.16 0 80v336c0 17.67 14.33 32 32 32h464c8.84 0 16-7.16 16-16v-16c0-8.84-7.16-16-16-16zm-387.2-48h22.4c6.4 0 12.8-6.4 12.8-12.8v-70.4c0-6.4-6.4-12.8-12.8-12.8h-22.4c-6.4 0-12.8 6.4-12.8 12.8v70.4c0 6.4 6.4 12.8 12.8 12.8z\" class=\"\"><\/path><\/svg><\/i> <img loading=\"lazy\" decoding=\"async\" width=\"16\" height=\"16\" alt=\"Loading\" src=\"https:\/\/www.raccontinellarete.it\/301\/wp-content\/plugins\/page-views-count\/ajax-loader-2x.gif\" border=0 \/><\/p>\n<div class=\"pvc_clear\"><\/div>\n","protected":false},"author":6924,"featured_media":0,"comment_status":"open","ping_status":"closed","sticky":false,"template":"","format":"standard","meta":{"footnotes":""},"categories":[217],"tags":[],"class_list":["post-24160","post","type-post","status-publish","format-standard","hentry","category-premio-racconti-nella-rete-2015"],"_links":{"self":[{"href":"https:\/\/www.raccontinellarete.it\/index.php?rest_route=\/wp\/v2\/posts\/24160"}],"collection":[{"href":"https:\/\/www.raccontinellarete.it\/index.php?rest_route=\/wp\/v2\/posts"}],"about":[{"href":"https:\/\/www.raccontinellarete.it\/index.php?rest_route=\/wp\/v2\/types\/post"}],"author":[{"embeddable":true,"href":"https:\/\/www.raccontinellarete.it\/index.php?rest_route=\/wp\/v2\/users\/6924"}],"replies":[{"embeddable":true,"href":"https:\/\/www.raccontinellarete.it\/index.php?rest_route=%2Fwp%2Fv2%2Fcomments&post=24160"}],"version-history":[{"count":4,"href":"https:\/\/www.raccontinellarete.it\/index.php?rest_route=\/wp\/v2\/posts\/24160\/revisions"}],"predecessor-version":[{"id":24272,"href":"https:\/\/www.raccontinellarete.it\/index.php?rest_route=\/wp\/v2\/posts\/24160\/revisions\/24272"}],"wp:attachment":[{"href":"https:\/\/www.raccontinellarete.it\/index.php?rest_route=%2Fwp%2Fv2%2Fmedia&parent=24160"}],"wp:term":[{"taxonomy":"category","embeddable":true,"href":"https:\/\/www.raccontinellarete.it\/index.php?rest_route=%2Fwp%2Fv2%2Fcategories&post=24160"},{"taxonomy":"post_tag","embeddable":true,"href":"https:\/\/www.raccontinellarete.it\/index.php?rest_route=%2Fwp%2Fv2%2Ftags&post=24160"}],"curies":[{"name":"wp","href":"https:\/\/api.w.org\/{rel}","templated":true}]}}