{"id":24016,"date":"2015-05-15T10:15:39","date_gmt":"2015-05-15T09:15:39","guid":{"rendered":"http:\/\/www.raccontinellarete.it\/?p=24016"},"modified":"2015-06-01T11:35:58","modified_gmt":"2015-06-01T10:35:58","slug":"conto-alla-rovescia-per-partecipare-a-racconti-nella-rete-le-iscrizioni-terminano-il-31-maggio","status":"publish","type":"post","link":"https:\/\/www.raccontinellarete.it\/?p=24016","title":{"rendered":"Conto alla rovescia per partecipare a RACCONTI NELLA RETE. LE ISCRIZIONI TERMINANO IL 31 MAGGIO"},"content":{"rendered":"<div dir=\"ltr\">\n<div style=\"font-style: normal; display: inline; font-family: 'Calibri'; color: #000000; font-size: small; font-weight: normal; text-decoration: none;\">\n<div dir=\"ltr\">\n<div style=\"font-style: normal; display: inline; font-family: 'Calibri'; color: #000000; font-size: small; font-weight: normal; text-decoration: none;\">\n<div dir=\"ltr\">\n<div dir=\"ltr\">\n<div dir=\"ltr\">\n<div dir=\"ltr\">\n<div style=\"font-family: 'Calibri'; color: #000000; font-size: 12pt;\">\n<p align=\"justify\"><a href=\"https:\/\/www.raccontinellarete.it\/?attachment_id=24017\" rel=\"attachment wp-att-24017\"><img loading=\"lazy\" decoding=\"async\" class=\"alignleft size-medium wp-image-24017\" src=\"https:\/\/www.raccontinellarete.it\/301\/wp-content\/uploads\/2015\/05\/banner-pubblicit\u00e0-racconti-leggere-tutti-2015-344x123.jpg\" alt=\"banner pubblicit\u00e0 racconti leggere tutti 2015\" width=\"344\" height=\"123\" srcset=\"https:\/\/www.raccontinellarete.it\/301\/wp-content\/uploads\/2015\/05\/banner-pubblicit\u00e0-racconti-leggere-tutti-2015-344x123.jpg 344w, https:\/\/www.raccontinellarete.it\/301\/wp-content\/uploads\/2015\/05\/banner-pubblicit\u00e0-racconti-leggere-tutti-2015.jpg 629w\" sizes=\"(max-width: 344px) 100vw, 344px\" \/><\/a><\/p>\n<p align=\"justify\"><span style=\"font-family: Arial;\">Rimangono ancora pochi giorni per partecipare alla\u00a0 quattordicesima edizione del <strong>Premio Letterario Racconti nella Rete<\/strong>. Nel sito <a href=\"https:\/\/www.raccontinellarete.it\">www.raccontinellarete.it<\/a>\u00a0 <strong>fino al 31 maggio<\/strong> si possono inserire racconti brevi inediti con una sezione dedicata ai racconti per bambini, e soggetti inediti per cortometraggi. Il vincitore della sezione Racconti per Corti potr\u00e0 partecipare alla realizzazione del cortometraggio che si girer\u00e0 a Lucca in collaborazione con la Scuola di Cinema Immagina di Firenze. Una nuova opportunit\u00e0 per tutti coloro che hanno un racconto nel cassetto e desiderano arrivare alla pubblicazione. Cosa che avviene puntualmente da quattordici anni con l\u2019antologia dei venticinque vincitori di &#8220;Racconti nella Rete&#8221; curata da Demetrio Brandi, presidente del premio, che anche quest&#8217;anno sar\u00e0 pubblicata dalle Edizioni Nottetempo.<\/span><\/p>\n<p align=\"justify\"><span style=\"font-family: Arial;\"><strong>La copertina<\/strong> dell\u2019edizione 2015 \u00e8 firmata da <strong>Sergio Staino<\/strong>. Si vede Bibi, <em>il personaggio ideato da Staino insieme a Bobo<\/em>, mentre fa volteggiare alcuni libri. La stessa immagine sar\u00e0 utilizzata per la comunicazione della ventunesima edizione del festival letterario <strong>LuccAutori,<\/strong> in programma a Lucca dal 26 settembre al l\u201911 ottobre.\u00a0 <\/span><span style=\"font-family: Arial;\"><strong>Incontri e tv<\/strong> &#8211; Il prossimo 16 maggio Demetrio Brandi incontrer\u00e0 gli amici del premio letterario presso lo stand di Nottetempo al <strong>Salone del libro di Torino<\/strong>. Mercoledi 10 giugno alle 9.50 su <strong>Rai Due<\/strong> andr\u00e0 in onda uno speciale dedicato al premio ambientato al liceo Passaglia e alla biblioteca Statale di Lucca. <\/span><\/p>\n<p align=\"justify\"><span style=\"font-family: Arial;\">Questo concorso letterario ha una sua peculiarit\u00e0: il momento decisamente vitale, emozionante e innovativo della pubblicazione in rete dei racconti, fase altamente significativa sotto il profilo della comunicazione, dello scambio e del confronto culturale. Consigliamo quindi a chiunque voglia partecipare di inserire i propri racconti e soggetti in tempo utile per poter essere letti e commentati dalle centinaia di utenti che frequentano il sito. In una sorta di agor\u00e0 virtuale, nel sito <a href=\"https:\/\/www.raccontinellarete.it\">www.raccontinellarete.it<\/a>\u00a0 tutti trovano lo spazio privilegiato per dar voce alle proprie fantasie, memorie o sogni, per saggiare il valore e la qualit\u00e0 del proprio lavoro, per incontrare talenti sconosciuti o confrontarsi con diversi stili narrativi, generi e contenuti. In questi ultimi anni il premio letterario Racconti nella Rete \u00e8 decisamente cresciuto nella popolarit\u00e0 e nella qualit\u00e0 degli elaborati, tanto da poter a ragione essere definito un vero e proprio fenomeno mediatico. <\/span><\/p>\n<p align=\"justify\"><span style=\"font-family: Arial;\">Per informazioni: <a href=\"mailto:info@raccontinellarete.it\">info@raccontinellarete.it<\/a> <a href=\"https:\/\/www.raccontinellarete.it\">www.raccontinellarete.it<\/a>\u00a0 tel. 0584 961169.<\/span><\/p>\n<p align=\"justify\"><a href=\"https:\/\/www.raccontinellarete.it\/?attachment_id=24018\" rel=\"attachment wp-att-24018\"><img loading=\"lazy\" decoding=\"async\" class=\"alignleft size-medium wp-image-24018\" src=\"https:\/\/www.raccontinellarete.it\/301\/wp-content\/uploads\/2015\/05\/luccautori-2015-171x250.jpg\" alt=\"luccautori 2015\" width=\"171\" height=\"250\" \/><\/a><\/p>\n<p align=\"justify\"><a href=\"https:\/\/www.raccontinellarete.it\/?attachment_id=21674\" rel=\"attachment wp-att-21674\"><img loading=\"lazy\" decoding=\"async\" class=\"alignleft size-medium wp-image-21674\" src=\"https:\/\/www.raccontinellarete.it\/301\/wp-content\/uploads\/2014\/10\/logo-racconti-nella-rete-249x250.jpg\" alt=\"logo racconti nella rete\" width=\"249\" height=\"250\" srcset=\"https:\/\/www.raccontinellarete.it\/301\/wp-content\/uploads\/2014\/10\/logo-racconti-nella-rete-249x250.jpg 249w, https:\/\/www.raccontinellarete.it\/301\/wp-content\/uploads\/2014\/10\/logo-racconti-nella-rete-1024x1024.jpg 1024w, https:\/\/www.raccontinellarete.it\/301\/wp-content\/uploads\/2014\/10\/logo-racconti-nella-rete-144x144.jpg 144w, https:\/\/www.raccontinellarete.it\/301\/wp-content\/uploads\/2014\/10\/logo-racconti-nella-rete-900x900.jpg 900w, https:\/\/www.raccontinellarete.it\/301\/wp-content\/uploads\/2014\/10\/logo-racconti-nella-rete.jpg 1902w\" sizes=\"(max-width: 249px) 100vw, 249px\" \/><\/a><\/p>\n<\/div>\n<\/div>\n<\/div>\n<\/div>\n<\/div>\n<\/div>\n<\/div>\n<\/div>\n<\/div>\n<div class=\"pvc_clear\"><\/div>\n<p id=\"pvc_stats_24016\" class=\"pvc_stats all  \" data-element-id=\"24016\" style=\"\"><i class=\"pvc-stats-icon medium\" aria-hidden=\"true\"><svg aria-hidden=\"true\" focusable=\"false\" data-prefix=\"far\" data-icon=\"chart-bar\" role=\"img\" xmlns=\"http:\/\/www.w3.org\/2000\/svg\" viewBox=\"0 0 512 512\" class=\"svg-inline--fa fa-chart-bar fa-w-16 fa-2x\"><path fill=\"currentColor\" d=\"M396.8 352h22.4c6.4 0 12.8-6.4 12.8-12.8V108.8c0-6.4-6.4-12.8-12.8-12.8h-22.4c-6.4 0-12.8 6.4-12.8 12.8v230.4c0 6.4 6.4 12.8 12.8 12.8zm-192 0h22.4c6.4 0 12.8-6.4 12.8-12.8V140.8c0-6.4-6.4-12.8-12.8-12.8h-22.4c-6.4 0-12.8 6.4-12.8 12.8v198.4c0 6.4 6.4 12.8 12.8 12.8zm96 0h22.4c6.4 0 12.8-6.4 12.8-12.8V204.8c0-6.4-6.4-12.8-12.8-12.8h-22.4c-6.4 0-12.8 6.4-12.8 12.8v134.4c0 6.4 6.4 12.8 12.8 12.8zM496 400H48V80c0-8.84-7.16-16-16-16H16C7.16 64 0 71.16 0 80v336c0 17.67 14.33 32 32 32h464c8.84 0 16-7.16 16-16v-16c0-8.84-7.16-16-16-16zm-387.2-48h22.4c6.4 0 12.8-6.4 12.8-12.8v-70.4c0-6.4-6.4-12.8-12.8-12.8h-22.4c-6.4 0-12.8 6.4-12.8 12.8v70.4c0 6.4 6.4 12.8 12.8 12.8z\" class=\"\"><\/path><\/svg><\/i> <img loading=\"lazy\" decoding=\"async\" width=\"16\" height=\"16\" alt=\"Loading\" src=\"https:\/\/www.raccontinellarete.it\/301\/wp-content\/plugins\/page-views-count\/ajax-loader-2x.gif\" border=0 \/><\/p>\n<div class=\"pvc_clear\"><\/div>\n","protected":false},"excerpt":{"rendered":"<p>Rimangono ancora pochi giorni per partecipare alla\u00a0 quattordicesima edizione del Premio Letterario Racconti nella Rete. Nel sito www.raccontinellarete.it\u00a0 fino al 31 maggio si possono inserire racconti brevi inediti con una sezione dedicata ai racconti per bambini, e soggetti inediti per cortometraggi. Il vincitore della sezione Racconti per Corti potr\u00e0 partecipare alla realizzazione del cortometraggio che [&hellip;]<\/p>\n<div class=\"pvc_clear\"><\/div>\n<p id=\"pvc_stats_24016\" class=\"pvc_stats all  \" data-element-id=\"24016\" style=\"\"><i class=\"pvc-stats-icon medium\" aria-hidden=\"true\"><svg aria-hidden=\"true\" focusable=\"false\" data-prefix=\"far\" data-icon=\"chart-bar\" role=\"img\" xmlns=\"http:\/\/www.w3.org\/2000\/svg\" viewBox=\"0 0 512 512\" class=\"svg-inline--fa fa-chart-bar fa-w-16 fa-2x\"><path fill=\"currentColor\" d=\"M396.8 352h22.4c6.4 0 12.8-6.4 12.8-12.8V108.8c0-6.4-6.4-12.8-12.8-12.8h-22.4c-6.4 0-12.8 6.4-12.8 12.8v230.4c0 6.4 6.4 12.8 12.8 12.8zm-192 0h22.4c6.4 0 12.8-6.4 12.8-12.8V140.8c0-6.4-6.4-12.8-12.8-12.8h-22.4c-6.4 0-12.8 6.4-12.8 12.8v198.4c0 6.4 6.4 12.8 12.8 12.8zm96 0h22.4c6.4 0 12.8-6.4 12.8-12.8V204.8c0-6.4-6.4-12.8-12.8-12.8h-22.4c-6.4 0-12.8 6.4-12.8 12.8v134.4c0 6.4 6.4 12.8 12.8 12.8zM496 400H48V80c0-8.84-7.16-16-16-16H16C7.16 64 0 71.16 0 80v336c0 17.67 14.33 32 32 32h464c8.84 0 16-7.16 16-16v-16c0-8.84-7.16-16-16-16zm-387.2-48h22.4c6.4 0 12.8-6.4 12.8-12.8v-70.4c0-6.4-6.4-12.8-12.8-12.8h-22.4c-6.4 0-12.8 6.4-12.8 12.8v70.4c0 6.4 6.4 12.8 12.8 12.8z\" class=\"\"><\/path><\/svg><\/i> <img loading=\"lazy\" decoding=\"async\" width=\"16\" height=\"16\" alt=\"Loading\" src=\"https:\/\/www.raccontinellarete.it\/301\/wp-content\/plugins\/page-views-count\/ajax-loader-2x.gif\" border=0 \/><\/p>\n<div class=\"pvc_clear\"><\/div>\n","protected":false},"author":3,"featured_media":21674,"comment_status":"closed","ping_status":"closed","sticky":false,"template":"","format":"standard","meta":{"footnotes":""},"categories":[87,5,4],"tags":[],"class_list":["post-24016","post","type-post","status-publish","format-standard","has-post-thumbnail","hentry","category-comunicato-stampa","category-racconti-nella-rete","category-news"],"_links":{"self":[{"href":"https:\/\/www.raccontinellarete.it\/index.php?rest_route=\/wp\/v2\/posts\/24016"}],"collection":[{"href":"https:\/\/www.raccontinellarete.it\/index.php?rest_route=\/wp\/v2\/posts"}],"about":[{"href":"https:\/\/www.raccontinellarete.it\/index.php?rest_route=\/wp\/v2\/types\/post"}],"author":[{"embeddable":true,"href":"https:\/\/www.raccontinellarete.it\/index.php?rest_route=\/wp\/v2\/users\/3"}],"replies":[{"embeddable":true,"href":"https:\/\/www.raccontinellarete.it\/index.php?rest_route=%2Fwp%2Fv2%2Fcomments&post=24016"}],"version-history":[{"count":4,"href":"https:\/\/www.raccontinellarete.it\/index.php?rest_route=\/wp\/v2\/posts\/24016\/revisions"}],"predecessor-version":[{"id":24196,"href":"https:\/\/www.raccontinellarete.it\/index.php?rest_route=\/wp\/v2\/posts\/24016\/revisions\/24196"}],"wp:featuredmedia":[{"embeddable":true,"href":"https:\/\/www.raccontinellarete.it\/index.php?rest_route=\/wp\/v2\/media\/21674"}],"wp:attachment":[{"href":"https:\/\/www.raccontinellarete.it\/index.php?rest_route=%2Fwp%2Fv2%2Fmedia&parent=24016"}],"wp:term":[{"taxonomy":"category","embeddable":true,"href":"https:\/\/www.raccontinellarete.it\/index.php?rest_route=%2Fwp%2Fv2%2Fcategories&post=24016"},{"taxonomy":"post_tag","embeddable":true,"href":"https:\/\/www.raccontinellarete.it\/index.php?rest_route=%2Fwp%2Fv2%2Ftags&post=24016"}],"curies":[{"name":"wp","href":"https:\/\/api.w.org\/{rel}","templated":true}]}}