{"id":23912,"date":"2015-05-04T18:38:17","date_gmt":"2015-05-04T17:38:17","guid":{"rendered":"http:\/\/www.raccontinellarete.it\/?p=23912"},"modified":"2015-05-04T18:38:17","modified_gmt":"2015-05-04T17:38:17","slug":"premio-racconti-nella-rete-2015-il-bagaglio-di-luciano-urietti","status":"publish","type":"post","link":"https:\/\/www.raccontinellarete.it\/?p=23912","title":{"rendered":"Premio Racconti nella Rete 2015 &#8220;Il bagaglio&#8221; di Luciano Urietti"},"content":{"rendered":"<p><em><strong>\u201c\u00a0 Il pilota non porta mai pensieri pesanti \u00a0 \u00a0 \u00a0 \u00a0 \u00a0 \u00a0 \u00a0 \u00a0 \u00a0<\/strong><\/em><strong><em>\u00a0 \u00a0che sarebbero gi\u00e0 da soli tutto carico in pi\u00f9 \u2026\u201c<\/em> \u00a0 \u00a0 \u00a0 \u00a0 \u00a0 \u00a0 \u00a0 \u00a0 \u00a0 \u00a0 \u00a0 \u00a0 \u00a0 \u00a0 \u00a0 \u00a0 \u00a0 \u00a0 \u00a0 \u00a0 \u00a0 \u00a0 \u00a0 \u00a0 \u00a0 \u00a0 \u00a0 \u00a0 \u00a0 \u00a0 \u00a0 \u00a0 \u00a0 \u00a0 \u00a0 \u00a0 \u00a0 \u00a0 \u00a0 \u00a0 \u00a0 \u00a0 \u00a0 \u00a0 \u00a0 \u00a0 \u00a0 \u00a0 \u00a0 \u00a0 \u00a0 \u00a0 \u00a0 \u00a0 \u00a0 \u00a0 \u00a0 \u00a0 \u00a0 \u00a0 \u00a0\u00a0<\/strong>\u00a0 \u00a0 \u00a0 \u00a0 \u00a0 \u00a0 \u00a0 \u00a0 \u00a0 \u00a0 \u00a0 \u00a0 \u00a0 \u00a0 \u00a0 \u00a0 \u00a0 \u00a0 \u00a0 \u00a0 \u00a0 \u00a0 \u00a0 \u00a0 \u00a0 \u00a0 \u00a0 \u00a0(Ivano Fossati)<\/p>\n<p>&nbsp;<\/p>\n<p>Inizio di settembre; partiti dalle nostre ormai fresche valli canavesane,\u00a0 viaggiavamo verso il bel sud. \u00a0 \u00a0 \u00a0 \u00a0 \u00a0 \u00a0 \u00a0 \u00a0 \u00a0 \u00a0 \u00a0 \u00a0 \u00a0 La nostra pur lontana meta era l\u2019ancor calda ed assolata Sicilia. Le tanto attese, sospirate, programmate ferie erano l\u00ec, ed ora parevano correre pi\u00f9 della nostra auto lanciata sull&#8217;autostrada Milano\/Roma. Giunti a Roma, circumnavigammo la capitale.Poi subito verso Napoli. Le prime ombre della sera ci colsero mentre lambivamo con l\u2019autostrada la citt\u00e0 di Nola. Stanchi per la lunga giornata di viaggio, accaldati e rintronati da quella nostra corsa verso il sud, decidemmo di fare una sosta. Dopo una doccia ristoratrice, una sfiziosa pizza verace. Infine\u00a0 un letto per distenderci. La mattina seguente nuovamente verso il sud; l\u2019 A3O era ancora quasi tutta davanti a noi.\u00a0<span style=\"line-height: 1.5;\">Passato Salerno, il vero salto nel caldo, il vero sud.\u00a0 Ancora un sosta in un\u2019area di servizio: un buon caff\u00e8 per noi, benzina ed olio per la\u00a0 nostra auto. Poi si riparte pi\u00f9 che mai decisi a raggiungere Scilla prima di mezzogiorno. Mentre ancora <\/span><em style=\"line-height: 1.5;\">\u2018manovravo\u2019<\/em><span style=\"line-height: 1.5;\"> per uscire dal parcheggio e rimettermi nell&#8217;onda, ora molto pi\u00f9 rada, del traffico autostradale, qualcuno si sporse davanti al finestrino della nostra auto: un\u2019ombra grigia. Non si trattava per\u00f2 del solito solerte venditore di\u00a0 <\/span><em style=\"line-height: 1.5;\">\u2018 cerotti, fazzolettini ed affini \u2018<\/em><span style=\"line-height: 1.5;\"> . Con nostra grande sorpresa realizzammo che quell&#8217;oscura macchia era la tonaca di un frate. Un giovane frate scalzo ci stava gentilmente chiedendo, con accento chiaramente straniero, se potevamo offrirgli un passaggio. Sorpresi, ma vie pi\u00f9 incuriositi dal poter dare <\/span><em style=\"line-height: 1.5;\">uno \u2018strappo\u2018<\/em><span style=\"line-height: 1.5;\"> ad un cos\u00ec insolito autostoppista, aprimmo la portiera posteriore. E cos\u00ec riprendemmo il nostro viaggio con quel nuovo passeggero. Subito il giovane frate si present\u00f2: era un francescano minore . Partito da Napoli, la sua meta era Corleone.\u00a0<\/span>Bene, la nostra meta era Giardini Naxos, avremmo quindi potuto viaggiare insieme sino a Messina. \u00a0 \u00a0 \u00a0 \u00a0 Ma ora Messina era ancora lontana e, dopo le prime solite frasi di circostanza sul caldo, il traffico ed il bel sole del sud, il nostro discorrere si fece pi\u00f9 interessante e vivo. Potemmo cos\u00ec apprendere che il nostro ospite era di nazionalit\u00e0 francese,\u00a0 e si trovava\u00a0 in Italia da circa tre anni. Prima, a Parigi, era stato studente nei grigi anni seguiti all\u2019infuocato \u201968 . Poi aveva iniziato a lavorare in banca: assegni, soldi e lunghi sguardi oltre le vetrate dell\u2019agenzia. Nei weekend\u00a0 sempre in fuga: montagna o mare. L\u2019importante era poter riprendere aria, riemergere,\u00a0 respirare. Un giorno per\u00f2 erano sorte altre domande. Lunga crisi ed infine una scelta: una tonaca marrone.<\/p>\n<p>Si trattava di una scelta di vita.<\/p>\n<p>Nondimeno, approfondendo il discorso, venimmo a sapere che la scelta del nostro giovane amico era stata veramente drastica. Lui aveva scelto di appartenere ad un particolare e poco conosciuto\u00a0 ramo della grande famiglia francescana. Si trattava di frati che avevano chiesto ed ottenuto dal Papa una specifica dispensa che li autorizzava alla pi\u00f9 completa ed assoluta povert\u00e0. E questo era stato fatto per tornare alla prima regola del fraticello di Assisi. In altre parole loro non possedevano niente all&#8217;infuori della loro tonaca, come nel lontano 1210.\u00a0A Napoli il nostro autostoppista scalzo, assieme ad alcuni altri confratelli, abitava in vecchi vagoni ferroviari\u00a0 che le FFSS avevano concesso loro in uso. Ed a Corleone, meta di quel suo viaggio,\u00a0 aveva appuntamento con altri autostoppisti scalzi: insieme avrebbero dato vita ad una loro comunit\u00e0 in un vecchio edificio, ex carcere, anche questo ottenuto solo \u00a0 \u00a0 \u00a0 \u00a0 \u00a0in uso dalla pubblica amministrazione.\u00ab<em>Non posseggo altro che la tonaca, questo breviario e \u2026\u00bb, <\/em>si interruppe un istante frugando nelle larghe tasche della sua tonaca, poi, con la sincerit\u00e0 dei semplici concluse <em>\u00ab\u2026e questo\u00bb. \u00a0 \u00a0 \u00a0 \u00a0 \u00a0 <\/em>Io, al volante, avevo seguito con attenzione, attraverso lo specchietto retrovisore, il suo frugare\u00a0nella tonaca; ma quando estrasse qualcosa non potei fare a meno di rallentare e voltarmi per vedere che cos&#8217;altro possedeva \u00a0 \u00a0 \u00a0 quell&#8217;ex bancario parigino.\u00a0 E quando alla fine vidi di che cosa si trattava, quasi mi fermai nel bel mezzo di un viadotto di quell&#8217;autostrada\u00a0 fortunatamente semi deserta.\u00a0La mano del giovane frate stringeva, nella sua piccola custodia di plastica trasparente, un semplicissimo \u2026 <em>spazzolino da denti.\u00a0<\/em>Per un istante ci guardammo, poi, per celare il mio imbarazzo tornai a premere sull&#8217;acceleratore.\u00a0E l\u2019auto riprese slancio.\u00a0Quando giungemmo a Villa San Giovanni venne il momento dei saluti.\u00a0Il nostro passeggero volle assolutamente scendere dall&#8217;auto prima che ci imbarcassimo sul traghetto; avrebbe cos\u00ec subito potuto contattare altre persone che procedevano in direzione della sua meta, visto che le nostre strade si stavano dividendo. Fu solo quando, dopo aver sistemato l\u2019auto nella stiva del traghetto, mi voltai per prendere\u00a0sul sedile posteriore una cartina stradale che lo vidi. Seminascosto fra giornali e cartine,\u00a0<em>il bagaglio<\/em> del nostro ospite era rimasto sull&#8217;auto. \u00a0 Lo raccolsi e quasi di corsa salii sul ponte\u00a0alla ricerca del giovane frate.\u00a0Fortunatamente, data la stagione, il traghetto non era particolarmente affollato.\u00a0Fu facile rintracciare la tonaca marrone. Quando lo raggiunsi gli porsi lo spazzolino da denti dicendogli :\u00ab <em>Ha dimenticato il suo bagaglio\u00bb<\/em>.\u00a0Lui mi guard\u00f2, sorrise e disse con la semplicit\u00e0 dei forti<em>:\u00ab Grazie per avermelo riportato.\u00a0<\/em><em>Non so come abbia potuto dimenticarlo. E pensare che \u00e8 cos\u00ec \u2026 vistoso\u00bb<\/em> .<\/p>\n<div class=\"pvc_clear\"><\/div>\n<p id=\"pvc_stats_23912\" class=\"pvc_stats all  \" data-element-id=\"23912\" style=\"\"><i class=\"pvc-stats-icon medium\" aria-hidden=\"true\"><svg aria-hidden=\"true\" focusable=\"false\" data-prefix=\"far\" data-icon=\"chart-bar\" role=\"img\" xmlns=\"http:\/\/www.w3.org\/2000\/svg\" viewBox=\"0 0 512 512\" class=\"svg-inline--fa fa-chart-bar fa-w-16 fa-2x\"><path fill=\"currentColor\" d=\"M396.8 352h22.4c6.4 0 12.8-6.4 12.8-12.8V108.8c0-6.4-6.4-12.8-12.8-12.8h-22.4c-6.4 0-12.8 6.4-12.8 12.8v230.4c0 6.4 6.4 12.8 12.8 12.8zm-192 0h22.4c6.4 0 12.8-6.4 12.8-12.8V140.8c0-6.4-6.4-12.8-12.8-12.8h-22.4c-6.4 0-12.8 6.4-12.8 12.8v198.4c0 6.4 6.4 12.8 12.8 12.8zm96 0h22.4c6.4 0 12.8-6.4 12.8-12.8V204.8c0-6.4-6.4-12.8-12.8-12.8h-22.4c-6.4 0-12.8 6.4-12.8 12.8v134.4c0 6.4 6.4 12.8 12.8 12.8zM496 400H48V80c0-8.84-7.16-16-16-16H16C7.16 64 0 71.16 0 80v336c0 17.67 14.33 32 32 32h464c8.84 0 16-7.16 16-16v-16c0-8.84-7.16-16-16-16zm-387.2-48h22.4c6.4 0 12.8-6.4 12.8-12.8v-70.4c0-6.4-6.4-12.8-12.8-12.8h-22.4c-6.4 0-12.8 6.4-12.8 12.8v70.4c0 6.4 6.4 12.8 12.8 12.8z\" class=\"\"><\/path><\/svg><\/i> <img loading=\"lazy\" decoding=\"async\" width=\"16\" height=\"16\" alt=\"Loading\" src=\"https:\/\/www.raccontinellarete.it\/301\/wp-content\/plugins\/page-views-count\/ajax-loader-2x.gif\" border=0 \/><\/p>\n<div class=\"pvc_clear\"><\/div>\n","protected":false},"excerpt":{"rendered":"<p>\u201c\u00a0 Il pilota non porta mai pensieri pesanti \u00a0 \u00a0 \u00a0 \u00a0 \u00a0 \u00a0 \u00a0 \u00a0 \u00a0\u00a0 \u00a0che sarebbero gi\u00e0 da soli tutto carico in pi\u00f9 \u2026\u201c \u00a0 \u00a0 \u00a0 \u00a0 \u00a0 \u00a0 \u00a0 \u00a0 \u00a0 \u00a0 \u00a0 \u00a0 \u00a0 \u00a0 \u00a0 \u00a0 \u00a0 \u00a0 \u00a0 \u00a0 \u00a0 \u00a0 \u00a0 \u00a0 \u00a0 \u00a0 \u00a0 \u00a0 [&hellip;]<\/p>\n<div class=\"pvc_clear\"><\/div>\n<p id=\"pvc_stats_23912\" class=\"pvc_stats all  \" data-element-id=\"23912\" style=\"\"><i class=\"pvc-stats-icon medium\" aria-hidden=\"true\"><svg aria-hidden=\"true\" focusable=\"false\" data-prefix=\"far\" data-icon=\"chart-bar\" role=\"img\" xmlns=\"http:\/\/www.w3.org\/2000\/svg\" viewBox=\"0 0 512 512\" class=\"svg-inline--fa fa-chart-bar fa-w-16 fa-2x\"><path fill=\"currentColor\" d=\"M396.8 352h22.4c6.4 0 12.8-6.4 12.8-12.8V108.8c0-6.4-6.4-12.8-12.8-12.8h-22.4c-6.4 0-12.8 6.4-12.8 12.8v230.4c0 6.4 6.4 12.8 12.8 12.8zm-192 0h22.4c6.4 0 12.8-6.4 12.8-12.8V140.8c0-6.4-6.4-12.8-12.8-12.8h-22.4c-6.4 0-12.8 6.4-12.8 12.8v198.4c0 6.4 6.4 12.8 12.8 12.8zm96 0h22.4c6.4 0 12.8-6.4 12.8-12.8V204.8c0-6.4-6.4-12.8-12.8-12.8h-22.4c-6.4 0-12.8 6.4-12.8 12.8v134.4c0 6.4 6.4 12.8 12.8 12.8zM496 400H48V80c0-8.84-7.16-16-16-16H16C7.16 64 0 71.16 0 80v336c0 17.67 14.33 32 32 32h464c8.84 0 16-7.16 16-16v-16c0-8.84-7.16-16-16-16zm-387.2-48h22.4c6.4 0 12.8-6.4 12.8-12.8v-70.4c0-6.4-6.4-12.8-12.8-12.8h-22.4c-6.4 0-12.8 6.4-12.8 12.8v70.4c0 6.4 6.4 12.8 12.8 12.8z\" class=\"\"><\/path><\/svg><\/i> <img loading=\"lazy\" decoding=\"async\" width=\"16\" height=\"16\" alt=\"Loading\" src=\"https:\/\/www.raccontinellarete.it\/301\/wp-content\/plugins\/page-views-count\/ajax-loader-2x.gif\" border=0 \/><\/p>\n<div class=\"pvc_clear\"><\/div>\n","protected":false},"author":6831,"featured_media":0,"comment_status":"open","ping_status":"closed","sticky":false,"template":"","format":"standard","meta":{"footnotes":""},"categories":[217],"tags":[],"class_list":["post-23912","post","type-post","status-publish","format-standard","hentry","category-premio-racconti-nella-rete-2015"],"_links":{"self":[{"href":"https:\/\/www.raccontinellarete.it\/index.php?rest_route=\/wp\/v2\/posts\/23912"}],"collection":[{"href":"https:\/\/www.raccontinellarete.it\/index.php?rest_route=\/wp\/v2\/posts"}],"about":[{"href":"https:\/\/www.raccontinellarete.it\/index.php?rest_route=\/wp\/v2\/types\/post"}],"author":[{"embeddable":true,"href":"https:\/\/www.raccontinellarete.it\/index.php?rest_route=\/wp\/v2\/users\/6831"}],"replies":[{"embeddable":true,"href":"https:\/\/www.raccontinellarete.it\/index.php?rest_route=%2Fwp%2Fv2%2Fcomments&post=23912"}],"version-history":[{"count":13,"href":"https:\/\/www.raccontinellarete.it\/index.php?rest_route=\/wp\/v2\/posts\/23912\/revisions"}],"predecessor-version":[{"id":23948,"href":"https:\/\/www.raccontinellarete.it\/index.php?rest_route=\/wp\/v2\/posts\/23912\/revisions\/23948"}],"wp:attachment":[{"href":"https:\/\/www.raccontinellarete.it\/index.php?rest_route=%2Fwp%2Fv2%2Fmedia&parent=23912"}],"wp:term":[{"taxonomy":"category","embeddable":true,"href":"https:\/\/www.raccontinellarete.it\/index.php?rest_route=%2Fwp%2Fv2%2Fcategories&post=23912"},{"taxonomy":"post_tag","embeddable":true,"href":"https:\/\/www.raccontinellarete.it\/index.php?rest_route=%2Fwp%2Fv2%2Ftags&post=23912"}],"curies":[{"name":"wp","href":"https:\/\/api.w.org\/{rel}","templated":true}]}}