{"id":23767,"date":"2015-04-27T18:28:18","date_gmt":"2015-04-27T17:28:18","guid":{"rendered":"http:\/\/www.raccontinellarete.it\/?p=23767"},"modified":"2015-04-27T18:28:18","modified_gmt":"2015-04-27T17:28:18","slug":"premio-racconti-nella-rete-2015-gli-uccellini-hanno-dichiarato-guerra-al-mio-cane-di-orietta-ronchini","status":"publish","type":"post","link":"https:\/\/www.raccontinellarete.it\/?p=23767","title":{"rendered":"Premio Racconti nella Rete 2015 &#8220;Gli uccellini hanno dichiarato guerra al mio cane&#8221; di Orietta Ronchini"},"content":{"rendered":"<p>Esatto! e la battaglia si svolge sul mio terrazzo!<br \/>\nGi\u00e0 dall&#8217;inverno scorso, avevo preso l&#8217;abitudine di lasciare qualcosa da mangiare agli uccellini che nidificano sugli alberi intorno a casa mia. Mi sembra una cosa carina visto che forse, quando \u00e8 freddo o piove o addirittura c&#8217;\u00e8 la neve, fanno fatica a procurarsi il cibo!<\/p>\n<p>Al&#8217;inizio mettevo alcuni semini di girasole, miglio, orzo, riso, grano..cereali insomma..ma poi girando sul web ho letto che sarebbe stato meglio dargli alcuni biscotti sbriciolati perch\u00e8 avrebbero fornito loro pi\u00f9 calorie permettendogli di sopportare meglio il freddo..e cos\u00ec \u00e8 stato! solo che i biscotti finivano nel giro di poche ore mentre i semini rimanevano l\u00ec! Vabb\u00e8&#8230;si vede che anche loro hanno gusti ben precisi.<\/p>\n<p>Col passare dei giorni li vedevo sempre pi\u00f9 cicciottelli: avevo creato dei mostriciattoli golosi che stavano ingrassando sempre pi\u00f9 fino ad assumere le sembianze di palline dotate di zampette!<\/p>\n<p>Con l&#8217;arrivo della primavera pensavo non fosse pi\u00f9 necessario organizzare la loro mensa, potevano trovare in giro di che nutrirsi..e invece mi sbagliavo! Tutte le mattine infatti davanti alla finestra della mia cucina c&#8217;erano uccellini che zampettavano avanti ed indietro, cinguettavano, mi guardavano&#8230;.mmmmmm&#8230;.mi sentivo spiata! Realizzai allora che forse stavano aspettando la loro razione giornaliera di biscotti, rigorosamente integrali perch\u00e8 avevo notato che li preferivano, ed ho deciso di accontentarli! E l\u00ec mi sono resa conto che il detto &#8220;mangi come un uccellino&#8221; non \u00e8 assolutamente corretto perch\u00e8 un pacco di biscotti finiva nel giro di un paio di giorni!<\/p>\n<p>Mi sono attrezzata con un piattino di plastica bianco (cos\u00ec risalta meglio) tenuto fermo (sul mio terrazzo c&#8217;\u00e8 sempre vento) da un barattolo di vetro riempito d&#8217;acqua per fare da peso. Devo riempire quel piattino almeno tre volte al giorno, sembra che ci sia stato il passaparola visto che quei biscotti finiscono in brevissimo tempo! All&#8217;inizio il piattino era sistemato sotto una seggiola, in luogo discreto, al riparo dal vento e dalla eventuale pioggia ed \u00e8 proseguito tutto bene fino a qualche giorno fa!<\/p>\n<p>Il mio cane, Billo, passando davanti a quel piattino di solito annusava e proseguiva, a lui non piacciono le cose dolci, solo i suoi biscotti! Questo almeno \u00e8 quello che credevo io! Gi\u00e0! Perch\u00e8 ultimamente i biscotti finivano troppo in fretta, molto strano! Impossibile per gli uccellini finire tutto in cos\u00ec breve tempo riuscendo persino a raccogliere le briciole pi\u00f9 piccole!..e di piccioni e gabbiani non ne avevo visto girovagare sul mio terrazzo!<\/p>\n<p>Il sospetto che fosse opera di Billo \u00e8 diventato certezza il giorno in cui vedendolo rientrare in casa (ora le finestre sono sempre aperte) l&#8217;ho visto leccarsi i baffi&#8230;.mmmmmm&#8230;e cosa poteva aver trovato di cos\u00ec buono da indurlo a leccarsi i baffi e guardarmi con fare soddisfatto! Beh..lo so io cos&#8217;era! il piattino non solo era vuoto ma era perfettamente pulito, lucido, nemmeno una briciola, niente caduto al di fuori..sembrava nuovo!<\/p>\n<p>Decido allora di posizionare il piattino in un luogo pi\u00f9 alto, dove lui non possa arrivare..gli uccellini hanno trovato subito il loro nuovo self-service e Billo invece, anche se sa benissimo dove si trova, non riesce ad arrivarci!<\/p>\n<p>Gli uccellini, ora che il ladro del loro pasto \u00e8 stato punito, lo stanno sbeffeggiando! Si posizionano sul parapetto del mio balcone, cinguettano con atteggiamento di sfida e lo guardano, lui da sotto ringhia e li rincorre! Ovviamente non riesce a prenderli anche perch\u00e8, i furbastri, lo attaccano da pi\u00f9 parti&#8230;qualcuno di loro fa azione diversiva mentre altri mangiano tranquillamente! Uno spettacolo! Chiss\u00e0 se, invece di mettere il piattino in alto lo avessi lasciato in basso, gli uccellini prima o poi lo avrebbero attaccato beccandolo e rincorrendolo, ho come l&#8217;impressione che si siano coalizzati!<\/p>\n<p>Per me sta diventando rischioso anche uscire sul terrazzo..ahahha..dalla finestra li vedo arrivare da pi\u00f9 parti planando e sfrecciando avanti e indietro, alcuni addirittura, i pi\u00f9 temerari, con le ali all&#8217;indietro a sembianza di missile, vanno ad una velocit\u00e0 pazzesca! C&#8217;\u00e8 la possibilit\u00e0 che affacciandomi venga colpita!<\/p>\n<p>A chi dice..tanto sono solo animali&#8230;raccomanderei di guardare con occhi diversi gli animali che ci circondano e gli augurerei di avere anche l&#8217;intelligenza di apprezzare e rispettare le piccole cose della vita! Riempiono il cuore!<\/p>\n<p>&nbsp;<\/p>\n<div class=\"pvc_clear\"><\/div>\n<p id=\"pvc_stats_23767\" class=\"pvc_stats all  \" data-element-id=\"23767\" style=\"\"><i class=\"pvc-stats-icon medium\" aria-hidden=\"true\"><svg aria-hidden=\"true\" focusable=\"false\" data-prefix=\"far\" data-icon=\"chart-bar\" role=\"img\" xmlns=\"http:\/\/www.w3.org\/2000\/svg\" viewBox=\"0 0 512 512\" class=\"svg-inline--fa fa-chart-bar fa-w-16 fa-2x\"><path fill=\"currentColor\" d=\"M396.8 352h22.4c6.4 0 12.8-6.4 12.8-12.8V108.8c0-6.4-6.4-12.8-12.8-12.8h-22.4c-6.4 0-12.8 6.4-12.8 12.8v230.4c0 6.4 6.4 12.8 12.8 12.8zm-192 0h22.4c6.4 0 12.8-6.4 12.8-12.8V140.8c0-6.4-6.4-12.8-12.8-12.8h-22.4c-6.4 0-12.8 6.4-12.8 12.8v198.4c0 6.4 6.4 12.8 12.8 12.8zm96 0h22.4c6.4 0 12.8-6.4 12.8-12.8V204.8c0-6.4-6.4-12.8-12.8-12.8h-22.4c-6.4 0-12.8 6.4-12.8 12.8v134.4c0 6.4 6.4 12.8 12.8 12.8zM496 400H48V80c0-8.84-7.16-16-16-16H16C7.16 64 0 71.16 0 80v336c0 17.67 14.33 32 32 32h464c8.84 0 16-7.16 16-16v-16c0-8.84-7.16-16-16-16zm-387.2-48h22.4c6.4 0 12.8-6.4 12.8-12.8v-70.4c0-6.4-6.4-12.8-12.8-12.8h-22.4c-6.4 0-12.8 6.4-12.8 12.8v70.4c0 6.4 6.4 12.8 12.8 12.8z\" class=\"\"><\/path><\/svg><\/i> <img loading=\"lazy\" decoding=\"async\" width=\"16\" height=\"16\" alt=\"Loading\" src=\"https:\/\/www.raccontinellarete.it\/301\/wp-content\/plugins\/page-views-count\/ajax-loader-2x.gif\" border=0 \/><\/p>\n<div class=\"pvc_clear\"><\/div>\n","protected":false},"excerpt":{"rendered":"<p>Esatto! e la battaglia si svolge sul mio terrazzo! Gi\u00e0 dall&#8217;inverno scorso, avevo preso l&#8217;abitudine di lasciare qualcosa da mangiare agli uccellini che nidificano sugli alberi intorno a casa mia. Mi sembra una cosa carina visto che forse, quando \u00e8 freddo o piove o addirittura c&#8217;\u00e8 la neve, fanno fatica a procurarsi il cibo! Al&#8217;inizio [&hellip;]<\/p>\n<div class=\"pvc_clear\"><\/div>\n<p id=\"pvc_stats_23767\" class=\"pvc_stats all  \" data-element-id=\"23767\" style=\"\"><i class=\"pvc-stats-icon medium\" aria-hidden=\"true\"><svg aria-hidden=\"true\" focusable=\"false\" data-prefix=\"far\" data-icon=\"chart-bar\" role=\"img\" xmlns=\"http:\/\/www.w3.org\/2000\/svg\" viewBox=\"0 0 512 512\" class=\"svg-inline--fa fa-chart-bar fa-w-16 fa-2x\"><path fill=\"currentColor\" d=\"M396.8 352h22.4c6.4 0 12.8-6.4 12.8-12.8V108.8c0-6.4-6.4-12.8-12.8-12.8h-22.4c-6.4 0-12.8 6.4-12.8 12.8v230.4c0 6.4 6.4 12.8 12.8 12.8zm-192 0h22.4c6.4 0 12.8-6.4 12.8-12.8V140.8c0-6.4-6.4-12.8-12.8-12.8h-22.4c-6.4 0-12.8 6.4-12.8 12.8v198.4c0 6.4 6.4 12.8 12.8 12.8zm96 0h22.4c6.4 0 12.8-6.4 12.8-12.8V204.8c0-6.4-6.4-12.8-12.8-12.8h-22.4c-6.4 0-12.8 6.4-12.8 12.8v134.4c0 6.4 6.4 12.8 12.8 12.8zM496 400H48V80c0-8.84-7.16-16-16-16H16C7.16 64 0 71.16 0 80v336c0 17.67 14.33 32 32 32h464c8.84 0 16-7.16 16-16v-16c0-8.84-7.16-16-16-16zm-387.2-48h22.4c6.4 0 12.8-6.4 12.8-12.8v-70.4c0-6.4-6.4-12.8-12.8-12.8h-22.4c-6.4 0-12.8 6.4-12.8 12.8v70.4c0 6.4 6.4 12.8 12.8 12.8z\" class=\"\"><\/path><\/svg><\/i> <img loading=\"lazy\" decoding=\"async\" width=\"16\" height=\"16\" alt=\"Loading\" src=\"https:\/\/www.raccontinellarete.it\/301\/wp-content\/plugins\/page-views-count\/ajax-loader-2x.gif\" border=0 \/><\/p>\n<div class=\"pvc_clear\"><\/div>\n","protected":false},"author":6818,"featured_media":0,"comment_status":"open","ping_status":"closed","sticky":false,"template":"","format":"standard","meta":{"footnotes":""},"categories":[217],"tags":[],"class_list":["post-23767","post","type-post","status-publish","format-standard","hentry","category-premio-racconti-nella-rete-2015"],"_links":{"self":[{"href":"https:\/\/www.raccontinellarete.it\/index.php?rest_route=\/wp\/v2\/posts\/23767"}],"collection":[{"href":"https:\/\/www.raccontinellarete.it\/index.php?rest_route=\/wp\/v2\/posts"}],"about":[{"href":"https:\/\/www.raccontinellarete.it\/index.php?rest_route=\/wp\/v2\/types\/post"}],"author":[{"embeddable":true,"href":"https:\/\/www.raccontinellarete.it\/index.php?rest_route=\/wp\/v2\/users\/6818"}],"replies":[{"embeddable":true,"href":"https:\/\/www.raccontinellarete.it\/index.php?rest_route=%2Fwp%2Fv2%2Fcomments&post=23767"}],"version-history":[{"count":4,"href":"https:\/\/www.raccontinellarete.it\/index.php?rest_route=\/wp\/v2\/posts\/23767\/revisions"}],"predecessor-version":[{"id":23793,"href":"https:\/\/www.raccontinellarete.it\/index.php?rest_route=\/wp\/v2\/posts\/23767\/revisions\/23793"}],"wp:attachment":[{"href":"https:\/\/www.raccontinellarete.it\/index.php?rest_route=%2Fwp%2Fv2%2Fmedia&parent=23767"}],"wp:term":[{"taxonomy":"category","embeddable":true,"href":"https:\/\/www.raccontinellarete.it\/index.php?rest_route=%2Fwp%2Fv2%2Fcategories&post=23767"},{"taxonomy":"post_tag","embeddable":true,"href":"https:\/\/www.raccontinellarete.it\/index.php?rest_route=%2Fwp%2Fv2%2Ftags&post=23767"}],"curies":[{"name":"wp","href":"https:\/\/api.w.org\/{rel}","templated":true}]}}