{"id":23707,"date":"2015-04-25T17:53:34","date_gmt":"2015-04-25T16:53:34","guid":{"rendered":"http:\/\/www.raccontinellarete.it\/?p=23707"},"modified":"2015-07-09T12:23:49","modified_gmt":"2015-07-09T11:23:49","slug":"premio-racconti-nella-rete-2015-il-bucato-di-michela-rossi","status":"publish","type":"post","link":"https:\/\/www.raccontinellarete.it\/?p=23707","title":{"rendered":"Premio Racconti nella Rete 2015 &#8220;Il bucato&#8221; di Michela Rossi"},"content":{"rendered":"<p>&lt;Societ\u00e0 Energia Elettrica. Risponde l\u2019operatore 1409.&gt;<br \/>\n&lt;Buongiorno, sono Marco; come posso aiutarla?&gt;<br \/>\n&lt;Buongiorno, ho un problema. Ho messo mia moglie in lavatrice, ma quando avvio il programma la macchina va in blocco e salta la corrente.&gt;<br \/>\n&lt;Ha controllato che la presa sia inserita correttamente?&gt;<br \/>\n&lt;Certo; sembra sia tutto a posto.&gt;<br \/>\n&lt;Aveva in funzione altri elettrodomestici?&gt;<br \/>\n&lt;No, a parte il frigorifero.&gt;<br \/>\n&lt;Allora mi spiace, qui al call center non siamo in grado di risolvere questa criticit\u00e0. Deve avere la cortesia di attendere in linea: le passer\u00f2 un collega del livello 2.&gt;<br \/>\n&lt;Risponde l\u2019operatore 7148.&gt;<br \/>\n&lt;Buongiorno, sono Caterina; come posso aiutarla?&gt;<br \/>\n&lt;Salve. Come ho gi\u00e0 detto al suo collega, ho messo in lavatrice mia moglie, ma appena avvio il programma si blocca tutto e salta la corrente.&gt;<br \/>\n&lt;Mi perdoni, non sono certa di aver compreso bene. Dice che ha messo in lavatrice sua moglie: ma in che modo? L\u2019ha fatta a pezzi?&gt;<br \/>\n&lt;Certo, che domande! Non ci sarebbe entrata tutta intera.&gt;<br \/>\n&lt;Bene, allora bisogna capire se il problema \u00e8 legato alla macchina o alla rete elettrica. Mi dica: quanto pesa sua moglie?&gt;<br \/>\n&lt;Mah, sar\u00e0 stata circa 60 chili\u2026&gt;<br \/>\n&lt;E lei l\u2019ha messa dentro tutta?&gt;<br \/>\n&lt;S\u00ec, c\u2019\u00e8 entrata. Ho pensato che, al netto del peso del sangue e dei liquidi, avrei potuto farcela.&gt;<br \/>\n&lt;Mi scusi se glielo dico, ma avrebbe dovuto rendersi conto che il carico \u00e8 veramente eccessivo: ci sono anche le ossa. Non pu\u00f2 mica pretendere di lavarla tutta in una volta!&gt;<br \/>\n&lt;Effettivamente, ha ragione; non ci avevo pensato.&gt;<br \/>\n&lt;Mi serve un\u2019altra informazione: in quanti pezzi l\u2019ha fatta? Sono piccoli o grossi?&gt;<br \/>\n&lt;Alcuni piccoli e altri pi\u00f9 grossi.&gt;<br \/>\n&lt;Allora guardi, faccia una cosa: prima di tutto la tolga dal cestello e poi lo spinga con la mano per farlo girare. Se gira bene significa che nessun pezzo si \u00e8 incastrato. A quel punto pu\u00f2 iniziare a rimetterla dentro. La lavi in due volte e vedr\u00e0 che filer\u00e0 tutto liscio.&gt;<br \/>\n&lt;Non so come ringraziarla, \u00e8 stata veramente gentile. Le auguro una buona giornata.&gt;<br \/>\n&lt;Buona giornata a lei. E buon bucato!&gt;<\/p>\n<div class=\"pvc_clear\"><\/div>\n<p id=\"pvc_stats_23707\" class=\"pvc_stats all  \" data-element-id=\"23707\" style=\"\"><i class=\"pvc-stats-icon medium\" aria-hidden=\"true\"><svg aria-hidden=\"true\" focusable=\"false\" data-prefix=\"far\" data-icon=\"chart-bar\" role=\"img\" xmlns=\"http:\/\/www.w3.org\/2000\/svg\" viewBox=\"0 0 512 512\" class=\"svg-inline--fa fa-chart-bar fa-w-16 fa-2x\"><path fill=\"currentColor\" d=\"M396.8 352h22.4c6.4 0 12.8-6.4 12.8-12.8V108.8c0-6.4-6.4-12.8-12.8-12.8h-22.4c-6.4 0-12.8 6.4-12.8 12.8v230.4c0 6.4 6.4 12.8 12.8 12.8zm-192 0h22.4c6.4 0 12.8-6.4 12.8-12.8V140.8c0-6.4-6.4-12.8-12.8-12.8h-22.4c-6.4 0-12.8 6.4-12.8 12.8v198.4c0 6.4 6.4 12.8 12.8 12.8zm96 0h22.4c6.4 0 12.8-6.4 12.8-12.8V204.8c0-6.4-6.4-12.8-12.8-12.8h-22.4c-6.4 0-12.8 6.4-12.8 12.8v134.4c0 6.4 6.4 12.8 12.8 12.8zM496 400H48V80c0-8.84-7.16-16-16-16H16C7.16 64 0 71.16 0 80v336c0 17.67 14.33 32 32 32h464c8.84 0 16-7.16 16-16v-16c0-8.84-7.16-16-16-16zm-387.2-48h22.4c6.4 0 12.8-6.4 12.8-12.8v-70.4c0-6.4-6.4-12.8-12.8-12.8h-22.4c-6.4 0-12.8 6.4-12.8 12.8v70.4c0 6.4 6.4 12.8 12.8 12.8z\" class=\"\"><\/path><\/svg><\/i> <img loading=\"lazy\" decoding=\"async\" width=\"16\" height=\"16\" alt=\"Loading\" src=\"https:\/\/www.raccontinellarete.it\/301\/wp-content\/plugins\/page-views-count\/ajax-loader-2x.gif\" border=0 \/><\/p>\n<div class=\"pvc_clear\"><\/div>\n","protected":false},"excerpt":{"rendered":"<p>&lt;Societ\u00e0 Energia Elettrica. Risponde l\u2019operatore 1409.&gt; &lt;Buongiorno, sono Marco; come posso aiutarla?&gt; &lt;Buongiorno, ho un problema. Ho messo mia moglie in lavatrice, ma quando avvio il programma la macchina va in blocco e salta la corrente.&gt; &lt;Ha controllato che la presa sia inserita correttamente?&gt; &lt;Certo; sembra sia tutto a posto.&gt; &lt;Aveva in funzione altri elettrodomestici?&gt; [&hellip;]<\/p>\n<div class=\"pvc_clear\"><\/div>\n<p id=\"pvc_stats_23707\" class=\"pvc_stats all  \" data-element-id=\"23707\" style=\"\"><i class=\"pvc-stats-icon medium\" aria-hidden=\"true\"><svg aria-hidden=\"true\" focusable=\"false\" data-prefix=\"far\" data-icon=\"chart-bar\" role=\"img\" xmlns=\"http:\/\/www.w3.org\/2000\/svg\" viewBox=\"0 0 512 512\" class=\"svg-inline--fa fa-chart-bar fa-w-16 fa-2x\"><path fill=\"currentColor\" d=\"M396.8 352h22.4c6.4 0 12.8-6.4 12.8-12.8V108.8c0-6.4-6.4-12.8-12.8-12.8h-22.4c-6.4 0-12.8 6.4-12.8 12.8v230.4c0 6.4 6.4 12.8 12.8 12.8zm-192 0h22.4c6.4 0 12.8-6.4 12.8-12.8V140.8c0-6.4-6.4-12.8-12.8-12.8h-22.4c-6.4 0-12.8 6.4-12.8 12.8v198.4c0 6.4 6.4 12.8 12.8 12.8zm96 0h22.4c6.4 0 12.8-6.4 12.8-12.8V204.8c0-6.4-6.4-12.8-12.8-12.8h-22.4c-6.4 0-12.8 6.4-12.8 12.8v134.4c0 6.4 6.4 12.8 12.8 12.8zM496 400H48V80c0-8.84-7.16-16-16-16H16C7.16 64 0 71.16 0 80v336c0 17.67 14.33 32 32 32h464c8.84 0 16-7.16 16-16v-16c0-8.84-7.16-16-16-16zm-387.2-48h22.4c6.4 0 12.8-6.4 12.8-12.8v-70.4c0-6.4-6.4-12.8-12.8-12.8h-22.4c-6.4 0-12.8 6.4-12.8 12.8v70.4c0 6.4 6.4 12.8 12.8 12.8z\" class=\"\"><\/path><\/svg><\/i> <img loading=\"lazy\" decoding=\"async\" width=\"16\" height=\"16\" alt=\"Loading\" src=\"https:\/\/www.raccontinellarete.it\/301\/wp-content\/plugins\/page-views-count\/ajax-loader-2x.gif\" border=0 \/><\/p>\n<div class=\"pvc_clear\"><\/div>\n","protected":false},"author":6783,"featured_media":0,"comment_status":"open","ping_status":"closed","sticky":false,"template":"","format":"standard","meta":{"footnotes":""},"categories":[217],"tags":[],"class_list":["post-23707","post","type-post","status-publish","format-standard","hentry","category-premio-racconti-nella-rete-2015"],"_links":{"self":[{"href":"https:\/\/www.raccontinellarete.it\/index.php?rest_route=\/wp\/v2\/posts\/23707"}],"collection":[{"href":"https:\/\/www.raccontinellarete.it\/index.php?rest_route=\/wp\/v2\/posts"}],"about":[{"href":"https:\/\/www.raccontinellarete.it\/index.php?rest_route=\/wp\/v2\/types\/post"}],"author":[{"embeddable":true,"href":"https:\/\/www.raccontinellarete.it\/index.php?rest_route=\/wp\/v2\/users\/6783"}],"replies":[{"embeddable":true,"href":"https:\/\/www.raccontinellarete.it\/index.php?rest_route=%2Fwp%2Fv2%2Fcomments&post=23707"}],"version-history":[{"count":4,"href":"https:\/\/www.raccontinellarete.it\/index.php?rest_route=\/wp\/v2\/posts\/23707\/revisions"}],"predecessor-version":[{"id":25680,"href":"https:\/\/www.raccontinellarete.it\/index.php?rest_route=\/wp\/v2\/posts\/23707\/revisions\/25680"}],"wp:attachment":[{"href":"https:\/\/www.raccontinellarete.it\/index.php?rest_route=%2Fwp%2Fv2%2Fmedia&parent=23707"}],"wp:term":[{"taxonomy":"category","embeddable":true,"href":"https:\/\/www.raccontinellarete.it\/index.php?rest_route=%2Fwp%2Fv2%2Fcategories&post=23707"},{"taxonomy":"post_tag","embeddable":true,"href":"https:\/\/www.raccontinellarete.it\/index.php?rest_route=%2Fwp%2Fv2%2Ftags&post=23707"}],"curies":[{"name":"wp","href":"https:\/\/api.w.org\/{rel}","templated":true}]}}