{"id":23498,"date":"2015-04-01T18:51:07","date_gmt":"2015-04-01T17:51:07","guid":{"rendered":"http:\/\/www.raccontinellarete.it\/?p=23498"},"modified":"2015-04-02T11:38:10","modified_gmt":"2015-04-02T10:38:10","slug":"il-gran-me-e-il-piccolo-me-al-via-la-seconda-rassegna-di-poesia","status":"publish","type":"post","link":"https:\/\/www.raccontinellarete.it\/?p=23498","title":{"rendered":"Il Gran me e il piccolo me, al via la seconda rassegna di poesia"},"content":{"rendered":"<p><a href=\"https:\/\/www.raccontinellarete.it\/?attachment_id=23499\" rel=\"attachment wp-att-23499\"><img loading=\"lazy\" decoding=\"async\" class=\"alignleft size-medium wp-image-23499\" src=\"https:\/\/www.raccontinellarete.it\/301\/wp-content\/uploads\/2015\/04\/il-gran-me-ed-il-piccolo-me-2015-177x250.jpg\" alt=\"il gran me ed il piccolo me 2015\" width=\"177\" height=\"250\" \/><\/a><\/p>\n<p style=\"text-align: justify;\">Prende il via la II^ rassegna di poesia\u00a0 &#8220;<strong>Il Gran me e il piccolo me<\/strong>&#8220;.\u00a0 Questa seconda edizione,\u00a0 ideata e diretta dalla poetessa Cinzia Dipace, \u00e8 patrocinata dall&#8217;Associazione di volontariato &#8220;Normalmente&#8221; e\u00a0 da Archimede.\u00a0 Una rassegna che nasce per dare voce ad un mondo spesso dimenticato, quello della disabilit\u00e0. La premiazione \u00e8 in programma domenica 11 ottobre alle 16 a Villa Bottini nell\u2019ambito del XXI festival letterario LuccAutori.<\/p>\n<p style=\"text-align: justify;\">\u201cUn nuovo progetto\u00a0 &#8211; dice Cinzia Dipace &#8211; che ci permette di dare pi\u00f9 visibilit\u00e0 agli autori e di cui oggi come oggi sono onorata di farne parte come socia e direttore artistico.\u00a0 Ringrazio l&#8217;A.S.L. che anche quest&#8217;anno sar\u00e0 con noi. Nascer\u00e0 anche un&#8217;antologia che porter\u00e0 il nome della rassegna e che sar\u00e0 edita da Intermedia Edizioni con prefazione curata dalla P.I.I.E.C e SIMP. Ringrazio\u00a0 Demetrio Brandi, il premio Racconti nella Rete\u00a0 e LuccAutori che ci ospitano e ci hanno permesso di crescere;\u00a0 nella speranza che anche quest&#8217;anno sia l&#8217;emozione a farla da padrona, in un mondo quasi sommerso, ma che esiste ed ormai la sua voce non pu\u00f2 non essere\u00a0 &#8220;ascoltata&#8221;.<\/p>\n<p style=\"text-align: justify;\">Regolamento e altre informazioni sono visibili e scaricabili dal blog <a href=\"http:\/\/poesienellarete.blogspot.it\/\">http:\/\/poesienellarete.blogspot.it\/<\/a>\u00a0 (scadenza invio poesie il 31 agosto).<\/p>\n<p style=\"text-align: justify;\">\u201cUna rassegna, arrivata al secondo anno, che nasce per un mondo spesso dimenticato, per dar voce a chi molto spesso non ce l&#8217;ha, per motivi diversi, quello della Disabilit\u00e0, che non \u00e8 &#8220;diversit\u00e0&#8221; nel sentire, anzi molto spesso sentono il doppio. Il nome prende spunto da una lettera di Pirandello, perch\u00e9 la ricerca interiore molto spesso diventa scontro in persone che non per scelta passano molte ore da sole, quasi abbandonate, ai margini di una Societ\u00e0 che va troppo di corsa e in alcuni casi le loro &#8220;Urla&#8221; silenziose diventano poesia.\u00a0 Persone che hanno un vissuto segnato nei loro corpi e nelle loro menti, che hanno completamente modificato la loro vita, che li costringono il pi\u00f9 delle volte ad una solitudine che pochi vedono, ma che esiste &#8230; e come se esiste e per non morire dentro le loro emozioni diventano &#8220;parole&#8221;. In fondo esistono le Olimpiadi e tante manifestazioni parallele, perch\u00e9 non farlo anche nella poesia e dar loro il modo di sentirsi parte di &#8220;qualcosa&#8221;, essere protagonisti. <span style=\"text-decoration: underline;\">Anche quest&#8217;anno abbiamo deciso di aprire questa rassegna solo a loro, per dar sfogo e far comprendere come ci sia il bisogno di intervenire nel Sociale, per far si che per una volta non si sentano dimenticati, ma &#8220;protagonisti<\/span>&#8220;. Io credo che leggere il mondo che hanno dentro sia un arricchimento per tutti.\u00a0 Questa rassegna far\u00e0 parte di un contenitore pi\u00f9 grande, &#8220;LuccAutori&#8221;,\u00a0 ed \u00e8 nata inizialmente da un gruppo in facebook\u00a0 &#8220;Letteratura Terapeutica&#8221; da me amministrato;\u00a0 sono disabile al 100 % e visto che lo scrivere mi ha salvato la vita ho voluto capire se anche ad altri avesse fatto lo stesso effetto. Una rassegna che durante l&#8217;anno &#8220;zer0&#8221; ci ha regalato davvero tante emozioni ed ha realmente aperto uno spiraglio a persone che fan di tutto per vivere ed \u00e8 giusto che non siano dimenticate, ma anzi che abbiano il loro giusto spessore. Persone che sono si disabili nel corpo, ma non certo nell&#8217;anima e che hanno davvero molto da dare! \u00a0(<strong>Cinzia Dipace)<\/strong><\/p>\n<div class=\"pvc_clear\"><\/div>\n<p id=\"pvc_stats_23498\" class=\"pvc_stats all  \" data-element-id=\"23498\" style=\"\"><i class=\"pvc-stats-icon medium\" aria-hidden=\"true\"><svg aria-hidden=\"true\" focusable=\"false\" data-prefix=\"far\" data-icon=\"chart-bar\" role=\"img\" xmlns=\"http:\/\/www.w3.org\/2000\/svg\" viewBox=\"0 0 512 512\" class=\"svg-inline--fa fa-chart-bar fa-w-16 fa-2x\"><path fill=\"currentColor\" d=\"M396.8 352h22.4c6.4 0 12.8-6.4 12.8-12.8V108.8c0-6.4-6.4-12.8-12.8-12.8h-22.4c-6.4 0-12.8 6.4-12.8 12.8v230.4c0 6.4 6.4 12.8 12.8 12.8zm-192 0h22.4c6.4 0 12.8-6.4 12.8-12.8V140.8c0-6.4-6.4-12.8-12.8-12.8h-22.4c-6.4 0-12.8 6.4-12.8 12.8v198.4c0 6.4 6.4 12.8 12.8 12.8zm96 0h22.4c6.4 0 12.8-6.4 12.8-12.8V204.8c0-6.4-6.4-12.8-12.8-12.8h-22.4c-6.4 0-12.8 6.4-12.8 12.8v134.4c0 6.4 6.4 12.8 12.8 12.8zM496 400H48V80c0-8.84-7.16-16-16-16H16C7.16 64 0 71.16 0 80v336c0 17.67 14.33 32 32 32h464c8.84 0 16-7.16 16-16v-16c0-8.84-7.16-16-16-16zm-387.2-48h22.4c6.4 0 12.8-6.4 12.8-12.8v-70.4c0-6.4-6.4-12.8-12.8-12.8h-22.4c-6.4 0-12.8 6.4-12.8 12.8v70.4c0 6.4 6.4 12.8 12.8 12.8z\" class=\"\"><\/path><\/svg><\/i> <img loading=\"lazy\" decoding=\"async\" width=\"16\" height=\"16\" alt=\"Loading\" src=\"https:\/\/www.raccontinellarete.it\/301\/wp-content\/plugins\/page-views-count\/ajax-loader-2x.gif\" border=0 \/><\/p>\n<div class=\"pvc_clear\"><\/div>\n","protected":false},"excerpt":{"rendered":"<p>Prende il via la II^ rassegna di poesia\u00a0 &#8220;Il Gran me e il piccolo me&#8220;.\u00a0 Questa seconda edizione,\u00a0 ideata e diretta dalla poetessa Cinzia Dipace, \u00e8 patrocinata dall&#8217;Associazione di volontariato &#8220;Normalmente&#8221; e\u00a0 da Archimede.\u00a0 Una rassegna che nasce per dare voce ad un mondo spesso dimenticato, quello della disabilit\u00e0. La premiazione \u00e8 in programma domenica [&hellip;]<\/p>\n<div class=\"pvc_clear\"><\/div>\n<p id=\"pvc_stats_23498\" class=\"pvc_stats all  \" data-element-id=\"23498\" style=\"\"><i class=\"pvc-stats-icon medium\" aria-hidden=\"true\"><svg aria-hidden=\"true\" focusable=\"false\" data-prefix=\"far\" data-icon=\"chart-bar\" role=\"img\" xmlns=\"http:\/\/www.w3.org\/2000\/svg\" viewBox=\"0 0 512 512\" class=\"svg-inline--fa fa-chart-bar fa-w-16 fa-2x\"><path fill=\"currentColor\" d=\"M396.8 352h22.4c6.4 0 12.8-6.4 12.8-12.8V108.8c0-6.4-6.4-12.8-12.8-12.8h-22.4c-6.4 0-12.8 6.4-12.8 12.8v230.4c0 6.4 6.4 12.8 12.8 12.8zm-192 0h22.4c6.4 0 12.8-6.4 12.8-12.8V140.8c0-6.4-6.4-12.8-12.8-12.8h-22.4c-6.4 0-12.8 6.4-12.8 12.8v198.4c0 6.4 6.4 12.8 12.8 12.8zm96 0h22.4c6.4 0 12.8-6.4 12.8-12.8V204.8c0-6.4-6.4-12.8-12.8-12.8h-22.4c-6.4 0-12.8 6.4-12.8 12.8v134.4c0 6.4 6.4 12.8 12.8 12.8zM496 400H48V80c0-8.84-7.16-16-16-16H16C7.16 64 0 71.16 0 80v336c0 17.67 14.33 32 32 32h464c8.84 0 16-7.16 16-16v-16c0-8.84-7.16-16-16-16zm-387.2-48h22.4c6.4 0 12.8-6.4 12.8-12.8v-70.4c0-6.4-6.4-12.8-12.8-12.8h-22.4c-6.4 0-12.8 6.4-12.8 12.8v70.4c0 6.4 6.4 12.8 12.8 12.8z\" class=\"\"><\/path><\/svg><\/i> <img loading=\"lazy\" decoding=\"async\" width=\"16\" height=\"16\" alt=\"Loading\" src=\"https:\/\/www.raccontinellarete.it\/301\/wp-content\/plugins\/page-views-count\/ajax-loader-2x.gif\" border=0 \/><\/p>\n<div class=\"pvc_clear\"><\/div>\n","protected":false},"author":3,"featured_media":0,"comment_status":"open","ping_status":"closed","sticky":false,"template":"","format":"standard","meta":{"footnotes":""},"categories":[87,5,4],"tags":[],"class_list":["post-23498","post","type-post","status-publish","format-standard","hentry","category-comunicato-stampa","category-racconti-nella-rete","category-news"],"_links":{"self":[{"href":"https:\/\/www.raccontinellarete.it\/index.php?rest_route=\/wp\/v2\/posts\/23498"}],"collection":[{"href":"https:\/\/www.raccontinellarete.it\/index.php?rest_route=\/wp\/v2\/posts"}],"about":[{"href":"https:\/\/www.raccontinellarete.it\/index.php?rest_route=\/wp\/v2\/types\/post"}],"author":[{"embeddable":true,"href":"https:\/\/www.raccontinellarete.it\/index.php?rest_route=\/wp\/v2\/users\/3"}],"replies":[{"embeddable":true,"href":"https:\/\/www.raccontinellarete.it\/index.php?rest_route=%2Fwp%2Fv2%2Fcomments&post=23498"}],"version-history":[{"count":4,"href":"https:\/\/www.raccontinellarete.it\/index.php?rest_route=\/wp\/v2\/posts\/23498\/revisions"}],"predecessor-version":[{"id":23504,"href":"https:\/\/www.raccontinellarete.it\/index.php?rest_route=\/wp\/v2\/posts\/23498\/revisions\/23504"}],"wp:attachment":[{"href":"https:\/\/www.raccontinellarete.it\/index.php?rest_route=%2Fwp%2Fv2%2Fmedia&parent=23498"}],"wp:term":[{"taxonomy":"category","embeddable":true,"href":"https:\/\/www.raccontinellarete.it\/index.php?rest_route=%2Fwp%2Fv2%2Fcategories&post=23498"},{"taxonomy":"post_tag","embeddable":true,"href":"https:\/\/www.raccontinellarete.it\/index.php?rest_route=%2Fwp%2Fv2%2Ftags&post=23498"}],"curies":[{"name":"wp","href":"https:\/\/api.w.org\/{rel}","templated":true}]}}