{"id":23448,"date":"2015-04-01T16:40:38","date_gmt":"2015-04-01T15:40:38","guid":{"rendered":"http:\/\/www.raccontinellarete.it\/?p=23448"},"modified":"2015-04-01T16:40:38","modified_gmt":"2015-04-01T15:40:38","slug":"premio-racconti-nella-rete-2015-la-balena-di-giovanna-vanin","status":"publish","type":"post","link":"https:\/\/www.raccontinellarete.it\/?p=23448","title":{"rendered":"Premio Racconti nella Rete 2015 &#8220;La balena&#8221; di Giovanna Vanin"},"content":{"rendered":"<p>A sette anni aveva visto una balena. Era distesa su una serie di tavoli accostati tra loro nel piazzale della scuola elementare. Era gigantesca. Hansi si era avvicinato e con la mano piatta l&#8217;aveva toccata.<br \/>\nCosa fai?<br \/>\nLui si era ritratto come per una scossa elettrica. Era riuscito comunque a sfiorarla. E anche dopo. Quando nessuno aveva fatto caso a lui che, tavolo dopo tavolo, avanzava a piccoli passi tra la gente. L&#8217;accarezzava con gli occhi e, se tirava su con il naso, gli sembrava che accanto a lei, l&#8217;aria sapesse di mare. Camminava e la guardava. La esaminava minuziosamente. Le pupille ficcate nella pelle del cetaceo, un centimetro dopo l&#8217;altro, come se lei a un certo punto potesse emettere una sostanza magica e Hansi non voleva, per distrazione, perdersi l&#8217;avvenimento. Avrebbe potuto gonfiarsi, come fosse viva, in un profondo respiro e poi esalare quell&#8217;aria che nel freddo d&#8217;ottobre si sarebbe condensata in una nuvola bianca. In alto.<br \/>\nLa vedeva immersa nel blu trasparente del mare in mezzo a miriadi di pesci. Poi emergeva dall&#8217;acqua che scrosciava gi\u00f9 dai suoi fianchi. Per un secondo sospesa nell&#8217;aria, appariva maestosa sopra la distesa liquida e subito si rituffava. Alla fine la sua coda fendeva l&#8217;oceano, come per salutarlo, e spariva.<br \/>\nHansi era felice.<br \/>\nLa lunghezza del corpo della balena prolungava il suo stupore. L&#8217;aveva osservata, ammirata, contemplata per tutto quel pomeriggio. Da lontano, poi da vicino e ancora da lontano quando l&#8217;avevano cacciato, stanchi di vederselo attorno.<br \/>\nSolo al tramonto, prima di tornare a casa, aveva osato chiedere in che modo l&#8217;avessero trasportata l\u00ec, nel suo piccolo paese di montagna.<br \/>\nGli dissero che era stata svuotata della carne. Quello che vedeva era solo la pelle che ricopriva una una specie di scheletro scomponibile. Hansi non ricordava pi\u00f9 se di legno o metallo.<br \/>\nLa spiegazione gli aveva paralizzato il cervello e scorticato con la violenza di una pietra acuminata.<br \/>\nCos\u00ec, avevano spiegato, si poteva montare e smontare, scaricare e caricare sui camion.<br \/>\nLui aveva detto che non si sarebbe mai sognato di svuotare il suo gatto, dopo morto, solo per conservarne la pelliccia.<br \/>\nAllora non l&#8217;avresti vista. Mai. Dissero.<br \/>\nHansi era ritornato a casa. Con lo stomaco pi\u00f9 piccolo di una nocciolina non era riuscito a mangiare niente. La mamma gli aveva chiesto, che cosa c&#8217;\u00e8? Lui non aveva risposto e s&#8217;era cacciato a letto. Sconfitto.<br \/>\nNon che pensasse di vedere una balena viva, questo no, ma prima di sapere tutto, immaginava venisse conservata con lo stesso rispetto dovuto ai santi. Invece l&#8217;avevano ridotta a un tappeto da arrotolare e con questi pensieri era caduto nel sonno e poi in un sogno.<\/p>\n<p>Usciva da casa sua per entrare in una nuvoletta che s&#8217;alzava come un aereo. Mentre volava Hansi vedeva un&#8217;altra nube con dentro un cane, in una seconda c&#8217;era una persona, in quella dopo Sepi e le sue capre e in una molto grande perfino la casa di Thomas che in quei giorni si era trasferito con la famiglia in un paese lontano dal suo. Hansi aveva pianto. Thomas era il suo compagno preferito. Con lui giocava alle biglie oppure, dopo la scuola, s&#8217;arrampicavano insieme sulla catasta di tronchi sul piazzale della falegnameria dove lavorava suo padre.<br \/>\nIl cielo si era dunque riempito di nuvole. Ciascuna con il suo carico e tutte veleggiavano serene come lui.<br \/>\nA un certo punto un nuvolone gonfio e cupo aveva cominciato a inseguirlo con le fauci spalancate. Hansi aveva i capelli dritti in testa. Lo sentiva che stava per essere divorato. Sparir\u00f2 per sempre, aveva pensato, non solo dalla nuvola che lo trasportava ma anche da casa sua e, all&#8217;improvviso, s&#8217;era accorto di dimenare le gambe come a voler correre ma senza riuscire a spostarsi di un millimetro. Era finito in alto, fuori dalla sua stessa nuvola, e sgambettava a vuoto.<br \/>\nEcco, aveva pensato, adesso mi sfracello e aveva chiuso gli occhi per non vedere la poltiglia del suo corpo. Invece veniva di nuovo lanciato in aria e poi ricadeva, ma di poco, per tornare su e poi gi\u00f9, su e gi\u00f9, sopra un potente getto d&#8217;acqua che lo ributtava in alto, ancora una volta.<br \/>\nA Hansi, ormai tutto inzuppato, quel su e gi\u00f9 stava piacendo cos\u00ec tanto da non avere pi\u00f9 paura di guardare sotto. E cos\u00ec l&#8217;aveva vista. La balena nuotava sulla solenne superficie dell&#8217;oceano. Era lei a gettarlo in aria, a riprenderlo e a rilanciarlo tra spruzzi e bolle trasparenti con dentro conchiglie abitate, alghe sinuose, pesci grandi e piccoli e, mentre volteggiava tra l&#8217;acqua e l&#8217;aria, Hansi rideva e diceva, Thomas vieni qui, dai Thomas, \u00e8 bellissimo, Thomas perch\u00e9 non vieni?<\/p>\n<div class=\"pvc_clear\"><\/div>\n<p id=\"pvc_stats_23448\" class=\"pvc_stats all  \" data-element-id=\"23448\" style=\"\"><i class=\"pvc-stats-icon medium\" aria-hidden=\"true\"><svg aria-hidden=\"true\" focusable=\"false\" data-prefix=\"far\" data-icon=\"chart-bar\" role=\"img\" xmlns=\"http:\/\/www.w3.org\/2000\/svg\" viewBox=\"0 0 512 512\" class=\"svg-inline--fa fa-chart-bar fa-w-16 fa-2x\"><path fill=\"currentColor\" d=\"M396.8 352h22.4c6.4 0 12.8-6.4 12.8-12.8V108.8c0-6.4-6.4-12.8-12.8-12.8h-22.4c-6.4 0-12.8 6.4-12.8 12.8v230.4c0 6.4 6.4 12.8 12.8 12.8zm-192 0h22.4c6.4 0 12.8-6.4 12.8-12.8V140.8c0-6.4-6.4-12.8-12.8-12.8h-22.4c-6.4 0-12.8 6.4-12.8 12.8v198.4c0 6.4 6.4 12.8 12.8 12.8zm96 0h22.4c6.4 0 12.8-6.4 12.8-12.8V204.8c0-6.4-6.4-12.8-12.8-12.8h-22.4c-6.4 0-12.8 6.4-12.8 12.8v134.4c0 6.4 6.4 12.8 12.8 12.8zM496 400H48V80c0-8.84-7.16-16-16-16H16C7.16 64 0 71.16 0 80v336c0 17.67 14.33 32 32 32h464c8.84 0 16-7.16 16-16v-16c0-8.84-7.16-16-16-16zm-387.2-48h22.4c6.4 0 12.8-6.4 12.8-12.8v-70.4c0-6.4-6.4-12.8-12.8-12.8h-22.4c-6.4 0-12.8 6.4-12.8 12.8v70.4c0 6.4 6.4 12.8 12.8 12.8z\" class=\"\"><\/path><\/svg><\/i> <img loading=\"lazy\" decoding=\"async\" width=\"16\" height=\"16\" alt=\"Loading\" src=\"https:\/\/www.raccontinellarete.it\/301\/wp-content\/plugins\/page-views-count\/ajax-loader-2x.gif\" border=0 \/><\/p>\n<div class=\"pvc_clear\"><\/div>\n","protected":false},"excerpt":{"rendered":"<p>A sette anni aveva visto una balena. Era distesa su una serie di tavoli accostati tra loro nel piazzale della scuola elementare. Era gigantesca. Hansi si era avvicinato e con la mano piatta l&#8217;aveva toccata. Cosa fai? Lui si era ritratto come per una scossa elettrica. Era riuscito comunque a sfiorarla. E anche dopo. Quando [&hellip;]<\/p>\n<div class=\"pvc_clear\"><\/div>\n<p id=\"pvc_stats_23448\" class=\"pvc_stats all  \" data-element-id=\"23448\" style=\"\"><i class=\"pvc-stats-icon medium\" aria-hidden=\"true\"><svg aria-hidden=\"true\" focusable=\"false\" data-prefix=\"far\" data-icon=\"chart-bar\" role=\"img\" xmlns=\"http:\/\/www.w3.org\/2000\/svg\" viewBox=\"0 0 512 512\" class=\"svg-inline--fa fa-chart-bar fa-w-16 fa-2x\"><path fill=\"currentColor\" d=\"M396.8 352h22.4c6.4 0 12.8-6.4 12.8-12.8V108.8c0-6.4-6.4-12.8-12.8-12.8h-22.4c-6.4 0-12.8 6.4-12.8 12.8v230.4c0 6.4 6.4 12.8 12.8 12.8zm-192 0h22.4c6.4 0 12.8-6.4 12.8-12.8V140.8c0-6.4-6.4-12.8-12.8-12.8h-22.4c-6.4 0-12.8 6.4-12.8 12.8v198.4c0 6.4 6.4 12.8 12.8 12.8zm96 0h22.4c6.4 0 12.8-6.4 12.8-12.8V204.8c0-6.4-6.4-12.8-12.8-12.8h-22.4c-6.4 0-12.8 6.4-12.8 12.8v134.4c0 6.4 6.4 12.8 12.8 12.8zM496 400H48V80c0-8.84-7.16-16-16-16H16C7.16 64 0 71.16 0 80v336c0 17.67 14.33 32 32 32h464c8.84 0 16-7.16 16-16v-16c0-8.84-7.16-16-16-16zm-387.2-48h22.4c6.4 0 12.8-6.4 12.8-12.8v-70.4c0-6.4-6.4-12.8-12.8-12.8h-22.4c-6.4 0-12.8 6.4-12.8 12.8v70.4c0 6.4 6.4 12.8 12.8 12.8z\" class=\"\"><\/path><\/svg><\/i> <img loading=\"lazy\" decoding=\"async\" width=\"16\" height=\"16\" alt=\"Loading\" src=\"https:\/\/www.raccontinellarete.it\/301\/wp-content\/plugins\/page-views-count\/ajax-loader-2x.gif\" border=0 \/><\/p>\n<div class=\"pvc_clear\"><\/div>\n","protected":false},"author":4659,"featured_media":0,"comment_status":"open","ping_status":"closed","sticky":false,"template":"","format":"standard","meta":{"footnotes":""},"categories":[217],"tags":[],"class_list":["post-23448","post","type-post","status-publish","format-standard","hentry","category-premio-racconti-nella-rete-2015"],"_links":{"self":[{"href":"https:\/\/www.raccontinellarete.it\/index.php?rest_route=\/wp\/v2\/posts\/23448"}],"collection":[{"href":"https:\/\/www.raccontinellarete.it\/index.php?rest_route=\/wp\/v2\/posts"}],"about":[{"href":"https:\/\/www.raccontinellarete.it\/index.php?rest_route=\/wp\/v2\/types\/post"}],"author":[{"embeddable":true,"href":"https:\/\/www.raccontinellarete.it\/index.php?rest_route=\/wp\/v2\/users\/4659"}],"replies":[{"embeddable":true,"href":"https:\/\/www.raccontinellarete.it\/index.php?rest_route=%2Fwp%2Fv2%2Fcomments&post=23448"}],"version-history":[{"count":2,"href":"https:\/\/www.raccontinellarete.it\/index.php?rest_route=\/wp\/v2\/posts\/23448\/revisions"}],"predecessor-version":[{"id":23486,"href":"https:\/\/www.raccontinellarete.it\/index.php?rest_route=\/wp\/v2\/posts\/23448\/revisions\/23486"}],"wp:attachment":[{"href":"https:\/\/www.raccontinellarete.it\/index.php?rest_route=%2Fwp%2Fv2%2Fmedia&parent=23448"}],"wp:term":[{"taxonomy":"category","embeddable":true,"href":"https:\/\/www.raccontinellarete.it\/index.php?rest_route=%2Fwp%2Fv2%2Fcategories&post=23448"},{"taxonomy":"post_tag","embeddable":true,"href":"https:\/\/www.raccontinellarete.it\/index.php?rest_route=%2Fwp%2Fv2%2Ftags&post=23448"}],"curies":[{"name":"wp","href":"https:\/\/api.w.org\/{rel}","templated":true}]}}