{"id":23335,"date":"2015-03-25T19:42:02","date_gmt":"2015-03-25T18:42:02","guid":{"rendered":"http:\/\/www.raccontinellarete.it\/?p=23335"},"modified":"2015-03-25T19:45:22","modified_gmt":"2015-03-25T18:45:22","slug":"sabato-28-marzo-racconti-nella-rete-ad-arezzo","status":"publish","type":"post","link":"https:\/\/www.raccontinellarete.it\/?p=23335","title":{"rendered":"Sabato 28 marzo Racconti nella Rete ad Arezzo"},"content":{"rendered":"<p><a href=\"https:\/\/www.raccontinellarete.it\/?attachment_id=23336\" rel=\"attachment wp-att-23336\"><img loading=\"lazy\" decoding=\"async\" class=\"alignleft size-medium wp-image-23336\" src=\"https:\/\/www.raccontinellarete.it\/301\/wp-content\/uploads\/2015\/03\/SCIENTIFICO-177x250.jpg\" alt=\"SCIENTIFICO\" width=\"177\" height=\"250\" srcset=\"https:\/\/www.raccontinellarete.it\/301\/wp-content\/uploads\/2015\/03\/SCIENTIFICO-177x250.jpg 177w, https:\/\/www.raccontinellarete.it\/301\/wp-content\/uploads\/2015\/03\/SCIENTIFICO-724x1024.jpg 724w, https:\/\/www.raccontinellarete.it\/301\/wp-content\/uploads\/2015\/03\/SCIENTIFICO-900x1273.jpg 900w\" sizes=\"(max-width: 177px) 100vw, 177px\" \/><\/a><\/p>\n<p style=\"text-align: justify;\">Sabato 28 marzo alle 11.20 presso l\u2019aula magna del Liceo scientifico Francesco Redi \u00a0di Arezzo appuntamento con il premio letterario \u201cRacconti nella Rete\u201d. Gli studenti incontrano gli scrittori vincitori del concorso.<\/p>\n<p style=\"text-align: justify;\">Intervengono Demetrio Brandi, presidente di Racconti nella Rete, gli autori Cinzia Della Ciana, Francesca Berti, Marco Sacchetti, Vincenzo Maria Sacco, Liliana Murru (in collegamento da Cagliari). Con l\u2019intervento di Francesca Costantini. Al pianoforte Alessandro Tricomi, letture di Mila Arbia.<\/p>\n<p style=\"text-align: justify;\">Durante l\u2019incontro gli autori presenti parleranno dei racconti inseriti nell\u2019antologia edita da Nottetempo e della nuova edizione del premio riservato a racconti brevi e soggetti per cortometraggi. Il concorso 2015, che prevede anche una sezione dedicata ai racconti per bambini, \u00e8 in pieno svolgimento nel sito www.raccontinellarete.it fino al prossimo 31 maggio. . L\u2019antologia del premio letterario Racconti nella Rete\u00ae, curata da Demetrio Brandi, raccoglie i venticinque racconti selezionati nel 2014, scritti da altrettanti talenti letterari. Il percorso culturale del premio viene evidenziato nelle prime pagine di questa antologia dalla giornalista e scrittrice Chiara Lico, ex vincitrice del premio. La copertina \u00e8 stata realizzata dal vignettista e illustratore Marco De Angelis. Scrigno di piccole storie compiute, l&#8217;antologia diventa testimonianza del tempo in cui viviamo ed espressione di tematiche sociali affrontate a volte con leggerezza altre volte con passione, sensibilit\u00e0 e rabbia. Espressione di una qualit\u00e0 letteraria in continua crescita, i racconti si caratterizzano per una prosa sempre pi\u00f9 raffinata e variegata e con stili narrativi originali. Il concorso, sempre pi\u00f9 importante vetrina per autori emergenti, si sviluppa dal 2002 nel sito www.raccontinellarete.it . Molti tra gli scrittori pubblicati hanno ottenuto brillanti risultati in campo letterario ed \u00e8 questo il risultato pi\u00f9 importante. La qualit\u00e0 dei racconti selezionati dalla giuria fa ben sperare per il futuro del premio, il cui obiettivo ultimo \u00e8 quello di stimolare, aggregare, valorizzare e promuovere le creativit\u00e0 e le attitudini professionali in ambito letterario. Il premio, che comprende la sezione dedicata ai soggetti per cortometraggi, \u00e8 collegato al festival LuccAutori\u00ae, in programma ogni anno ad ottobre a Lucca. Questi i venticinque autori che hanno vinto la selezione 2014: Raffaele Balsano, Elena Barelli, Arturo Belluardo, Francesca Berti, Edoardo Brosio, Marco Bugliosi, Alice Cappagli, Luca D\u2019Andria, Cinzia Della Ciana, Lucia Delli Santi, Luigi De Rosa, Nicoletta Fazio, Laura Fortugno, Diego Lama, Enrico Losso, Laura Montagna, Liliana Murru, Maurizio Polimeni, Federica Politi, Sonia Poretti, Mara Ribera, Marco Sacchetti, Vincenzo Maria Sacco, Daniele Sartini, Carmen Verde. Informazioni sul premio 2015 nel sito www.raccontinellarete.it info@raccontinellarete.it tel.0584961169<\/p>\n<div class=\"pvc_clear\"><\/div>\n<p id=\"pvc_stats_23335\" class=\"pvc_stats all  \" data-element-id=\"23335\" style=\"\"><i class=\"pvc-stats-icon medium\" aria-hidden=\"true\"><svg aria-hidden=\"true\" focusable=\"false\" data-prefix=\"far\" data-icon=\"chart-bar\" role=\"img\" xmlns=\"http:\/\/www.w3.org\/2000\/svg\" viewBox=\"0 0 512 512\" class=\"svg-inline--fa fa-chart-bar fa-w-16 fa-2x\"><path fill=\"currentColor\" d=\"M396.8 352h22.4c6.4 0 12.8-6.4 12.8-12.8V108.8c0-6.4-6.4-12.8-12.8-12.8h-22.4c-6.4 0-12.8 6.4-12.8 12.8v230.4c0 6.4 6.4 12.8 12.8 12.8zm-192 0h22.4c6.4 0 12.8-6.4 12.8-12.8V140.8c0-6.4-6.4-12.8-12.8-12.8h-22.4c-6.4 0-12.8 6.4-12.8 12.8v198.4c0 6.4 6.4 12.8 12.8 12.8zm96 0h22.4c6.4 0 12.8-6.4 12.8-12.8V204.8c0-6.4-6.4-12.8-12.8-12.8h-22.4c-6.4 0-12.8 6.4-12.8 12.8v134.4c0 6.4 6.4 12.8 12.8 12.8zM496 400H48V80c0-8.84-7.16-16-16-16H16C7.16 64 0 71.16 0 80v336c0 17.67 14.33 32 32 32h464c8.84 0 16-7.16 16-16v-16c0-8.84-7.16-16-16-16zm-387.2-48h22.4c6.4 0 12.8-6.4 12.8-12.8v-70.4c0-6.4-6.4-12.8-12.8-12.8h-22.4c-6.4 0-12.8 6.4-12.8 12.8v70.4c0 6.4 6.4 12.8 12.8 12.8z\" class=\"\"><\/path><\/svg><\/i> <img loading=\"lazy\" decoding=\"async\" width=\"16\" height=\"16\" alt=\"Loading\" src=\"https:\/\/www.raccontinellarete.it\/301\/wp-content\/plugins\/page-views-count\/ajax-loader-2x.gif\" border=0 \/><\/p>\n<div class=\"pvc_clear\"><\/div>\n","protected":false},"excerpt":{"rendered":"<p>Sabato 28 marzo alle 11.20 presso l\u2019aula magna del Liceo scientifico Francesco Redi \u00a0di Arezzo appuntamento con il premio letterario \u201cRacconti nella Rete\u201d. Gli studenti incontrano gli scrittori vincitori del concorso. Intervengono Demetrio Brandi, presidente di Racconti nella Rete, gli autori Cinzia Della Ciana, Francesca Berti, Marco Sacchetti, Vincenzo Maria Sacco, Liliana Murru (in collegamento [&hellip;]<\/p>\n<div class=\"pvc_clear\"><\/div>\n<p id=\"pvc_stats_23335\" class=\"pvc_stats all  \" data-element-id=\"23335\" style=\"\"><i class=\"pvc-stats-icon medium\" aria-hidden=\"true\"><svg aria-hidden=\"true\" focusable=\"false\" data-prefix=\"far\" data-icon=\"chart-bar\" role=\"img\" xmlns=\"http:\/\/www.w3.org\/2000\/svg\" viewBox=\"0 0 512 512\" class=\"svg-inline--fa fa-chart-bar fa-w-16 fa-2x\"><path fill=\"currentColor\" d=\"M396.8 352h22.4c6.4 0 12.8-6.4 12.8-12.8V108.8c0-6.4-6.4-12.8-12.8-12.8h-22.4c-6.4 0-12.8 6.4-12.8 12.8v230.4c0 6.4 6.4 12.8 12.8 12.8zm-192 0h22.4c6.4 0 12.8-6.4 12.8-12.8V140.8c0-6.4-6.4-12.8-12.8-12.8h-22.4c-6.4 0-12.8 6.4-12.8 12.8v198.4c0 6.4 6.4 12.8 12.8 12.8zm96 0h22.4c6.4 0 12.8-6.4 12.8-12.8V204.8c0-6.4-6.4-12.8-12.8-12.8h-22.4c-6.4 0-12.8 6.4-12.8 12.8v134.4c0 6.4 6.4 12.8 12.8 12.8zM496 400H48V80c0-8.84-7.16-16-16-16H16C7.16 64 0 71.16 0 80v336c0 17.67 14.33 32 32 32h464c8.84 0 16-7.16 16-16v-16c0-8.84-7.16-16-16-16zm-387.2-48h22.4c6.4 0 12.8-6.4 12.8-12.8v-70.4c0-6.4-6.4-12.8-12.8-12.8h-22.4c-6.4 0-12.8 6.4-12.8 12.8v70.4c0 6.4 6.4 12.8 12.8 12.8z\" class=\"\"><\/path><\/svg><\/i> <img loading=\"lazy\" decoding=\"async\" width=\"16\" height=\"16\" alt=\"Loading\" src=\"https:\/\/www.raccontinellarete.it\/301\/wp-content\/plugins\/page-views-count\/ajax-loader-2x.gif\" border=0 \/><\/p>\n<div class=\"pvc_clear\"><\/div>\n","protected":false},"author":3,"featured_media":23336,"comment_status":"open","ping_status":"closed","sticky":false,"template":"","format":"standard","meta":{"footnotes":""},"categories":[87,5,4],"tags":[],"class_list":["post-23335","post","type-post","status-publish","format-standard","has-post-thumbnail","hentry","category-comunicato-stampa","category-racconti-nella-rete","category-news"],"_links":{"self":[{"href":"https:\/\/www.raccontinellarete.it\/index.php?rest_route=\/wp\/v2\/posts\/23335"}],"collection":[{"href":"https:\/\/www.raccontinellarete.it\/index.php?rest_route=\/wp\/v2\/posts"}],"about":[{"href":"https:\/\/www.raccontinellarete.it\/index.php?rest_route=\/wp\/v2\/types\/post"}],"author":[{"embeddable":true,"href":"https:\/\/www.raccontinellarete.it\/index.php?rest_route=\/wp\/v2\/users\/3"}],"replies":[{"embeddable":true,"href":"https:\/\/www.raccontinellarete.it\/index.php?rest_route=%2Fwp%2Fv2%2Fcomments&post=23335"}],"version-history":[{"count":4,"href":"https:\/\/www.raccontinellarete.it\/index.php?rest_route=\/wp\/v2\/posts\/23335\/revisions"}],"predecessor-version":[{"id":23340,"href":"https:\/\/www.raccontinellarete.it\/index.php?rest_route=\/wp\/v2\/posts\/23335\/revisions\/23340"}],"wp:featuredmedia":[{"embeddable":true,"href":"https:\/\/www.raccontinellarete.it\/index.php?rest_route=\/wp\/v2\/media\/23336"}],"wp:attachment":[{"href":"https:\/\/www.raccontinellarete.it\/index.php?rest_route=%2Fwp%2Fv2%2Fmedia&parent=23335"}],"wp:term":[{"taxonomy":"category","embeddable":true,"href":"https:\/\/www.raccontinellarete.it\/index.php?rest_route=%2Fwp%2Fv2%2Fcategories&post=23335"},{"taxonomy":"post_tag","embeddable":true,"href":"https:\/\/www.raccontinellarete.it\/index.php?rest_route=%2Fwp%2Fv2%2Ftags&post=23335"}],"curies":[{"name":"wp","href":"https:\/\/api.w.org\/{rel}","templated":true}]}}