{"id":22894,"date":"2015-02-15T19:27:17","date_gmt":"2015-02-15T18:27:17","guid":{"rendered":"http:\/\/www.raccontinellarete.it\/?p=22894"},"modified":"2015-02-15T19:53:15","modified_gmt":"2015-02-15T18:53:15","slug":"22894","status":"publish","type":"post","link":"https:\/\/www.raccontinellarete.it\/?p=22894","title":{"rendered":"A Firenze il 20 febbraio con i &#8220;Racconti nella Rete&#8221;"},"content":{"rendered":"<p><a href=\"https:\/\/www.raccontinellarete.it\/?attachment_id=22895\" rel=\"attachment wp-att-22895\"><img loading=\"lazy\" decoding=\"async\" class=\"alignleft size-medium wp-image-22895\" src=\"https:\/\/www.raccontinellarete.it\/301\/wp-content\/uploads\/2015\/02\/locandina-firenze-20-feb.-2015-174x250.jpg\" alt=\"locandina firenze 20 feb. 2015\" width=\"174\" height=\"250\" srcset=\"https:\/\/www.raccontinellarete.it\/301\/wp-content\/uploads\/2015\/02\/locandina-firenze-20-feb.-2015-174x250.jpg 174w, https:\/\/www.raccontinellarete.it\/301\/wp-content\/uploads\/2015\/02\/locandina-firenze-20-feb.-2015.jpg 667w\" sizes=\"(max-width: 174px) 100vw, 174px\" \/><\/a><\/p>\n<p style=\"text-align: justify;\">Venerd\u00ec 20 febbraio alle ore 18 alla <strong>libreria IBS<\/strong>\u00a0 in via de Cerretani 16r a <strong>Firenze<\/strong> avr\u00e0 luogo la presentazione dell\u2019antologia <strong>Racconti nella Rete 2014 (nottetempo). <\/strong>Si parler\u00e0 dei racconti presenti nell\u2019antologia, del premio letterario Racconti nella Rete e della nuova edizione in corso nel sito <a href=\"https:\/\/www.raccontinellarete.it\">www.raccontinellarete.it<\/a>\u00a0 fino al prossimo 31 maggio.<\/p>\n<p style=\"text-align: justify;\"><strong>Intervengono Demetrio Brandi, presidente di Racconti nella Rete, Arturo Belluardo, Francesca Berti, Cinzia Della Ciana,\u00a0 Enrico Losso,\u00a0 Federica Politi, Marco Sacchetti,\u00a0 Vincenzo Maria Sacco,\u00a0 Carmen Verde.<\/strong><\/p>\n<p style=\"text-align: justify;\">Durante l\u2019incontro gli autori presenti parleranno dei racconti inseriti nell\u2019antologia\u00a0 e della nuova edizione del premio riservato a racconti brevi e soggetti per cortometraggi. Il concorso 2015, che prevede anche una sezione dedicata ai racconti per bambini, \u00e8\u00a0 in pieno svolgimento nel sito <a href=\"https:\/\/www.raccontinellarete.it\">www.raccontinellarete.it<\/a>.<\/p>\n<p style=\"text-align: justify;\">L\u2019antologia del premio letterario Racconti nella Rete\u00ae, curata da Demetrio Brandi, raccoglie i venticinque racconti selezionati nel 2014, scritti da altrettanti talenti letterari. Il percorso culturale del premio viene evidenziato nelle prime pagine dell&#8217;antologia dalla giornalista e scrittrice <strong>Chiara Lico<\/strong>, ex vincitrice del premio. La copertina dell\u2019antologia \u00e8 impreziosita da un disegno di <strong>Marco De Angelis<\/strong>.<\/p>\n<p style=\"text-align: justify;\">Scrigno di piccole storie compiute, l&#8217;antologia diventa testimonianza del tempo in cui viviamo ed espressione di tematiche sociali affrontate a volte con leggerezza altre volte con passione, sensibilit\u00e0 e rabbia.\u00a0 Espressione di una qualit\u00e0 letteraria in continua crescita, i racconti si caratterizzano per una prosa sempre pi\u00f9 raffinata e variegata e con stili narrativi originali.\u00a0 Il concorso, sempre pi\u00f9 importante vetrina per autori emergenti, si sviluppa dal 2002 nel sito www.raccontinellarete.it. Molti tra gli scrittori pubblicati hanno ottenuto brillanti risultati in campo letterario ed \u00e8 questo il risultato pi\u00f9 importante.<\/p>\n<p style=\"text-align: justify;\">La qualit\u00e0 dei racconti selezionati dalla giuria fa ben sperare per il futuro del premio, il cui obiettivo ultimo \u00e8 quello di stimolare, aggregare, valorizzare e promuovere le creativit\u00e0 e le attitudini professionali in ambito letterario. Il premio, che comprende la sezione dedicata ai soggetti per cortometraggi, \u00e8 collegato al festival LuccAutori\u00ae, in programma ogni anno ad ottobre a Lucca.<\/p>\n<p style=\"text-align: justify;\">Questi i venticinque autori che hanno vinto la selezione 2014: Raffaele Balsano, Elena Barelli, Arturo Belluardo, Francesca Berti, Edoardo Brosio, Marco Bugliosi, Alice Cappagli, Luca D\u2019Andria, Cinzia Della Ciana, Lucia Delli Santi, Luigi De Rosa, Nicoletta Fazio, Laura Fortugno, Diego Lama, Enrico Losso, Laura Montagna, Liliana Murru, Maurizio Polimeni, Federica Politi, Sonia Poretti, Mara Ribera, Marco Sacchetti, Vincenzo Maria Sacco, Daniele Sartini, Carmen Verde.<\/p>\n<p style=\"text-align: justify;\"><em><strong>Informazioni sul premio 2015 nel sito\u00a0 <\/strong><a href=\"https:\/\/www.raccontinellarete.it\"><strong>www.raccontinellarete.it<\/strong><\/a><strong>\u00a0\u00a0 <\/strong><a href=\"mailto:info@raccontinellarete.it\"><strong>info@raccontinellarete.it<\/strong><\/a><strong>\u00a0 tel.0584961169<\/strong><\/em><em>\u00a0<\/em><em>\u00a0<\/em><\/p>\n<div class=\"pvc_clear\"><\/div>\n<p id=\"pvc_stats_22894\" class=\"pvc_stats all  \" data-element-id=\"22894\" style=\"\"><i class=\"pvc-stats-icon medium\" aria-hidden=\"true\"><svg aria-hidden=\"true\" focusable=\"false\" data-prefix=\"far\" data-icon=\"chart-bar\" role=\"img\" xmlns=\"http:\/\/www.w3.org\/2000\/svg\" viewBox=\"0 0 512 512\" class=\"svg-inline--fa fa-chart-bar fa-w-16 fa-2x\"><path fill=\"currentColor\" d=\"M396.8 352h22.4c6.4 0 12.8-6.4 12.8-12.8V108.8c0-6.4-6.4-12.8-12.8-12.8h-22.4c-6.4 0-12.8 6.4-12.8 12.8v230.4c0 6.4 6.4 12.8 12.8 12.8zm-192 0h22.4c6.4 0 12.8-6.4 12.8-12.8V140.8c0-6.4-6.4-12.8-12.8-12.8h-22.4c-6.4 0-12.8 6.4-12.8 12.8v198.4c0 6.4 6.4 12.8 12.8 12.8zm96 0h22.4c6.4 0 12.8-6.4 12.8-12.8V204.8c0-6.4-6.4-12.8-12.8-12.8h-22.4c-6.4 0-12.8 6.4-12.8 12.8v134.4c0 6.4 6.4 12.8 12.8 12.8zM496 400H48V80c0-8.84-7.16-16-16-16H16C7.16 64 0 71.16 0 80v336c0 17.67 14.33 32 32 32h464c8.84 0 16-7.16 16-16v-16c0-8.84-7.16-16-16-16zm-387.2-48h22.4c6.4 0 12.8-6.4 12.8-12.8v-70.4c0-6.4-6.4-12.8-12.8-12.8h-22.4c-6.4 0-12.8 6.4-12.8 12.8v70.4c0 6.4 6.4 12.8 12.8 12.8z\" class=\"\"><\/path><\/svg><\/i> <img loading=\"lazy\" decoding=\"async\" width=\"16\" height=\"16\" alt=\"Loading\" src=\"https:\/\/www.raccontinellarete.it\/301\/wp-content\/plugins\/page-views-count\/ajax-loader-2x.gif\" border=0 \/><\/p>\n<div class=\"pvc_clear\"><\/div>\n","protected":false},"excerpt":{"rendered":"<p>Venerd\u00ec 20 febbraio alle ore 18 alla libreria IBS\u00a0 in via de Cerretani 16r a Firenze avr\u00e0 luogo la presentazione dell\u2019antologia Racconti nella Rete 2014 (nottetempo). Si parler\u00e0 dei racconti presenti nell\u2019antologia, del premio letterario Racconti nella Rete e della nuova edizione in corso nel sito www.raccontinellarete.it\u00a0 fino al prossimo 31 maggio. Intervengono Demetrio Brandi, [&hellip;]<\/p>\n<div class=\"pvc_clear\"><\/div>\n<p id=\"pvc_stats_22894\" class=\"pvc_stats all  \" data-element-id=\"22894\" style=\"\"><i class=\"pvc-stats-icon medium\" aria-hidden=\"true\"><svg aria-hidden=\"true\" focusable=\"false\" data-prefix=\"far\" data-icon=\"chart-bar\" role=\"img\" xmlns=\"http:\/\/www.w3.org\/2000\/svg\" viewBox=\"0 0 512 512\" class=\"svg-inline--fa fa-chart-bar fa-w-16 fa-2x\"><path fill=\"currentColor\" d=\"M396.8 352h22.4c6.4 0 12.8-6.4 12.8-12.8V108.8c0-6.4-6.4-12.8-12.8-12.8h-22.4c-6.4 0-12.8 6.4-12.8 12.8v230.4c0 6.4 6.4 12.8 12.8 12.8zm-192 0h22.4c6.4 0 12.8-6.4 12.8-12.8V140.8c0-6.4-6.4-12.8-12.8-12.8h-22.4c-6.4 0-12.8 6.4-12.8 12.8v198.4c0 6.4 6.4 12.8 12.8 12.8zm96 0h22.4c6.4 0 12.8-6.4 12.8-12.8V204.8c0-6.4-6.4-12.8-12.8-12.8h-22.4c-6.4 0-12.8 6.4-12.8 12.8v134.4c0 6.4 6.4 12.8 12.8 12.8zM496 400H48V80c0-8.84-7.16-16-16-16H16C7.16 64 0 71.16 0 80v336c0 17.67 14.33 32 32 32h464c8.84 0 16-7.16 16-16v-16c0-8.84-7.16-16-16-16zm-387.2-48h22.4c6.4 0 12.8-6.4 12.8-12.8v-70.4c0-6.4-6.4-12.8-12.8-12.8h-22.4c-6.4 0-12.8 6.4-12.8 12.8v70.4c0 6.4 6.4 12.8 12.8 12.8z\" class=\"\"><\/path><\/svg><\/i> <img loading=\"lazy\" decoding=\"async\" width=\"16\" height=\"16\" alt=\"Loading\" src=\"https:\/\/www.raccontinellarete.it\/301\/wp-content\/plugins\/page-views-count\/ajax-loader-2x.gif\" border=0 \/><\/p>\n<div class=\"pvc_clear\"><\/div>\n","protected":false},"author":3,"featured_media":21987,"comment_status":"open","ping_status":"closed","sticky":false,"template":"","format":"standard","meta":{"footnotes":""},"categories":[87,5,4],"tags":[],"class_list":["post-22894","post","type-post","status-publish","format-standard","has-post-thumbnail","hentry","category-comunicato-stampa","category-racconti-nella-rete","category-news"],"_links":{"self":[{"href":"https:\/\/www.raccontinellarete.it\/index.php?rest_route=\/wp\/v2\/posts\/22894"}],"collection":[{"href":"https:\/\/www.raccontinellarete.it\/index.php?rest_route=\/wp\/v2\/posts"}],"about":[{"href":"https:\/\/www.raccontinellarete.it\/index.php?rest_route=\/wp\/v2\/types\/post"}],"author":[{"embeddable":true,"href":"https:\/\/www.raccontinellarete.it\/index.php?rest_route=\/wp\/v2\/users\/3"}],"replies":[{"embeddable":true,"href":"https:\/\/www.raccontinellarete.it\/index.php?rest_route=%2Fwp%2Fv2%2Fcomments&post=22894"}],"version-history":[{"count":12,"href":"https:\/\/www.raccontinellarete.it\/index.php?rest_route=\/wp\/v2\/posts\/22894\/revisions"}],"predecessor-version":[{"id":22907,"href":"https:\/\/www.raccontinellarete.it\/index.php?rest_route=\/wp\/v2\/posts\/22894\/revisions\/22907"}],"wp:featuredmedia":[{"embeddable":true,"href":"https:\/\/www.raccontinellarete.it\/index.php?rest_route=\/wp\/v2\/media\/21987"}],"wp:attachment":[{"href":"https:\/\/www.raccontinellarete.it\/index.php?rest_route=%2Fwp%2Fv2%2Fmedia&parent=22894"}],"wp:term":[{"taxonomy":"category","embeddable":true,"href":"https:\/\/www.raccontinellarete.it\/index.php?rest_route=%2Fwp%2Fv2%2Fcategories&post=22894"},{"taxonomy":"post_tag","embeddable":true,"href":"https:\/\/www.raccontinellarete.it\/index.php?rest_route=%2Fwp%2Fv2%2Ftags&post=22894"}],"curies":[{"name":"wp","href":"https:\/\/api.w.org\/{rel}","templated":true}]}}