{"id":21872,"date":"2014-10-30T12:46:00","date_gmt":"2014-10-30T11:46:00","guid":{"rendered":"http:\/\/www.raccontinellarete.it\/?p=21872"},"modified":"2014-10-30T12:51:14","modified_gmt":"2014-10-30T11:51:14","slug":"21872","status":"publish","type":"post","link":"https:\/\/www.raccontinellarete.it\/?p=21872","title":{"rendered":"Racconti nella Rete 2015 &#8211; Invia subito il tuo soggetto per la sezione Corti"},"content":{"rendered":"<p style=\"text-align: justify;\"><a href=\"https:\/\/www.raccontinellarete.it\/?attachment_id=21873\" rel=\"attachment wp-att-21873\"><img loading=\"lazy\" decoding=\"async\" class=\"alignleft size-medium wp-image-21873\" src=\"https:\/\/www.raccontinellarete.it\/301\/wp-content\/uploads\/2014\/10\/riprese-corto-2014-racconti-nella-rete-333x250.jpg\" alt=\"riprese corto 2014 - racconti nella rete\" width=\"333\" height=\"250\" \/><br \/>\n<\/a><\/p>\n<p style=\"text-align: justify;\">Il XIV premio letterario <strong>Racconti nella Rete<\/strong>\u00a0propone la sesta edizione del premio riservato ai soggetti per cortometraggi, \u00a0<strong>Racconti per Corti<\/strong>.\u00a0 Dai soggetti vincitori delle passate edizioni sono stati tratti i\u00a0corti <em>La scatola di cartone<\/em> di Giuseppe Sanalitro, <em>Amore cieco<\/em> di Alessandro Russo, <em>Il cappotto<\/em> di Roberto Ricci, <em>Il coraggio uno non se lo pu\u00f2 dare<\/em> di Delia Mazzocchi e l&#8217;ultimo dal titolo <em>Palline di pane<\/em> di Matteo Agamennone.<br \/>\n<strong>Racconti per Corti<\/strong>, in collaborazione con la Scuola di Cinema Immagina di Firenze ed i siti MYmovies.it e Sceneggiatori.com, si sviluppa nel sito di <strong>Racconti nella Rete<\/strong> con le stesse modalit\u00e0 del premio letterario. In palio per l&#8217;autore del soggetto vincitore\u00a0c&#8217;\u00e8 la realizzazione di un cortometraggio di dieci minuti circa tratto dal soggetto stesso.<br \/>\nPer partecipare a <strong>Racconti per Corti<\/strong> occorre registrarsi nel sito <strong><a href=\"https:\/\/www.raccontinellarete.it\/\">Racconti nella Rete<\/a><\/strong> ed inserire in bozza &#8211; indicando la sezione Racconti per Corti, entro il 31 maggio 2015 &#8211; un soggetto originale ed inedito per sceneggiatura della lunghezza massima consigliata di 3500 caratteri spazi inclusi.<br \/>\nI soggetti inseriti nella sezione <strong>Racconti per Corti<\/strong> saranno valutati da una giuria qualificata composta tra gli altri dal regista Giuseppe Ferlito, direttore della Scuola di Cinema Immagina, e dal critico cinematografico Giovanni Bogani. La giuria, entro il mese di giugno 2015, sceglier\u00e0 a suo insindacabile giudizio un soggetto tra tutti quelli regolarmente iscritti a <strong>Racconti per Corti<\/strong>. L&#8217;autore del soggetto vincitore sar\u00e0 invitato a realizzare la sceneggiatura del soggetto con la collaborazione della Scuola di Cinema Immagina di Firenze.<br \/>\nIl corto si girer\u00e0 nella zona di Lucca usufruendo dei mezzi tecnici messi a disposizione dalla Scuola di Cinema. I protagonisti del corto saranno indicati dalla Scuola\u00a0che curer\u00e0 anche la regia dello stesso. L&#8217;autore del soggetto vincitore sar\u00e0 invitato a Lucca per assistere e collaborare alla realizzazione del corto. Il corto verr\u00e0 proiettato in anteprima in occasione del festival letterario LuccAutori in programma a Lucca nel mese di ottobre. In tale occasione verranno anche premiati i vincitori della\u00a0quattordicesima edizione del <strong>Premio Racconti nella Rete<\/strong>. L&#8217;organizzazione si riserva di promuovere il corto nei festival cinematografici ed in occasione della promozione dell&#8217;antologia <strong>Racconti nella Rete<\/strong>.<\/p>\n<div class=\"pvc_clear\"><\/div>\n<p id=\"pvc_stats_21872\" class=\"pvc_stats all  \" data-element-id=\"21872\" style=\"\"><i class=\"pvc-stats-icon medium\" aria-hidden=\"true\"><svg aria-hidden=\"true\" focusable=\"false\" data-prefix=\"far\" data-icon=\"chart-bar\" role=\"img\" xmlns=\"http:\/\/www.w3.org\/2000\/svg\" viewBox=\"0 0 512 512\" class=\"svg-inline--fa fa-chart-bar fa-w-16 fa-2x\"><path fill=\"currentColor\" d=\"M396.8 352h22.4c6.4 0 12.8-6.4 12.8-12.8V108.8c0-6.4-6.4-12.8-12.8-12.8h-22.4c-6.4 0-12.8 6.4-12.8 12.8v230.4c0 6.4 6.4 12.8 12.8 12.8zm-192 0h22.4c6.4 0 12.8-6.4 12.8-12.8V140.8c0-6.4-6.4-12.8-12.8-12.8h-22.4c-6.4 0-12.8 6.4-12.8 12.8v198.4c0 6.4 6.4 12.8 12.8 12.8zm96 0h22.4c6.4 0 12.8-6.4 12.8-12.8V204.8c0-6.4-6.4-12.8-12.8-12.8h-22.4c-6.4 0-12.8 6.4-12.8 12.8v134.4c0 6.4 6.4 12.8 12.8 12.8zM496 400H48V80c0-8.84-7.16-16-16-16H16C7.16 64 0 71.16 0 80v336c0 17.67 14.33 32 32 32h464c8.84 0 16-7.16 16-16v-16c0-8.84-7.16-16-16-16zm-387.2-48h22.4c6.4 0 12.8-6.4 12.8-12.8v-70.4c0-6.4-6.4-12.8-12.8-12.8h-22.4c-6.4 0-12.8 6.4-12.8 12.8v70.4c0 6.4 6.4 12.8 12.8 12.8z\" class=\"\"><\/path><\/svg><\/i> <img loading=\"lazy\" decoding=\"async\" width=\"16\" height=\"16\" alt=\"Loading\" src=\"https:\/\/www.raccontinellarete.it\/301\/wp-content\/plugins\/page-views-count\/ajax-loader-2x.gif\" border=0 \/><\/p>\n<div class=\"pvc_clear\"><\/div>\n","protected":false},"excerpt":{"rendered":"<p>Il XIV premio letterario Racconti nella Rete\u00a0propone la sesta edizione del premio riservato ai soggetti per cortometraggi, \u00a0Racconti per Corti.\u00a0 Dai soggetti vincitori delle passate edizioni sono stati tratti i\u00a0corti La scatola di cartone di Giuseppe Sanalitro, Amore cieco di Alessandro Russo, Il cappotto di Roberto Ricci, Il coraggio uno non se lo pu\u00f2 dare [&hellip;]<\/p>\n<div class=\"pvc_clear\"><\/div>\n<p id=\"pvc_stats_21872\" class=\"pvc_stats all  \" data-element-id=\"21872\" style=\"\"><i class=\"pvc-stats-icon medium\" aria-hidden=\"true\"><svg aria-hidden=\"true\" focusable=\"false\" data-prefix=\"far\" data-icon=\"chart-bar\" role=\"img\" xmlns=\"http:\/\/www.w3.org\/2000\/svg\" viewBox=\"0 0 512 512\" class=\"svg-inline--fa fa-chart-bar fa-w-16 fa-2x\"><path fill=\"currentColor\" d=\"M396.8 352h22.4c6.4 0 12.8-6.4 12.8-12.8V108.8c0-6.4-6.4-12.8-12.8-12.8h-22.4c-6.4 0-12.8 6.4-12.8 12.8v230.4c0 6.4 6.4 12.8 12.8 12.8zm-192 0h22.4c6.4 0 12.8-6.4 12.8-12.8V140.8c0-6.4-6.4-12.8-12.8-12.8h-22.4c-6.4 0-12.8 6.4-12.8 12.8v198.4c0 6.4 6.4 12.8 12.8 12.8zm96 0h22.4c6.4 0 12.8-6.4 12.8-12.8V204.8c0-6.4-6.4-12.8-12.8-12.8h-22.4c-6.4 0-12.8 6.4-12.8 12.8v134.4c0 6.4 6.4 12.8 12.8 12.8zM496 400H48V80c0-8.84-7.16-16-16-16H16C7.16 64 0 71.16 0 80v336c0 17.67 14.33 32 32 32h464c8.84 0 16-7.16 16-16v-16c0-8.84-7.16-16-16-16zm-387.2-48h22.4c6.4 0 12.8-6.4 12.8-12.8v-70.4c0-6.4-6.4-12.8-12.8-12.8h-22.4c-6.4 0-12.8 6.4-12.8 12.8v70.4c0 6.4 6.4 12.8 12.8 12.8z\" class=\"\"><\/path><\/svg><\/i> <img loading=\"lazy\" decoding=\"async\" width=\"16\" height=\"16\" alt=\"Loading\" src=\"https:\/\/www.raccontinellarete.it\/301\/wp-content\/plugins\/page-views-count\/ajax-loader-2x.gif\" border=0 \/><\/p>\n<div class=\"pvc_clear\"><\/div>\n","protected":false},"author":3,"featured_media":0,"comment_status":"open","ping_status":"closed","sticky":false,"template":"","format":"standard","meta":{"footnotes":""},"categories":[87,5,4],"tags":[],"class_list":["post-21872","post","type-post","status-publish","format-standard","hentry","category-comunicato-stampa","category-racconti-nella-rete","category-news"],"_links":{"self":[{"href":"https:\/\/www.raccontinellarete.it\/index.php?rest_route=\/wp\/v2\/posts\/21872"}],"collection":[{"href":"https:\/\/www.raccontinellarete.it\/index.php?rest_route=\/wp\/v2\/posts"}],"about":[{"href":"https:\/\/www.raccontinellarete.it\/index.php?rest_route=\/wp\/v2\/types\/post"}],"author":[{"embeddable":true,"href":"https:\/\/www.raccontinellarete.it\/index.php?rest_route=\/wp\/v2\/users\/3"}],"replies":[{"embeddable":true,"href":"https:\/\/www.raccontinellarete.it\/index.php?rest_route=%2Fwp%2Fv2%2Fcomments&post=21872"}],"version-history":[{"count":4,"href":"https:\/\/www.raccontinellarete.it\/index.php?rest_route=\/wp\/v2\/posts\/21872\/revisions"}],"predecessor-version":[{"id":21877,"href":"https:\/\/www.raccontinellarete.it\/index.php?rest_route=\/wp\/v2\/posts\/21872\/revisions\/21877"}],"wp:attachment":[{"href":"https:\/\/www.raccontinellarete.it\/index.php?rest_route=%2Fwp%2Fv2%2Fmedia&parent=21872"}],"wp:term":[{"taxonomy":"category","embeddable":true,"href":"https:\/\/www.raccontinellarete.it\/index.php?rest_route=%2Fwp%2Fv2%2Fcategories&post=21872"},{"taxonomy":"post_tag","embeddable":true,"href":"https:\/\/www.raccontinellarete.it\/index.php?rest_route=%2Fwp%2Fv2%2Ftags&post=21872"}],"curies":[{"name":"wp","href":"https:\/\/api.w.org\/{rel}","templated":true}]}}