{"id":21703,"date":"2014-10-10T19:48:20","date_gmt":"2014-10-10T18:48:20","guid":{"rendered":"http:\/\/www.raccontinellarete.it\/?p=21703"},"modified":"2014-10-15T12:40:53","modified_gmt":"2014-10-15T11:40:53","slug":"luccautori-domenica-12-ottobre-il-gran-finale","status":"publish","type":"post","link":"https:\/\/www.raccontinellarete.it\/?p=21703","title":{"rendered":"LuccAutori &#8211; Domenica 12 ottobre il gran finale"},"content":{"rendered":"<div align=\"justify\"><strong><span style=\"font-family: Arial;\">PROGRAMMA XX FESTIVAL LUCCAUTORI\u00a0 &#8211;\u00a0 2014<\/span><\/strong><\/div>\n<div align=\"justify\"><strong><span style=\"font-family: Arial;\">Lucca,\u00a0 dal 27 settembre al 12 ottobre <\/span><\/strong><\/div>\n<div align=\"justify\"><strong><span style=\"font-family: Arial; font-size: small;\"><em>Direzione artistica Demetrio Brandi<\/em><\/span><\/strong><\/div>\n<p>&nbsp;<\/p>\n<div align=\"justify\"><\/div>\n<div align=\"justify\"><\/div>\n<div align=\"justify\"><\/div>\n<div align=\"justify\"><span style=\"font-family: Arial;\"><strong>DOMENICA 12 OTTOBRE\u00a0 Giornata conclusiva<\/strong><\/span><\/div>\n<div align=\"justify\"><\/div>\n<div align=\"justify\"><span style=\"font-family: Arial;\"><strong>Ore 16 Sala Conferenze &#8211; Villa Bottini,<\/strong> <strong>Lucca<\/strong><\/span><\/div>\n<div align=\"justify\"><\/div>\n<div align=\"justify\"><span style=\"font-family: Arial;\">\u201cIl Gran Me e il piccolo Me\u201d premiazione della rassegna di poesie ideata da Cinzia Dipace. <\/span><\/div>\n<div align=\"justify\"><span style=\"font-family: Arial;\">Un premio originale che nasce per dar voce a chi molto spesso non ce l&#8217;ha. La disabilit\u00e0 non significa &#8220;diversit\u00e0&#8221; nel sentire, anzi.\u00a0 Il titolo, che\u00a0 prende spunto dal famoso testo di Luigi Pirandello, \u00e8 dedicato a quelle persone che si trovano ai margini di una societ\u00e0 che va troppo di corsa. In alcuni casi le loro &#8220;Urla&#8221; silenziose diventano poesia. \u201cVogliamo dar modo alle persone disabili di sentirsi parte di qualcosa&#8221; &#8211; dice Cinzia &#8211;\u00a0 \u201cdi essere protagonisti con le parole\u201d. <\/span><\/div>\n<div align=\"justify\"><\/div>\n<div align=\"justify\"><span style=\"font-family: Arial;\"><strong>Ore 17.00\u00a0 Sala Conferenze &#8211; Villa Bottini<\/strong> <\/span><\/div>\n<div align=\"justify\"><\/div>\n<div align=\"justify\"><span style=\"font-family: Arial;\">Presentazione dell\u2019antologia dei vincitori del premio letterario \u201cRacconti nella Rete 2014\u201d a cura di Demetrio Brandi (Nottetempo). <\/span><\/div>\n<div align=\"justify\"><span style=\"font-family: Arial;\">Maria Elena Marchini incontra\u00a0 gli scrittori Maurizio Polimeni, Elena Barelli, Francesca Berti, Vincenzo Maria Sacco, Alice Cappagli, Lucia Delli Santi, Diego Lama, Laura Montagna, Federica Politi, Sonia Poretti, Mara Ribera, Daniele Sartini. <\/span><span style=\"font-family: Arial;\">Letture a cura di Fabio Dostuni, Mario Cenni e Antonella Lucii. Intervento musicale di Giuseppe Sanalitro.<\/span><\/div>\n<div align=\"justify\"><\/div>\n<div align=\"justify\"><span style=\"font-family: Arial;\">Intervengono il disegnatore e umorista <strong>Marco De Angelis<\/strong> autore della copertina e del manifesto di Racconti nella Rete 2014 e la giornalista del Tg2 Rai <strong>Chiara Lico<\/strong>, autrice della prefazione dell\u2019antologia del premio Racconti nella Rete.<\/span><\/div>\n<div align=\"justify\"><\/div>\n<div align=\"justify\"><span style=\"font-family: Arial;\"><strong>Ore 18 MARIACRISTINA DI GIUSEPPE\u00a0 presenta il romanzo d\u2019esordio \u201cSale di Sicilia\u201d. Con la prefazione di Neri Marcor\u00e8 (Navarra Editore).<\/strong><\/span><\/div>\n<div align=\"justify\"><\/div>\n<div align=\"justify\"><span style=\"font-family: Arial;\">Mariacristina\u00a0 Di\u00a0 Giuseppe,\u00a0 romana\u00a0 di nascita,\u00a0 sin\u00a0 dagli\u00a0 anni\u00a0 universitari frequenta\u00a0 gli\u00a0 ambienti\u00a0 della\u00a0 fotografia, della\u00a0 musica\u00a0 e\u00a0 del\u00a0 teatro.\u00a0\u00a0\u00a0 \u00c8\u00a0 autrice\u00a0 di testi\u00a0 teatrali,\u00a0 musical\u00a0 e\u00a0 canzoni.\u00a0 Ha collaborato\u00a0 ai\u00a0 pi\u00f9\u00a0 recenti\u00a0 lavori discografici di Edoardo De Angelis, quali <\/span><\/div>\n<div align=\"justify\"><span style=\"font-family: Arial;\">Historias,\u00a0 Sale\u00a0 di\u00a0 Sicilia\u00a0 \u2013\u00a0 in\u00a0 cui\u00a0 la\u00a0 sua lirica\u00a0 Spasimo\u00a0 \u00e8\u00a0 prestata\u00a0 alla\u00a0 voce\u00a0 di\u00a0 Andrea\u00a0 Camilleri\u00a0 \u2013\u00a0 e\u00a0 il\u00a0 nuovo\u00a0 Non ammazzate\u00a0 Anna.\u00a0 Collabora,\u00a0 inoltre,\u00a0 alla scrittura\u00a0 di\u00a0 testi\u00a0 di\u00a0 canzoni\u00a0 per\u00a0 Amedeo Minghi,\u00a0 Neri\u00a0 Marcor\u00e8,\u00a0 Milva,\u00a0 Antonella Ruggiero.\u00a0 Sale\u00a0 di\u00a0 Sicilia\u00a0 segna\u00a0 il\u00a0 suo esordio narrativo. Con la prefazione di Neri Marcor\u00e8, <\/span><\/div>\n<div align=\"justify\"><span style=\"font-family: Arial;\">Protagonista del romanzo \u00e8 Vittorio De Luigi, giornalista\u00a0 cinquantenne\u00a0 &#8211;\u00a0 uomo\u00a0 appassionato\u00a0 di\u00a0 vita,\u00a0 cucina\u00a0 e politica,\u00a0 ma\u00a0 intriso\u00a0 di\u00a0 malcelate\u00a0 inquietudini\u00a0 &#8211;\u00a0 che\u00a0 sar\u00e0 improvvisamente chiamato a rompere la routine della sua\u00a0 esistenza\u00a0 per\u00a0 rispondere\u00a0 alla\u00a0 richiesta\u00a0 di\u00a0 aiuto\u00a0 di\u00a0 un\u00a0 gruppo di studenti dell\u2019Universit\u00e0 di Palermo.\u00a0 Questi lo coinvolgeranno in un\u2019inchiesta legata al mondo dei trafficanti d\u2019arte che sveler\u00e0, nel mezzo di un serrato intreccio,\u00a0 una\u00a0 ben\u00a0 pi\u00f9\u00a0 intensa\u00a0 storia\u00a0 parallela,\u00a0 intima, dirompente e personale.\u00a0 <\/span><\/div>\n<div align=\"justify\"><span style=\"font-family: Arial;\">I\u00a0 luoghi\u00a0 che\u00a0 abbracciano\u00a0 questa\u00a0 parte\u00a0 di\u00a0 vita\u00a0 di\u00a0 Vittorio sono\u00a0 diversi,\u00a0 bench\u00e9\u00a0 la\u00a0 Sicilia,\u00a0 simbolo\u00a0 di\u00a0 una\u00a0 frontiera non geografica ma dell\u2019anima, sia\u00a0 la\u00a0 vera\u00a0 protagonista. Parigi, un villaggio vicino a Marsiglia, Roma, assumono veste di paesaggi urbani e umani che diventano medicina in grado di\u00a0 guarire\u00a0 il protagonista\u00a0 dalla sua insofferenza senza nome.\u00a0 La\u00a0 galleria\u00a0 di\u00a0 personaggi\u00a0 \u00e8\u00a0 nutrita:\u00a0 i\u00a0 colleghi\u00a0 della <\/span><\/div>\n<div align=\"justify\"><span style=\"font-family: Arial;\">redazione\u00a0 romana,\u00a0 la\u00a0 compagna\u00a0 Laura,\u00a0 gli\u00a0 studenti d\u2019Architettura,\u00a0 il\u00a0 Capitano\u00a0 del\u00a0 nucleo\u00a0 TPC\u00a0 &#8211;\u00a0 Tutela Patrimonio\u00a0 Artistico\u00a0 e\u00a0 Culturale\u00a0 di\u00a0 Palermo\u00a0 D\u2019Ambrosi, il parigino Philippe Renard,\u00a0 il professore e critico d\u2019arte Omero Ungaro, l\u2019antica amica Anna. Ciascuno gli offrir\u00e0 <\/span><\/div>\n<div align=\"justify\"><span style=\"font-family: Arial;\">una particolare chiave di lettura del vivere. Quando\u00a0 gli\u00a0 enigmi\u00a0 si\u00a0 scioglieranno,\u00a0 ognuno\u00a0 torner\u00e0\u00a0 alla propria vita portando con s\u00e9 nuova linfa e, soprattutto, un nuovo equilibrio. <\/span><\/div>\n<div align=\"justify\"><span style=\"font-family: Arial;\">Conduce Maria Elena Marchini. <\/span><\/div>\n<div align=\"justify\"><\/div>\n<div align=\"justify\"><\/div>\n<div align=\"justify\"><span style=\"font-family: Arial;\"><strong>Ore 18.30 Sala Conferenze &#8211; Villa Bottini<\/strong> <\/span><\/div>\n<div align=\"justify\"><\/div>\n<div align=\"justify\"><span style=\"font-family: Arial;\"><strong>Incontro con EDOARDO DE ANGELIS che presenta il nuovo album\u00a0 \u201cNon ammazzate Anna\u201d, appassionato omaggio alle donne e contro la violenza.<\/strong>\u00a0 <\/span><\/div>\n<div align=\"justify\"><\/div>\n<div align=\"justify\"><span style=\"font-family: Arial;\">Edoardo De Angelis, storico cantautore da molti identificato per la sua canzone <strong>Lella<\/strong>, che racconta, appunto, di un episodio di violenza sulla donna (sia pure storia di assoluta fantasia, ispirata agli ambienti letterari di Pasolini e Gadda), ha deciso, cos\u00ec, di abbandonare per il momento il suo brano pi\u00f9 conosciuto e di impegnare la sua attivit\u00e0 alla diffusione di un messaggio interamente dedicato alla figura ideale della donna attraverso una serie di canzoni ispirate all\u2019universo femminile e alle sue caratteristiche di sensibilit\u00e0, intelligenza, forza morale, coraggio, comprensione, altruismo, generosit\u00e0, onest\u00e0 intellettuale. \u201cE\u2019 difficile e doloroso prendere atto del grande, crescente numero di episodi di violenza sulla donna, che la cronaca, purtroppo, quotidianamente ci propone \u2013 ha spiegato in pi\u00f9 occasioni Edoardo De Angelis &#8211; difficile e doloroso, ma anche necessario e doveroso. Che fare, per porre rimedio a questa tragica, spaventosa deriva sociale, figlia di questo tempo <\/span><span style=\"font-family: Arial;\">cos\u00ec ingrato e duro da interpretare? Certo, la risposta \u00e8 nelle mani dei politici, dei legislatori, degli uomini di legge. Ma anche nelle nostre mani: ognuno di noi, nell\u2019ambito del proprio lavoro, del proprio ambiente, pu\u00f2, anzi deve, fornire una testimonianza, una voce, un esempio. Un esempio senza dubbio importante possono offrirlo il mondo della cultura, dell\u2019arte, e quelli della musica e dello spettacolo, che dispongono di un mezzo di comunicazione rapidissimo, trasversale e assai ascoltato a ogni livello.\u201d <\/span><\/div>\n<div align=\"justify\"><\/div>\n<div align=\"justify\"><\/div>\n<div align=\"justify\">\n<p><strong>Contrariamente a quanto gi\u00e0 annunciato non ci sar\u00e0 la presentazione del libro \u201cLa quarta buona ragione per vivere\u201d (Bur) con Walter Veltroni.\u00a0 Per un improvviso impegno improrogabile\u201d, Walter Veltroni non potr\u00e0 essere presente all\u2019incontro conclusivo di LuccAutori.\u00a0 Nello scusarsi con gli organizzatori e con i lettori, Veltroni \u00e8 costretto a rimandare l\u2019appuntamento lucchese ad una nuova data.<\/strong><\/p>\n<\/div>\n<div align=\"justify\">\u00a0<a href=\"https:\/\/www.raccontinellarete.it\/?attachment_id=21223\" rel=\"attachment wp-att-21223\"><img loading=\"lazy\" decoding=\"async\" class=\"alignleft size-medium wp-image-21223\" src=\"https:\/\/www.raccontinellarete.it\/301\/wp-content\/uploads\/2014\/07\/Copertina-Racconti-nella-Rete-2014-174x250.jpg\" alt=\"Copertina Racconti nella Rete 2014\" width=\"174\" height=\"250\" srcset=\"https:\/\/www.raccontinellarete.it\/301\/wp-content\/uploads\/2014\/07\/Copertina-Racconti-nella-Rete-2014-174x250.jpg 174w, https:\/\/www.raccontinellarete.it\/301\/wp-content\/uploads\/2014\/07\/Copertina-Racconti-nella-Rete-2014-713x1024.jpg 713w, https:\/\/www.raccontinellarete.it\/301\/wp-content\/uploads\/2014\/07\/Copertina-Racconti-nella-Rete-2014-900x1291.jpg 900w, https:\/\/www.raccontinellarete.it\/301\/wp-content\/uploads\/2014\/07\/Copertina-Racconti-nella-Rete-2014.jpg 1651w\" sizes=\"(max-width: 174px) 100vw, 174px\" \/><\/a><\/div>\n<div class=\"pvc_clear\"><\/div>\n<p id=\"pvc_stats_21703\" class=\"pvc_stats all  \" data-element-id=\"21703\" style=\"\"><i class=\"pvc-stats-icon medium\" aria-hidden=\"true\"><svg aria-hidden=\"true\" focusable=\"false\" data-prefix=\"far\" data-icon=\"chart-bar\" role=\"img\" xmlns=\"http:\/\/www.w3.org\/2000\/svg\" viewBox=\"0 0 512 512\" class=\"svg-inline--fa fa-chart-bar fa-w-16 fa-2x\"><path fill=\"currentColor\" d=\"M396.8 352h22.4c6.4 0 12.8-6.4 12.8-12.8V108.8c0-6.4-6.4-12.8-12.8-12.8h-22.4c-6.4 0-12.8 6.4-12.8 12.8v230.4c0 6.4 6.4 12.8 12.8 12.8zm-192 0h22.4c6.4 0 12.8-6.4 12.8-12.8V140.8c0-6.4-6.4-12.8-12.8-12.8h-22.4c-6.4 0-12.8 6.4-12.8 12.8v198.4c0 6.4 6.4 12.8 12.8 12.8zm96 0h22.4c6.4 0 12.8-6.4 12.8-12.8V204.8c0-6.4-6.4-12.8-12.8-12.8h-22.4c-6.4 0-12.8 6.4-12.8 12.8v134.4c0 6.4 6.4 12.8 12.8 12.8zM496 400H48V80c0-8.84-7.16-16-16-16H16C7.16 64 0 71.16 0 80v336c0 17.67 14.33 32 32 32h464c8.84 0 16-7.16 16-16v-16c0-8.84-7.16-16-16-16zm-387.2-48h22.4c6.4 0 12.8-6.4 12.8-12.8v-70.4c0-6.4-6.4-12.8-12.8-12.8h-22.4c-6.4 0-12.8 6.4-12.8 12.8v70.4c0 6.4 6.4 12.8 12.8 12.8z\" class=\"\"><\/path><\/svg><\/i> <img loading=\"lazy\" decoding=\"async\" width=\"16\" height=\"16\" alt=\"Loading\" src=\"https:\/\/www.raccontinellarete.it\/301\/wp-content\/plugins\/page-views-count\/ajax-loader-2x.gif\" border=0 \/><\/p>\n<div class=\"pvc_clear\"><\/div>\n","protected":false},"excerpt":{"rendered":"<p>PROGRAMMA XX FESTIVAL LUCCAUTORI\u00a0 &#8211;\u00a0 2014 Lucca,\u00a0 dal 27 settembre al 12 ottobre Direzione artistica Demetrio Brandi &nbsp; DOMENICA 12 OTTOBRE\u00a0 Giornata conclusiva Ore 16 Sala Conferenze &#8211; Villa Bottini, Lucca \u201cIl Gran Me e il piccolo Me\u201d premiazione della rassegna di poesie ideata da Cinzia Dipace. Un premio originale che nasce per dar voce [&hellip;]<\/p>\n<div class=\"pvc_clear\"><\/div>\n<p id=\"pvc_stats_21703\" class=\"pvc_stats all  \" data-element-id=\"21703\" style=\"\"><i class=\"pvc-stats-icon medium\" aria-hidden=\"true\"><svg aria-hidden=\"true\" focusable=\"false\" data-prefix=\"far\" data-icon=\"chart-bar\" role=\"img\" xmlns=\"http:\/\/www.w3.org\/2000\/svg\" viewBox=\"0 0 512 512\" class=\"svg-inline--fa fa-chart-bar fa-w-16 fa-2x\"><path fill=\"currentColor\" d=\"M396.8 352h22.4c6.4 0 12.8-6.4 12.8-12.8V108.8c0-6.4-6.4-12.8-12.8-12.8h-22.4c-6.4 0-12.8 6.4-12.8 12.8v230.4c0 6.4 6.4 12.8 12.8 12.8zm-192 0h22.4c6.4 0 12.8-6.4 12.8-12.8V140.8c0-6.4-6.4-12.8-12.8-12.8h-22.4c-6.4 0-12.8 6.4-12.8 12.8v198.4c0 6.4 6.4 12.8 12.8 12.8zm96 0h22.4c6.4 0 12.8-6.4 12.8-12.8V204.8c0-6.4-6.4-12.8-12.8-12.8h-22.4c-6.4 0-12.8 6.4-12.8 12.8v134.4c0 6.4 6.4 12.8 12.8 12.8zM496 400H48V80c0-8.84-7.16-16-16-16H16C7.16 64 0 71.16 0 80v336c0 17.67 14.33 32 32 32h464c8.84 0 16-7.16 16-16v-16c0-8.84-7.16-16-16-16zm-387.2-48h22.4c6.4 0 12.8-6.4 12.8-12.8v-70.4c0-6.4-6.4-12.8-12.8-12.8h-22.4c-6.4 0-12.8 6.4-12.8 12.8v70.4c0 6.4 6.4 12.8 12.8 12.8z\" class=\"\"><\/path><\/svg><\/i> <img loading=\"lazy\" decoding=\"async\" width=\"16\" height=\"16\" alt=\"Loading\" src=\"https:\/\/www.raccontinellarete.it\/301\/wp-content\/plugins\/page-views-count\/ajax-loader-2x.gif\" border=0 \/><\/p>\n<div class=\"pvc_clear\"><\/div>\n","protected":false},"author":3,"featured_media":21727,"comment_status":"open","ping_status":"closed","sticky":false,"template":"","format":"standard","meta":{"footnotes":""},"categories":[87,5,4],"tags":[],"class_list":["post-21703","post","type-post","status-publish","format-standard","has-post-thumbnail","hentry","category-comunicato-stampa","category-racconti-nella-rete","category-news"],"_links":{"self":[{"href":"https:\/\/www.raccontinellarete.it\/index.php?rest_route=\/wp\/v2\/posts\/21703"}],"collection":[{"href":"https:\/\/www.raccontinellarete.it\/index.php?rest_route=\/wp\/v2\/posts"}],"about":[{"href":"https:\/\/www.raccontinellarete.it\/index.php?rest_route=\/wp\/v2\/types\/post"}],"author":[{"embeddable":true,"href":"https:\/\/www.raccontinellarete.it\/index.php?rest_route=\/wp\/v2\/users\/3"}],"replies":[{"embeddable":true,"href":"https:\/\/www.raccontinellarete.it\/index.php?rest_route=%2Fwp%2Fv2%2Fcomments&post=21703"}],"version-history":[{"count":5,"href":"https:\/\/www.raccontinellarete.it\/index.php?rest_route=\/wp\/v2\/posts\/21703\/revisions"}],"predecessor-version":[{"id":21728,"href":"https:\/\/www.raccontinellarete.it\/index.php?rest_route=\/wp\/v2\/posts\/21703\/revisions\/21728"}],"wp:featuredmedia":[{"embeddable":true,"href":"https:\/\/www.raccontinellarete.it\/index.php?rest_route=\/wp\/v2\/media\/21727"}],"wp:attachment":[{"href":"https:\/\/www.raccontinellarete.it\/index.php?rest_route=%2Fwp%2Fv2%2Fmedia&parent=21703"}],"wp:term":[{"taxonomy":"category","embeddable":true,"href":"https:\/\/www.raccontinellarete.it\/index.php?rest_route=%2Fwp%2Fv2%2Fcategories&post=21703"},{"taxonomy":"post_tag","embeddable":true,"href":"https:\/\/www.raccontinellarete.it\/index.php?rest_route=%2Fwp%2Fv2%2Ftags&post=21703"}],"curies":[{"name":"wp","href":"https:\/\/api.w.org\/{rel}","templated":true}]}}