{"id":21700,"date":"2014-10-10T19:39:50","date_gmt":"2014-10-10T18:39:50","guid":{"rendered":"http:\/\/www.raccontinellarete.it\/?p=21700"},"modified":"2014-10-10T19:39:50","modified_gmt":"2014-10-10T18:39:50","slug":"luccautori-programma-di-sabato-11-ottobre","status":"publish","type":"post","link":"https:\/\/www.raccontinellarete.it\/?p=21700","title":{"rendered":"LuccAutori &#8211; Programma di sabato 11 ottobre"},"content":{"rendered":"<p><strong>PROGRAMMA XX FESTIVAL LUCCAUTORI &#8211; \u00a0 2014<\/strong><\/p>\n<p><strong>Lucca, \u00a0 dal 27 settembre al 12 ottobre <\/strong><\/p>\n<p><em>Direzione artistica Demetrio Brandi<\/em><\/p>\n<p>&nbsp;<\/p>\n<p><strong>SABATO 11 OTTOBRE \u00a0 <\/strong><\/p>\n<p><strong>Ore 10 \u00a0 Sala Conferenze Villa Bottini<\/strong><\/p>\n<p>\u201cOccasioni Tobiniane\u201d \u201d, in collaborazione con Fondazione Mario Tobino<\/p>\n<p>Incontro con lo scrittore<strong> ERALDO AFFINATI. <\/strong> Parler\u00e0 del suo ultimo libro \u201d<strong>Vita Di Vita<\/strong>\u201d (Mondadori). Partecipano gli studenti della Scuola media Carducci di Lucca.<\/p>\n<p>Due uomini e un ragazzo si stagliano contro l&#8217;orizzonte in un infuocato tramonto africano. Una catena di speranza e coraggio li ha condotti fin l\u00ec. Forza consumata senza risparmio. Vita di vita. Khaliq, nato in Sierra Leone, \u00e8 sopravvissuto a esperienze estreme. Cresciuto alla Citt\u00e0 dei Ragazzi, storica comunit\u00e0 educativa dove insegna Eraldo Affinati, adesso lavora in un bar. \u201cSa fare i migliori cappuccini di Roma. E succhi di frutta fresca da ricordarseli. Andate a trovarlo prima che sia tardi: non ve ne pentirete. Uno come lui non sta mai fermo per troppo tempo in uno stesso posto. Il pianeta Terra \u00e8 la sua casa.\u201d.<\/p>\n<p>&nbsp;<\/p>\n<p><strong>Ore 16,30 \u2013 <\/strong>Sala Conferenze Villa Bottini<\/p>\n<p>LuccAutori presenta in anteprima nazionale il cortometraggio \u201c<strong>Palline di pane<\/strong>\u201d dello sceneggiatore bolognese <strong>Matteo Agamennone<\/strong> vincitore della sezione &#8220;Racconti per Corti 2014\u201d. Prodotto da LuccAutori e Scuola di Cinema Immagina di Firenze. Con <strong>Gianfrancesco Spina<\/strong>. Regia di <strong>Giuseppe Ferlito<\/strong>. Saranno presenti l\u2019autore e gli attori protagonisti.<\/p>\n<p><strong>Ore 17.00 <\/strong>\u2013 Sala Conferenze Villa Bottini<\/p>\n<p><strong>Presentazione dell\u2019antologia dei vincitori del premio letterario \u201cRacconti nella Rete <\/strong><strong>2014<\/strong>\u201d <strong>a cura di Demetrio Brandi<\/strong> (Nottetempo).<\/p>\n<p>Maria Elena Marchini incontra gli scrittori Raffaele Balsano, Arturo Belluardo, Edoardo Brosio, Luca D\u2019Andria, Cinzia Della Ciana, Luigi De Rosa, Laura Fortugno, Enrico Losso, Liliana Murru, Marco Bugliosi, Marco Sacchetti, Carmen Verde.<\/p>\n<p>Letture a cura di Paola Bugo, Francesca Costantini, Lella De Marchi e Elisabetta Ghiselli.<\/p>\n<p>Intervento musicale di Giuseppe Sanalitro.<\/p>\n<p><strong>Ore 18.00 <\/strong>\u2013 Sala Conferenze Villa Bottini<\/p>\n<p><strong>PIERO GAFFURI<\/strong> presenta \u201cKorallo\u201d (Editori Internazionali Riuniti)<\/p>\n<p>Si ispira alla tragedia dei desaparecidos in Argentina il nuovo romanzo di Piero Gaffuri. Al centro della narrazione il dramma personale di Giulio Weber, professore di liceo in un piccolo paese tra le montagne dell&#8217;Appennino centrale, che nasconde il doloroso segreto di un amore perduto, Olga, scomparsa per sempre in un&#8217;alba di un&#8217;estate argentina, come decine di migliaia di suoi giovani connazionali. Un romanzo intenso che parla di un&#8217;assenza quasi incomunicabile, di segni perduti e dolorosamente ritrovati.<\/p>\n<p><strong>ore 18.30\u00a0 <\/strong>Sala Conferenze &#8211; Villa Bottini Lucca<\/p>\n<p><strong>LuccAutori assegna uno speciale premio alla carriera <\/strong>al giornalista e scrittore <strong>VINCENZO MOLLICA. <\/strong>Autore di celebri interviste ai pi\u00f9 grandi personaggi del mondo della musica, del cinema e della televisione \u00e8 anche un disegnatore e grande esperto di fumetti. Alcuni anni fa il settimanale \u201cTopolino\u201d ha dato vita ad un personaggio ispirato a Mollica ovvero <em>\u201cVincenzo Paperica\u201d. <\/em><\/p>\n<p>Con la partecipazione di <strong>SERGIO STAINO<\/strong>, fumettista disegnatore e regista italiano. Interviene il fotografo d\u2019arte <strong>STEFANO GIRALDI<\/strong>. Il premio LuccAutori \u00e8 stato realizzato dallo scultore <strong>MICHELE CANOVA<\/strong>.<a href=\"https:\/\/www.raccontinellarete.it\/?attachment_id=21701\" rel=\"attachment wp-att-21701\"><img loading=\"lazy\" decoding=\"async\" class=\"alignleft size-medium wp-image-21701\" src=\"https:\/\/www.raccontinellarete.it\/301\/wp-content\/uploads\/2014\/10\/IMAG2770-344x205.jpg\" alt=\"IMAG2770\" width=\"344\" height=\"205\" srcset=\"https:\/\/www.raccontinellarete.it\/301\/wp-content\/uploads\/2014\/10\/IMAG2770-344x205.jpg 344w, https:\/\/www.raccontinellarete.it\/301\/wp-content\/uploads\/2014\/10\/IMAG2770-1024x612.jpg 1024w, https:\/\/www.raccontinellarete.it\/301\/wp-content\/uploads\/2014\/10\/IMAG2770-900x538.jpg 900w\" sizes=\"(max-width: 344px) 100vw, 344px\" \/><\/a><\/p>\n<div class=\"pvc_clear\"><\/div>\n<p id=\"pvc_stats_21700\" class=\"pvc_stats all  \" data-element-id=\"21700\" style=\"\"><i class=\"pvc-stats-icon medium\" aria-hidden=\"true\"><svg aria-hidden=\"true\" focusable=\"false\" data-prefix=\"far\" data-icon=\"chart-bar\" role=\"img\" xmlns=\"http:\/\/www.w3.org\/2000\/svg\" viewBox=\"0 0 512 512\" class=\"svg-inline--fa fa-chart-bar fa-w-16 fa-2x\"><path fill=\"currentColor\" d=\"M396.8 352h22.4c6.4 0 12.8-6.4 12.8-12.8V108.8c0-6.4-6.4-12.8-12.8-12.8h-22.4c-6.4 0-12.8 6.4-12.8 12.8v230.4c0 6.4 6.4 12.8 12.8 12.8zm-192 0h22.4c6.4 0 12.8-6.4 12.8-12.8V140.8c0-6.4-6.4-12.8-12.8-12.8h-22.4c-6.4 0-12.8 6.4-12.8 12.8v198.4c0 6.4 6.4 12.8 12.8 12.8zm96 0h22.4c6.4 0 12.8-6.4 12.8-12.8V204.8c0-6.4-6.4-12.8-12.8-12.8h-22.4c-6.4 0-12.8 6.4-12.8 12.8v134.4c0 6.4 6.4 12.8 12.8 12.8zM496 400H48V80c0-8.84-7.16-16-16-16H16C7.16 64 0 71.16 0 80v336c0 17.67 14.33 32 32 32h464c8.84 0 16-7.16 16-16v-16c0-8.84-7.16-16-16-16zm-387.2-48h22.4c6.4 0 12.8-6.4 12.8-12.8v-70.4c0-6.4-6.4-12.8-12.8-12.8h-22.4c-6.4 0-12.8 6.4-12.8 12.8v70.4c0 6.4 6.4 12.8 12.8 12.8z\" class=\"\"><\/path><\/svg><\/i> <img loading=\"lazy\" decoding=\"async\" width=\"16\" height=\"16\" alt=\"Loading\" src=\"https:\/\/www.raccontinellarete.it\/301\/wp-content\/plugins\/page-views-count\/ajax-loader-2x.gif\" border=0 \/><\/p>\n<div class=\"pvc_clear\"><\/div>\n","protected":false},"excerpt":{"rendered":"<p>PROGRAMMA XX FESTIVAL LUCCAUTORI &#8211; \u00a0 2014 Lucca, \u00a0 dal 27 settembre al 12 ottobre Direzione artistica Demetrio Brandi &nbsp; SABATO 11 OTTOBRE \u00a0 Ore 10 \u00a0 Sala Conferenze Villa Bottini \u201cOccasioni Tobiniane\u201d \u201d, in collaborazione con Fondazione Mario Tobino Incontro con lo scrittore ERALDO AFFINATI. Parler\u00e0 del suo ultimo libro \u201dVita Di Vita\u201d (Mondadori). [&hellip;]<\/p>\n<div class=\"pvc_clear\"><\/div>\n<p id=\"pvc_stats_21700\" class=\"pvc_stats all  \" data-element-id=\"21700\" style=\"\"><i class=\"pvc-stats-icon medium\" aria-hidden=\"true\"><svg aria-hidden=\"true\" focusable=\"false\" data-prefix=\"far\" data-icon=\"chart-bar\" role=\"img\" xmlns=\"http:\/\/www.w3.org\/2000\/svg\" viewBox=\"0 0 512 512\" class=\"svg-inline--fa fa-chart-bar fa-w-16 fa-2x\"><path fill=\"currentColor\" d=\"M396.8 352h22.4c6.4 0 12.8-6.4 12.8-12.8V108.8c0-6.4-6.4-12.8-12.8-12.8h-22.4c-6.4 0-12.8 6.4-12.8 12.8v230.4c0 6.4 6.4 12.8 12.8 12.8zm-192 0h22.4c6.4 0 12.8-6.4 12.8-12.8V140.8c0-6.4-6.4-12.8-12.8-12.8h-22.4c-6.4 0-12.8 6.4-12.8 12.8v198.4c0 6.4 6.4 12.8 12.8 12.8zm96 0h22.4c6.4 0 12.8-6.4 12.8-12.8V204.8c0-6.4-6.4-12.8-12.8-12.8h-22.4c-6.4 0-12.8 6.4-12.8 12.8v134.4c0 6.4 6.4 12.8 12.8 12.8zM496 400H48V80c0-8.84-7.16-16-16-16H16C7.16 64 0 71.16 0 80v336c0 17.67 14.33 32 32 32h464c8.84 0 16-7.16 16-16v-16c0-8.84-7.16-16-16-16zm-387.2-48h22.4c6.4 0 12.8-6.4 12.8-12.8v-70.4c0-6.4-6.4-12.8-12.8-12.8h-22.4c-6.4 0-12.8 6.4-12.8 12.8v70.4c0 6.4 6.4 12.8 12.8 12.8z\" class=\"\"><\/path><\/svg><\/i> <img loading=\"lazy\" decoding=\"async\" width=\"16\" height=\"16\" alt=\"Loading\" src=\"https:\/\/www.raccontinellarete.it\/301\/wp-content\/plugins\/page-views-count\/ajax-loader-2x.gif\" border=0 \/><\/p>\n<div class=\"pvc_clear\"><\/div>\n","protected":false},"author":3,"featured_media":21701,"comment_status":"open","ping_status":"closed","sticky":false,"template":"","format":"standard","meta":{"footnotes":""},"categories":[87,5,4],"tags":[],"class_list":["post-21700","post","type-post","status-publish","format-standard","has-post-thumbnail","hentry","category-comunicato-stampa","category-racconti-nella-rete","category-news"],"_links":{"self":[{"href":"https:\/\/www.raccontinellarete.it\/index.php?rest_route=\/wp\/v2\/posts\/21700"}],"collection":[{"href":"https:\/\/www.raccontinellarete.it\/index.php?rest_route=\/wp\/v2\/posts"}],"about":[{"href":"https:\/\/www.raccontinellarete.it\/index.php?rest_route=\/wp\/v2\/types\/post"}],"author":[{"embeddable":true,"href":"https:\/\/www.raccontinellarete.it\/index.php?rest_route=\/wp\/v2\/users\/3"}],"replies":[{"embeddable":true,"href":"https:\/\/www.raccontinellarete.it\/index.php?rest_route=%2Fwp%2Fv2%2Fcomments&post=21700"}],"version-history":[{"count":1,"href":"https:\/\/www.raccontinellarete.it\/index.php?rest_route=\/wp\/v2\/posts\/21700\/revisions"}],"predecessor-version":[{"id":21702,"href":"https:\/\/www.raccontinellarete.it\/index.php?rest_route=\/wp\/v2\/posts\/21700\/revisions\/21702"}],"wp:featuredmedia":[{"embeddable":true,"href":"https:\/\/www.raccontinellarete.it\/index.php?rest_route=\/wp\/v2\/media\/21701"}],"wp:attachment":[{"href":"https:\/\/www.raccontinellarete.it\/index.php?rest_route=%2Fwp%2Fv2%2Fmedia&parent=21700"}],"wp:term":[{"taxonomy":"category","embeddable":true,"href":"https:\/\/www.raccontinellarete.it\/index.php?rest_route=%2Fwp%2Fv2%2Fcategories&post=21700"},{"taxonomy":"post_tag","embeddable":true,"href":"https:\/\/www.raccontinellarete.it\/index.php?rest_route=%2Fwp%2Fv2%2Ftags&post=21700"}],"curies":[{"name":"wp","href":"https:\/\/api.w.org\/{rel}","templated":true}]}}