{"id":21673,"date":"2014-10-02T19:43:05","date_gmt":"2014-10-02T18:43:05","guid":{"rendered":"http:\/\/www.raccontinellarete.it\/?p=21673"},"modified":"2014-10-02T19:43:05","modified_gmt":"2014-10-02T18:43:05","slug":"racconti-a-colori-al-via-la-mostra-a-villa-bottini","status":"publish","type":"post","link":"https:\/\/www.raccontinellarete.it\/?p=21673","title":{"rendered":"Racconti a colori, al via la Mostra a Villa Bottini"},"content":{"rendered":"<p style=\"text-align: justify;\"><a href=\"https:\/\/www.raccontinellarete.it\/?attachment_id=21674\" rel=\"attachment wp-att-21674\"><img loading=\"lazy\" decoding=\"async\" class=\"alignleft size-medium wp-image-21674\" src=\"https:\/\/www.raccontinellarete.it\/301\/wp-content\/uploads\/2014\/10\/logo-racconti-nella-rete-249x250.jpg\" alt=\"logo racconti nella rete\" width=\"249\" height=\"250\" srcset=\"https:\/\/www.raccontinellarete.it\/301\/wp-content\/uploads\/2014\/10\/logo-racconti-nella-rete-249x250.jpg 249w, https:\/\/www.raccontinellarete.it\/301\/wp-content\/uploads\/2014\/10\/logo-racconti-nella-rete-1024x1024.jpg 1024w, https:\/\/www.raccontinellarete.it\/301\/wp-content\/uploads\/2014\/10\/logo-racconti-nella-rete-144x144.jpg 144w, https:\/\/www.raccontinellarete.it\/301\/wp-content\/uploads\/2014\/10\/logo-racconti-nella-rete-900x900.jpg 900w, https:\/\/www.raccontinellarete.it\/301\/wp-content\/uploads\/2014\/10\/logo-racconti-nella-rete.jpg 1902w\" sizes=\"(max-width: 249px) 100vw, 249px\" \/><\/a> <a href=\"https:\/\/www.raccontinellarete.it\/?attachment_id=21675\" rel=\"attachment wp-att-21675\"><img loading=\"lazy\" decoding=\"async\" class=\"alignleft size-medium wp-image-21675\" src=\"https:\/\/www.raccontinellarete.it\/301\/wp-content\/uploads\/2014\/10\/safety-heart-RNR-215x250.jpeg\" alt=\"safety heart RNR\" width=\"215\" height=\"250\" \/><br \/>\n<\/a><\/p>\n<p style=\"text-align: justify;\">SABATO\u00a0 4 OTTOBRE\u00a0 alle ore 17.00 a Villa Bottini avr\u00e0 luogo l\u2019inaugurazione della Mostra \u201c<strong>Racconti a Colori<\/strong>\u201d con la partecipazione degli studenti del <strong>Liceo Artistico Passaglia.<\/strong> Venticinque studenti hanno realizzato altrettanti disegni ispirandosi ai racconti vincitori della tredicesima edizione del premio letterario <strong>Racconti nella Rete<\/strong>.<\/p>\n<p style=\"text-align: justify;\">Si tratta di una bella opportunit\u00e0 per gli artisti in erba che frequentano il liceo lucchese. Durante i mesi estivi gli studenti hanno avuto modo di leggere i testi premiati da Racconti nella Rete ed ognuno ha dato la sua particolare interpretazione del tema portante del racconto che gli \u00e8 stato assegnato. Questi i nomi degli studenti\/artisti: <strong>Erika Ghelardini, Noela Lotti, Claudia Corso, Margherita Tofanelli, Flavia Della Nina, Sophia Breschi, Miriam Testi, Elisa Matteoli, Serena Salotti, Claudia Vignale, Giulia Bernacchi, Lorenzo Benedetti, Sara Mattei, Rebecca Lauritano, Radu Stefan Tanasa, Gurgone Camilla, Carla Vandenberg, Ioana Avieritei, Micol Azzi, Noela Lotti, Alice Tropapi, Serena Leto, Ilenia Biato, Angelo Balanesi.\u00a0 <\/strong><\/p>\n<p style=\"text-align: justify;\">Alla\u00a0 inaugurazione intervengono il presidente di <strong>LuccAutori<\/strong> Demetrio Brandi, il disegnatore e umorista<strong> Lido Contemori, <\/strong>il fotografo d\u2019arte<strong> Stefano Giraldi, <\/strong>il pittore<strong> Riccardo Ghiribelli <\/strong>e la professoressa<strong> Morena Moncini <\/strong>per il Liceo Passaglia.\u00a0 A tutti sar\u00e0 consegnato un attestato di partecipazione mentre la giuria formata da Contemori, Giraldi e Ghiribelli assegner\u00e0 un riconoscimento al disegno pi\u00f9 originale. A consegnarlo sar\u00e0 <strong>Carmen Pieretti <\/strong>di<strong> Icp<\/strong> industria cartaria Pieretti.<\/p>\n<p style=\"text-align: justify;\">In occasione della Mostra sar\u00e0 esposta la scultura in bronzo <strong>\u201cSafety Heart Armour\u201d<\/strong> di <strong>ALESSANDRO REGGIOLI<\/strong>.<\/p>\n<p style=\"text-align: justify;\"><em>Apertura <\/em><em>in occasione degli incontri letterari di venerdi 10 ottobre (dalle 10 alle 13), sabato 11 ottobre (dalle 10 alle 13 e dalle 15 alle 19.30) e domenica 12 ottobre (15 \u2013 19.30).<\/em><\/p>\n<p>&nbsp;<\/p>\n<div class=\"pvc_clear\"><\/div>\n<p id=\"pvc_stats_21673\" class=\"pvc_stats all  \" data-element-id=\"21673\" style=\"\"><i class=\"pvc-stats-icon medium\" aria-hidden=\"true\"><svg aria-hidden=\"true\" focusable=\"false\" data-prefix=\"far\" data-icon=\"chart-bar\" role=\"img\" xmlns=\"http:\/\/www.w3.org\/2000\/svg\" viewBox=\"0 0 512 512\" class=\"svg-inline--fa fa-chart-bar fa-w-16 fa-2x\"><path fill=\"currentColor\" d=\"M396.8 352h22.4c6.4 0 12.8-6.4 12.8-12.8V108.8c0-6.4-6.4-12.8-12.8-12.8h-22.4c-6.4 0-12.8 6.4-12.8 12.8v230.4c0 6.4 6.4 12.8 12.8 12.8zm-192 0h22.4c6.4 0 12.8-6.4 12.8-12.8V140.8c0-6.4-6.4-12.8-12.8-12.8h-22.4c-6.4 0-12.8 6.4-12.8 12.8v198.4c0 6.4 6.4 12.8 12.8 12.8zm96 0h22.4c6.4 0 12.8-6.4 12.8-12.8V204.8c0-6.4-6.4-12.8-12.8-12.8h-22.4c-6.4 0-12.8 6.4-12.8 12.8v134.4c0 6.4 6.4 12.8 12.8 12.8zM496 400H48V80c0-8.84-7.16-16-16-16H16C7.16 64 0 71.16 0 80v336c0 17.67 14.33 32 32 32h464c8.84 0 16-7.16 16-16v-16c0-8.84-7.16-16-16-16zm-387.2-48h22.4c6.4 0 12.8-6.4 12.8-12.8v-70.4c0-6.4-6.4-12.8-12.8-12.8h-22.4c-6.4 0-12.8 6.4-12.8 12.8v70.4c0 6.4 6.4 12.8 12.8 12.8z\" class=\"\"><\/path><\/svg><\/i> <img loading=\"lazy\" decoding=\"async\" width=\"16\" height=\"16\" alt=\"Loading\" src=\"https:\/\/www.raccontinellarete.it\/301\/wp-content\/plugins\/page-views-count\/ajax-loader-2x.gif\" border=0 \/><\/p>\n<div class=\"pvc_clear\"><\/div>\n","protected":false},"excerpt":{"rendered":"<p>SABATO\u00a0 4 OTTOBRE\u00a0 alle ore 17.00 a Villa Bottini avr\u00e0 luogo l\u2019inaugurazione della Mostra \u201cRacconti a Colori\u201d con la partecipazione degli studenti del Liceo Artistico Passaglia. Venticinque studenti hanno realizzato altrettanti disegni ispirandosi ai racconti vincitori della tredicesima edizione del premio letterario Racconti nella Rete. Si tratta di una bella opportunit\u00e0 per gli artisti in [&hellip;]<\/p>\n<div class=\"pvc_clear\"><\/div>\n<p id=\"pvc_stats_21673\" class=\"pvc_stats all  \" data-element-id=\"21673\" style=\"\"><i class=\"pvc-stats-icon medium\" aria-hidden=\"true\"><svg aria-hidden=\"true\" focusable=\"false\" data-prefix=\"far\" data-icon=\"chart-bar\" role=\"img\" xmlns=\"http:\/\/www.w3.org\/2000\/svg\" viewBox=\"0 0 512 512\" class=\"svg-inline--fa fa-chart-bar fa-w-16 fa-2x\"><path fill=\"currentColor\" d=\"M396.8 352h22.4c6.4 0 12.8-6.4 12.8-12.8V108.8c0-6.4-6.4-12.8-12.8-12.8h-22.4c-6.4 0-12.8 6.4-12.8 12.8v230.4c0 6.4 6.4 12.8 12.8 12.8zm-192 0h22.4c6.4 0 12.8-6.4 12.8-12.8V140.8c0-6.4-6.4-12.8-12.8-12.8h-22.4c-6.4 0-12.8 6.4-12.8 12.8v198.4c0 6.4 6.4 12.8 12.8 12.8zm96 0h22.4c6.4 0 12.8-6.4 12.8-12.8V204.8c0-6.4-6.4-12.8-12.8-12.8h-22.4c-6.4 0-12.8 6.4-12.8 12.8v134.4c0 6.4 6.4 12.8 12.8 12.8zM496 400H48V80c0-8.84-7.16-16-16-16H16C7.16 64 0 71.16 0 80v336c0 17.67 14.33 32 32 32h464c8.84 0 16-7.16 16-16v-16c0-8.84-7.16-16-16-16zm-387.2-48h22.4c6.4 0 12.8-6.4 12.8-12.8v-70.4c0-6.4-6.4-12.8-12.8-12.8h-22.4c-6.4 0-12.8 6.4-12.8 12.8v70.4c0 6.4 6.4 12.8 12.8 12.8z\" class=\"\"><\/path><\/svg><\/i> <img loading=\"lazy\" decoding=\"async\" width=\"16\" height=\"16\" alt=\"Loading\" src=\"https:\/\/www.raccontinellarete.it\/301\/wp-content\/plugins\/page-views-count\/ajax-loader-2x.gif\" border=0 \/><\/p>\n<div class=\"pvc_clear\"><\/div>\n","protected":false},"author":3,"featured_media":0,"comment_status":"open","ping_status":"closed","sticky":false,"template":"","format":"standard","meta":{"footnotes":""},"categories":[87,5,4],"tags":[],"class_list":["post-21673","post","type-post","status-publish","format-standard","hentry","category-comunicato-stampa","category-racconti-nella-rete","category-news"],"_links":{"self":[{"href":"https:\/\/www.raccontinellarete.it\/index.php?rest_route=\/wp\/v2\/posts\/21673"}],"collection":[{"href":"https:\/\/www.raccontinellarete.it\/index.php?rest_route=\/wp\/v2\/posts"}],"about":[{"href":"https:\/\/www.raccontinellarete.it\/index.php?rest_route=\/wp\/v2\/types\/post"}],"author":[{"embeddable":true,"href":"https:\/\/www.raccontinellarete.it\/index.php?rest_route=\/wp\/v2\/users\/3"}],"replies":[{"embeddable":true,"href":"https:\/\/www.raccontinellarete.it\/index.php?rest_route=%2Fwp%2Fv2%2Fcomments&post=21673"}],"version-history":[{"count":1,"href":"https:\/\/www.raccontinellarete.it\/index.php?rest_route=\/wp\/v2\/posts\/21673\/revisions"}],"predecessor-version":[{"id":21676,"href":"https:\/\/www.raccontinellarete.it\/index.php?rest_route=\/wp\/v2\/posts\/21673\/revisions\/21676"}],"wp:attachment":[{"href":"https:\/\/www.raccontinellarete.it\/index.php?rest_route=%2Fwp%2Fv2%2Fmedia&parent=21673"}],"wp:term":[{"taxonomy":"category","embeddable":true,"href":"https:\/\/www.raccontinellarete.it\/index.php?rest_route=%2Fwp%2Fv2%2Fcategories&post=21673"},{"taxonomy":"post_tag","embeddable":true,"href":"https:\/\/www.raccontinellarete.it\/index.php?rest_route=%2Fwp%2Fv2%2Ftags&post=21673"}],"curies":[{"name":"wp","href":"https:\/\/api.w.org\/{rel}","templated":true}]}}