{"id":21659,"date":"2014-09-30T17:56:38","date_gmt":"2014-09-30T16:56:38","guid":{"rendered":"http:\/\/www.raccontinellarete.it\/?p=21659"},"modified":"2014-09-30T18:54:30","modified_gmt":"2014-09-30T17:54:30","slug":"tutto-il-programma-di-luccautori-2014","status":"publish","type":"post","link":"https:\/\/www.raccontinellarete.it\/?p=21659","title":{"rendered":"Tutto il programma di LUCCAUTORI 2014"},"content":{"rendered":"<p style=\"text-align: justify;\"><a href=\"https:\/\/www.raccontinellarete.it\/?attachment_id=21594\" rel=\"attachment wp-att-21594\"><img loading=\"lazy\" decoding=\"async\" class=\"alignleft size-medium wp-image-21594\" src=\"https:\/\/www.raccontinellarete.it\/301\/wp-content\/uploads\/2014\/09\/manifesto-luccautori-2014-174x250.jpg\" alt=\"manifesto luccautori 2014\" width=\"174\" height=\"250\" srcset=\"https:\/\/www.raccontinellarete.it\/301\/wp-content\/uploads\/2014\/09\/manifesto-luccautori-2014-174x250.jpg 174w, https:\/\/www.raccontinellarete.it\/301\/wp-content\/uploads\/2014\/09\/manifesto-luccautori-2014-716x1024.jpg 716w, https:\/\/www.raccontinellarete.it\/301\/wp-content\/uploads\/2014\/09\/manifesto-luccautori-2014-900x1286.jpg 900w, https:\/\/www.raccontinellarete.it\/301\/wp-content\/uploads\/2014\/09\/manifesto-luccautori-2014.jpg 1984w\" sizes=\"(max-width: 174px) 100vw, 174px\" \/><\/a><\/p>\n<p style=\"text-align: justify;\"><strong>PROGRAMMA XX FESTIVAL LUCCAUTORI &#8211;\u00a0 2014<\/strong><\/p>\n<p style=\"text-align: justify;\"><strong>Lucca, dal 27 settembre al 12 ottobre <\/strong><\/p>\n<p style=\"text-align: justify;\"><em>Direzione artistica Demetrio Brandi<\/em><\/p>\n<p style=\"text-align: justify;\">Con il sostegno del Comune di Lucca. Con il patrocinio della Regione Toscana, Provincia di Lucca, Roma Capitale, Fondazione Mario Tobino, Rai.tv, Premio Acqui Storia, Rotary Club Lucca, Fondazione Banca del Monte di Lucca, Biblioteche di Roma.<\/p>\n<p style=\"text-align: justify;\"><strong>SABATO 27 SETTEMBRE <\/strong><\/p>\n<p style=\"text-align: justify;\"><strong>Ore 10.00<\/strong>\u00a0 Liceo Artistico Passaglia &#8211; via Fillungo, Lucca<\/p>\n<p style=\"text-align: justify;\">Incontro con il poeta <strong>ENNIO CAVALLI<\/strong>. Presentazione del libro \u201cLa cosa poetica\u201d \u2013 Le avventure di un detective dell\u2019imprevisto (Archinto).<\/p>\n<p style=\"text-align: justify;\">&#8220;La cosa poetica precede la poesia, indispensabile antefatto. \u00c8 terra terra, nella maggior parte dei casi. Ma con un peso specifico dieci volte superiore al terriccio comune. Al suo interno c&#8217;\u00e8 un nucleo prezioso, un brillantino, un luccichio che non tutti siamo in grado di distinguere. Mentre con un po&#8217; di allenamento e di arditezza, tutti ci potremmo riuscire. Questa educazione alla poesia \u00e8 il primo gradino, stretching dello spirito\u201d.<\/p>\n<p style=\"text-align: justify;\"><strong>\u201cRacconti a colori\u201d venticinque artisti per venticinque racconti <\/strong><\/p>\n<p style=\"text-align: justify;\"><strong>SABATO 4 OTTOBRE \u00a0alle ore 17 a VILLA BOTTINI <\/strong>\u00a0vengono esposti venticinque disegni originali ispirati ai venticinque racconti vincitori del Premio letterario \u201cRacconti nella Rete\u201d 2014, realizzati dagli studenti del <strong>Liceo Artistico \u201cPassaglia\u201d di Lucca<\/strong>. Ogni studente utilizza la propria tecnica ed il proprio stile interpretando un racconto tra i 25 vincitori del Premio Letterario Racconti nella Rete 2014. Le opere saranno esposte fino al 12 ottobre. Sar\u00e0 realizzato un catalogo della mostra.<\/p>\n<p style=\"text-align: justify;\">La giuria composta dal disegnatore satirico Lido Contemori, dal fotografo d\u2019arte Stefano Giraldi e\u00a0dal pittore Riccardo Ghiribelli, decreter\u00e0 un vincitore assoluto e consegner\u00e0 degli attestati agli studenti\/artisti. Il premio sar\u00e0 consegnato da Carmen Pieretti per Icp.<\/p>\n<p style=\"text-align: justify;\">In occasione della Mostra sar\u00e0 esposta la scultura in bronzo <strong>\u201cSafety Heart Armour\u201d<\/strong> di <strong>ALESSANDRO REGGIOLI<\/strong>.\u00a0 Ingresso libero in occasione degli incontri letterari.<\/p>\n<p style=\"text-align: justify;\"><strong>GIOVEDI 9 OTTOBRE\u00a0 <\/strong><\/p>\n<p style=\"text-align: justify;\"><strong>Ore 19.00<\/strong>\u00a0 Palazzo Bernardini &#8211; Lucca<\/p>\n<p style=\"text-align: justify;\">Incontro con <strong>LUCIANO MECACCI<\/strong> autore de \u201cLa Ghirlanda fiorentina e la morte di Giovanni Gentile\u201d (Adelphi). Con la collaborazione del Rotary Club Lucca e del Premio Acqui Storia. Intervengono Demetrio Brandi, presidente di LuccAutori, Ugo Fava, Presidente Rotary Lucca, Carlo Sburlati, responsabile esecutivo del Premio Acqui Storia. Conduce Mario Bernardi Guardi.<\/p>\n<p style=\"text-align: justify;\">Chi uccise Giovanni Gentile, chi furono i mandanti e perch\u00e9 fu ucciso? Non sono tre domande di un ingiallito thriller politico ma ruotano intorno a un evento simbolico cruciale per la storia intellettuale e civile d&#8217;Italia. Su quelle tre domande si fonda la ricerca di Luciano Mecacci. Si tratta di un accurato affresco storico e civile, umano e culturale del clima che precedette, accompagn\u00f2 e segu\u00ec l&#8217;assassinio di Gentile.<\/p>\n<p style=\"text-align: justify;\">Il libro ha vinto il <em>Premio Viareggio R\u00e8paci<\/em> sezione saggistica ed il <em>Premio Acqui Storia<\/em> sezione scientifica.<\/p>\n<p style=\"text-align: justify;\"><strong>VENERDI 10 OTTOBRE\u00a0\u00a0 <\/strong><\/p>\n<p style=\"text-align: justify;\"><strong>Ore 10<\/strong> Sala Conferenze Villa Bottini<\/p>\n<p style=\"text-align: justify;\">\u201cOccasioni Tobiniane\u201d, in collaborazione con Fondazione Mario Tobino<\/p>\n<p style=\"text-align: justify;\">Incontro con lo scrittore <strong>PAOLO DI PAOLO<\/strong> sul tema \u201cRaccontare una storia\u201d.<\/p>\n<p style=\"text-align: justify;\">Partecipano gli studenti delle scuole superiori di Lucca.<\/p>\n<p style=\"text-align: justify;\">Come si racconta un&#8217;esistenza? Con quali strumenti si ricostruisce una biografia? Il lavoro del narratore, quello del saggista e quello del biografo puro si integrano, si completano &#8211; tutti in corsa verso una meta impossibile: il restauro di una vita inabissata.<\/p>\n<p style=\"text-align: justify;\"><strong>Paolo Di Paolo<\/strong> \u00e8 autore dei romanzi\u00a0<em>Dove eravate tutti<\/em>\u00a0(2011, Premio Mondello e Premio Vittorini) e\u00a0<em>Mandami tanta vita<\/em>\u00a0(2013, finalista Premio Strega). Di Indro Montanelli ha curato per Rizzoli\u00a0<em>La mia eredit\u00e0 sono io. Pagine da un secolo\u00a0<\/em>(2008),\u00a0<em>Nella mia lunga e tormentata esistenza. Lettere da una vita<\/em>\u00a0(2012) e\u00a0<em>Tutte le speranze. Montanelli raccontato da chi non c\u2019era<\/em> (2014).<\/p>\n<p style=\"text-align: justify;\"><strong>SABATO 11 OTTOBRE <\/strong><\/p>\n<p style=\"text-align: justify;\"><strong>Ore 10<\/strong>\u00a0 Sala Conferenze Villa Bottini<\/p>\n<p style=\"text-align: justify;\">\u201cOccasioni Tobiniane\u201d \u201d, in collaborazione con Fondazione Mario Tobino<\/p>\n<p style=\"text-align: justify;\">Incontro con lo scrittore<strong> ERALDO AFFINATI. <\/strong> Parler\u00e0 del suo ultimo libro \u201d<strong>Vita Di Vita<\/strong>\u201d (Mondadori). Partecipano gli studenti della Scuola media Carducci di Lucca.<\/p>\n<p style=\"text-align: justify;\">Due uomini e un ragazzo si stagliano contro l&#8217;orizzonte in un infuocato tramonto africano. Una catena di speranza e coraggio li ha condotti fin l\u00ec. Forza consumata senza risparmio. Vita di vita. Khaliq, nato in Sierra Leone, \u00e8 sopravvissuto a esperienze estreme. Cresciuto alla Citt\u00e0 dei Ragazzi, storica comunit\u00e0 educativa dove insegna Eraldo Affinati, adesso lavora in un bar. \u201cSa fare i migliori cappuccini di Roma. E succhi di frutta fresca da ricordarseli. Andate a trovarlo prima che sia tardi: non ve ne pentirete. Uno come lui non sta mai fermo per troppo tempo in uno stesso posto. Il pianeta Terra \u00e8 la sua casa.\u201d.<\/p>\n<p style=\"text-align: justify;\"><strong>SABATO 11 OTTOBRE <\/strong><\/p>\n<p style=\"text-align: justify;\"><strong>Ore 16,30 <\/strong>&#8211; Villa Bottini<\/p>\n<p style=\"text-align: justify;\">LuccAutori presenta in anteprima nazionale il cortometraggio \u201c<strong>PALLINE DI PANE<\/strong>\u201d dello sceneggiatore bolognese <strong>MATTEO AGAMENNONE <\/strong>vincitore\u00a0 della sezione &#8220;Racconti per Corti 2014\u201d. Prodotto da LuccAutori e Scuola di Cinema Immagina di Firenze. Con <strong>GIANFRANCESCO SPINA<\/strong>. Regia di <strong>GIUSEPPE FERLITO<\/strong>.\u00a0 Aiuto regista<strong> MATTEO MASCOTTO\u00a0 <\/strong>Samuele<strong>\u00a0 GIANFRANCESCO SPINA <\/strong>Madre<strong> CARLOTTA MARUCELLI\u00a0 <\/strong>Medico \u00a0pediatra<strong> JACOPO SFORZI <\/strong>Psicologo<strong> FRANCESCO VANNI\u00a0 <\/strong>Padre<strong> DOMENICO DI LORENZO <\/strong>Preside<strong> LISA GHILARDUCCI.<\/strong><strong>\u00a0<\/strong><\/p>\n<p>Segretaria di produzione <strong>Sabrina Brocchini<\/strong>. Foto di scena <strong>Rinaldo Serra <\/strong>e<strong> Franca Polizzano.<\/strong><\/p>\n<p>Si ringrazia per la collaborazione<\/p>\n<p><strong>Giacomo Bini\u00a0\u00a0 Simona Bottiglioni<\/strong><\/p>\n<p><strong>Lara Pizza <em>Assessore alle Politiche Educative del Comune di Capannori<\/em><\/strong><\/p>\n<p><strong>Istituto Comprensivo \u201cCarlo Piaggia\u201d di Capannori<\/strong><\/p>\n<p><strong>La preside Tina Centoni, la vice preside Gabriella Salvoni, gli insegnanti Mariagioia Balbi, Piera Giomi, Silvia Morabito, Maria Letizia, Fabio Lucchesi, Enza Cosentino, la collaboratrice scolastica Serena Capecchi. <\/strong><strong>Le famiglie ed i bambini delle classi 2^ A &#8211; B &#8211; C.<\/strong><\/p>\n<p><strong>Il dott. Frediano Michelotti\u00a0\u00a0 Gastronomia Marfisa\u00a0 Pasticceria Pier Luigi Pracchia<\/strong><\/p>\n<p style=\"text-align: justify;\"><strong>\u00a0<\/strong><\/p>\n<p style=\"text-align: justify;\"><strong>Ore 17.00 <\/strong>\u2013 Sala Conferenze Villa Bottini<\/p>\n<p style=\"text-align: justify;\"><strong>Presentazione dell\u2019antologia dei vincitori del premio letterario \u201cRacconti nella Rete 2014\u201da cura di Demetrio Brandi<\/strong> (Nottetempo).<\/p>\n<p style=\"text-align: justify;\">Maria Elena Marchini incontra gli scrittori Raffaele Balsano, Arturo Belluardo, Edoardo Brosio, Luca D\u2019Andria, Cinzia Della Ciana, Luigi De Rosa, \u00a0Laura Fortugno, Enrico Losso, Liliana Murru, Marco Bugliosi, Marco Sacchetti, Carmen Verde.<\/p>\n<p style=\"text-align: justify;\">Letture a cura di Paola Bugo, Francesca Costantini, Lella De Marchi e Elisabetta Ghiselli.<\/p>\n<p style=\"text-align: justify;\">Intervento musicale di Giuseppe Sanalitro.<\/p>\n<p style=\"text-align: justify;\"><strong>Ore 18.00 <\/strong>\u2013 Sala Conferenze Villa Bottini<\/p>\n<p style=\"text-align: justify;\"><strong>PIERO GAFFURI<\/strong>\u00a0 presenta \u201cKorallo\u201d (Editori Internazionali Riuniti)<\/p>\n<p style=\"text-align: justify;\">Si ispira alla tragedia dei desaparecidos in Argentina il nuovo romanzo di Piero Gaffuri. Al centro della narrazione il dramma personale di Giulio Weber, professore di liceo in un piccolo paese tra le montagne dell&#8217;Appennino centrale, che nasconde il doloroso segreto di un amore perduto, Olga, scomparsa per sempre in un&#8217;alba di un&#8217;estate argentina, come decine di migliaia di suoi giovani connazionali. Un romanzo intenso che parla di un&#8217;assenza quasi incomunicabile, di segni perduti e dolorosamente ritrovati.<\/p>\n<p style=\"text-align: justify;\"><strong>\u00a0<\/strong><\/p>\n<p style=\"text-align: justify;\"><strong>Ore 18.30 <\/strong>Sala Conferenze &#8211; Villa Bottini<\/p>\n<p style=\"text-align: justify;\"><strong>LuccAutori assegna uno speciale premio alla carriera <\/strong>al giornalista e scrittore <strong>VINCENZO MOLLICA. <\/strong>Autore di celebri interviste ai pi\u00f9 grandi personaggi del mondo della musica, del cinema e della televisione \u00e8 anche un disegnatore e grande esperto di fumetti. Alcuni anni fa il settimanale \u201cTopolino\u201d ha dato vita ad un personaggio ispirato a Mollica ovvero <em>\u201cVincenzo Paperica\u201d. <\/em><\/p>\n<p style=\"text-align: justify;\">Con la partecipazione di <strong>SERGIO STAINO<\/strong>, fumettista disegnatore e regista italiano. Interviene \u00a0il fotografo d\u2019arte <strong>STEFANO GIRALDI<\/strong>. Il premio LuccAutori \u00e8 stato realizzato dallo scultore <strong>MICHELE CANOVA<\/strong>.<\/p>\n<p style=\"text-align: justify;\"><strong>\u00a0<\/strong><\/p>\n<p style=\"text-align: justify;\"><strong>DOMENICA 12 OTTOBRE <\/strong><\/p>\n<p style=\"text-align: justify;\"><strong>Ore 16<\/strong> Sala Conferenze &#8211; Villa Bottini<\/p>\n<p style=\"text-align: justify;\">\u00a0\u201c<strong>Il Gran Me e il piccolo Me\u201d<\/strong> premiazione della rassegna di poesie ideata da <strong>Cinzia Dipace<\/strong>.<\/p>\n<p style=\"text-align: justify;\">Un premio originale che nasce per dar voce a chi molto spesso non ce l&#8217;ha. La disabilit\u00e0 non significa &#8220;diversit\u00e0&#8221; nel sentire, anzi.\u00a0 Il titolo, che\u00a0 prende spunto dal famoso testo di Luigi Pirandello, \u00e8\u00a0dedicato a quelle persone che si trovano ai margini di una societ\u00e0 che va troppo di corsa. In alcuni casi le loro &#8220;Urla&#8221; silenziose diventano poesia. \u201cVogliamo dar modo alle persone disabili di sentirsi parte di <em>qualcosa&#8221;<\/em> &#8211; dice Cinzia &#8211;\u00a0 \u201cdi essere protagonisti con le parole\u201d.<\/p>\n<p style=\"text-align: justify;\"><strong>Ore 17.00<\/strong>\u00a0 Sala Conferenze &#8211; Villa Bottini<\/p>\n<p style=\"text-align: justify;\"><strong>Presentazione dell\u2019antologia dei vincitori del premio letterario \u201cRacconti nella Rete 2014\u201d a cura di Demetrio Brandi <\/strong>(Nottetempo).<\/p>\n<p style=\"text-align: justify;\">Maria Elena Marchini incontra gli scrittori Maurizio Polimeni, Elena Barelli, Francesca Berti, Vincenzo Maria Sacco, Alice Cappagli, Lucia Delli Santi, Nicoletta Fazio, Diego Lama, Laura Montagna, Federica Politi, Sonia Poretti, Mara Ribera, Daniele Sartini.<\/p>\n<p style=\"text-align: justify;\">Letture a cura di Fabio Dostuni, Mario Cenni e Antonella Lucii. In collaborazione con<\/p>\n<p style=\"text-align: justify;\">FI.TA. Federazione Italiana Teatro Amatoriale. Intervento musicale di Giuseppe Sanalitro.<\/p>\n<p style=\"text-align: justify;\"><strong>\u00a0<\/strong><\/p>\n<p style=\"text-align: justify;\"><strong>Ore 18.00 <\/strong>Sala Conferenze &#8211; Villa Bottini<\/p>\n<p style=\"text-align: justify;\">Incontro con<strong> EDOARDO DE ANGELIS <\/strong>che presenta il nuovo album<strong>\u00a0 \u201cNon ammazzate Anna\u201d, <\/strong>appassionato omaggio alle donne e contro la violenza.<\/p>\n<p style=\"text-align: justify;\"><strong>MARIACRISTINA DI GIUSEPPE <\/strong>presentail romanzod\u2019esordio<strong> \u201cSale di Sicilia\u201d. <\/strong>Con la prefazione diNeri Marcor\u00e8(Navarra Editore).<\/p>\n<p style=\"text-align: justify;\"><strong>Ore 18.30<\/strong> Sala Conferenze &#8211; Villa Bottini<\/p>\n<p style=\"text-align: justify;\">Incontro con <strong>WALTER VELTRONI<\/strong> \u201cLa quarta buona ragione per vivere\u201d, 101 film che fanno bene all\u2019anima \u00a0(BUR Rizzoli)<\/p>\n<p style=\"text-align: justify;\">La storia del cinema \u00e8 un susseguirsi di scene, personaggi e dialoghi che sono entrati a far parte dell\u2019immaginario di intere generazioni, e in questo volume Walter Veltroni, da sempre appassionato di cinema, parte dal \u201cmomento meraviglioso in cui in sala si fa buio totale\u201d per accompagnarci in un viaggio personale e affettivo tra centouno dei film pi\u00f9 belli di sempre: muovendosi tra grandi classici e pellicole da riscoprire, Veltroni ricorda passaggi e protagonisti indimenticabili capaci di risvegliare sogni e fantasie di padri e figli e ci mostra perch\u00e9 \u201cil cinema \u00e8 la quarta buona ragione per vivere.\u201d<\/p>\n<p style=\"text-align: justify;\"><strong>\u00a0<\/strong><\/p>\n<p style=\"text-align: justify;\"><strong>\u00a0<\/strong><\/p>\n<p style=\"text-align: justify;\"><strong>Conduce Maria Elena Marchini. Tutti gli incontri sono ad ingresso libero.<\/strong><\/p>\n<p style=\"text-align: justify;\">La copertina di \u201cRacconti nella Rete 2014\u201d \u00e8 stata realizzata dal disegnatore e umorista <strong>Marco De Angelis<\/strong>. Per la prefazione dell\u2019antologia si ringrazia la giornalista e scrittrice<strong> Chiara Lico<\/strong>.<\/p>\n<p style=\"text-align: justify;\">Nel corso del festival una troupe di Rai Parlamento realizzer\u00e0 lo speciale <em>Spazio Libero<\/em> con le interviste ai protagonisti di LuccAutori,<\/p>\n<p style=\"text-align: justify;\">Le riprese video di\u00a0\u00a0 \u201cLuccAutori 2014\u201d sono di Luca Martinelli e Roberto Tommasi. Foto di Rinaldo Serra e Franca Polizzano.<\/p>\n<p style=\"text-align: justify;\">Demetrio Brandi\u00a0\u00a0 &#8211; presidente dell\u2019associazione culturale LuccAutori\u00a0 e fondatore del Premio Racconti nella Rete\u00ae &#8211; ringrazia la giuria tecnica della XIII edizione del Premioletterario Racconti nella Rete\u00ae composta da Ennio Cavalli, Chiara Lico, Dario Fertilio, Edoardo De Angelis, Anna De Castiglione, Maria Elena Marchini, Gaudia Sciacca, Liliana Bilello, Fabio Ranucci, Vittorio Castelnuovo, Mario Bernardi Guardi, Luisa Chiumenti, Beatrice Raveggi, Elena Bonini. I collaboratori Sabrina Brocchini, Rinaldo Serra, Mauro Giraffi, Riccardo Antongiovanni, Nicla Lari, Ilaria Ferrero.<\/p>\n<p style=\"text-align: justify;\">Un particolare ringraziamento a Luca Crocetti, webmaster del sito www.raccontinellarete.it.<\/p>\n<p style=\"text-align: justify;\">Per il programma dettagliato di <em>LuccAutori<\/em> e per avere informazioni sull\u2019edizione 2015 del <em>Premio Racconti nella Rete <\/em>consultare il sito www.raccontinellarete.it\u00a0\u00a0 info@raccontinellarete.it\u00a0\u00a0\u00a0 tel.0584961169.<\/p>\n<div class=\"pvc_clear\"><\/div>\n<p id=\"pvc_stats_21659\" class=\"pvc_stats all  \" data-element-id=\"21659\" style=\"\"><i class=\"pvc-stats-icon medium\" aria-hidden=\"true\"><svg aria-hidden=\"true\" focusable=\"false\" data-prefix=\"far\" data-icon=\"chart-bar\" role=\"img\" xmlns=\"http:\/\/www.w3.org\/2000\/svg\" viewBox=\"0 0 512 512\" class=\"svg-inline--fa fa-chart-bar fa-w-16 fa-2x\"><path fill=\"currentColor\" d=\"M396.8 352h22.4c6.4 0 12.8-6.4 12.8-12.8V108.8c0-6.4-6.4-12.8-12.8-12.8h-22.4c-6.4 0-12.8 6.4-12.8 12.8v230.4c0 6.4 6.4 12.8 12.8 12.8zm-192 0h22.4c6.4 0 12.8-6.4 12.8-12.8V140.8c0-6.4-6.4-12.8-12.8-12.8h-22.4c-6.4 0-12.8 6.4-12.8 12.8v198.4c0 6.4 6.4 12.8 12.8 12.8zm96 0h22.4c6.4 0 12.8-6.4 12.8-12.8V204.8c0-6.4-6.4-12.8-12.8-12.8h-22.4c-6.4 0-12.8 6.4-12.8 12.8v134.4c0 6.4 6.4 12.8 12.8 12.8zM496 400H48V80c0-8.84-7.16-16-16-16H16C7.16 64 0 71.16 0 80v336c0 17.67 14.33 32 32 32h464c8.84 0 16-7.16 16-16v-16c0-8.84-7.16-16-16-16zm-387.2-48h22.4c6.4 0 12.8-6.4 12.8-12.8v-70.4c0-6.4-6.4-12.8-12.8-12.8h-22.4c-6.4 0-12.8 6.4-12.8 12.8v70.4c0 6.4 6.4 12.8 12.8 12.8z\" class=\"\"><\/path><\/svg><\/i> <img loading=\"lazy\" decoding=\"async\" width=\"16\" height=\"16\" alt=\"Loading\" src=\"https:\/\/www.raccontinellarete.it\/301\/wp-content\/plugins\/page-views-count\/ajax-loader-2x.gif\" border=0 \/><\/p>\n<div class=\"pvc_clear\"><\/div>\n","protected":false},"excerpt":{"rendered":"<p>PROGRAMMA XX FESTIVAL LUCCAUTORI &#8211;\u00a0 2014 Lucca, dal 27 settembre al 12 ottobre Direzione artistica Demetrio Brandi Con il sostegno del Comune di Lucca. Con il patrocinio della Regione Toscana, Provincia di Lucca, Roma Capitale, Fondazione Mario Tobino, Rai.tv, Premio Acqui Storia, Rotary Club Lucca, Fondazione Banca del Monte di Lucca, Biblioteche di Roma. SABATO [&hellip;]<\/p>\n<div class=\"pvc_clear\"><\/div>\n<p id=\"pvc_stats_21659\" class=\"pvc_stats all  \" data-element-id=\"21659\" style=\"\"><i class=\"pvc-stats-icon medium\" aria-hidden=\"true\"><svg aria-hidden=\"true\" focusable=\"false\" data-prefix=\"far\" data-icon=\"chart-bar\" role=\"img\" xmlns=\"http:\/\/www.w3.org\/2000\/svg\" viewBox=\"0 0 512 512\" class=\"svg-inline--fa fa-chart-bar fa-w-16 fa-2x\"><path fill=\"currentColor\" d=\"M396.8 352h22.4c6.4 0 12.8-6.4 12.8-12.8V108.8c0-6.4-6.4-12.8-12.8-12.8h-22.4c-6.4 0-12.8 6.4-12.8 12.8v230.4c0 6.4 6.4 12.8 12.8 12.8zm-192 0h22.4c6.4 0 12.8-6.4 12.8-12.8V140.8c0-6.4-6.4-12.8-12.8-12.8h-22.4c-6.4 0-12.8 6.4-12.8 12.8v198.4c0 6.4 6.4 12.8 12.8 12.8zm96 0h22.4c6.4 0 12.8-6.4 12.8-12.8V204.8c0-6.4-6.4-12.8-12.8-12.8h-22.4c-6.4 0-12.8 6.4-12.8 12.8v134.4c0 6.4 6.4 12.8 12.8 12.8zM496 400H48V80c0-8.84-7.16-16-16-16H16C7.16 64 0 71.16 0 80v336c0 17.67 14.33 32 32 32h464c8.84 0 16-7.16 16-16v-16c0-8.84-7.16-16-16-16zm-387.2-48h22.4c6.4 0 12.8-6.4 12.8-12.8v-70.4c0-6.4-6.4-12.8-12.8-12.8h-22.4c-6.4 0-12.8 6.4-12.8 12.8v70.4c0 6.4 6.4 12.8 12.8 12.8z\" class=\"\"><\/path><\/svg><\/i> <img loading=\"lazy\" decoding=\"async\" width=\"16\" height=\"16\" alt=\"Loading\" src=\"https:\/\/www.raccontinellarete.it\/301\/wp-content\/plugins\/page-views-count\/ajax-loader-2x.gif\" border=0 \/><\/p>\n<div class=\"pvc_clear\"><\/div>\n","protected":false},"author":3,"featured_media":21661,"comment_status":"open","ping_status":"closed","sticky":false,"template":"","format":"standard","meta":{"footnotes":""},"categories":[87,5,4],"tags":[],"class_list":["post-21659","post","type-post","status-publish","format-standard","has-post-thumbnail","hentry","category-comunicato-stampa","category-racconti-nella-rete","category-news"],"_links":{"self":[{"href":"https:\/\/www.raccontinellarete.it\/index.php?rest_route=\/wp\/v2\/posts\/21659"}],"collection":[{"href":"https:\/\/www.raccontinellarete.it\/index.php?rest_route=\/wp\/v2\/posts"}],"about":[{"href":"https:\/\/www.raccontinellarete.it\/index.php?rest_route=\/wp\/v2\/types\/post"}],"author":[{"embeddable":true,"href":"https:\/\/www.raccontinellarete.it\/index.php?rest_route=\/wp\/v2\/users\/3"}],"replies":[{"embeddable":true,"href":"https:\/\/www.raccontinellarete.it\/index.php?rest_route=%2Fwp%2Fv2%2Fcomments&post=21659"}],"version-history":[{"count":6,"href":"https:\/\/www.raccontinellarete.it\/index.php?rest_route=\/wp\/v2\/posts\/21659\/revisions"}],"predecessor-version":[{"id":21669,"href":"https:\/\/www.raccontinellarete.it\/index.php?rest_route=\/wp\/v2\/posts\/21659\/revisions\/21669"}],"wp:featuredmedia":[{"embeddable":true,"href":"https:\/\/www.raccontinellarete.it\/index.php?rest_route=\/wp\/v2\/media\/21661"}],"wp:attachment":[{"href":"https:\/\/www.raccontinellarete.it\/index.php?rest_route=%2Fwp%2Fv2%2Fmedia&parent=21659"}],"wp:term":[{"taxonomy":"category","embeddable":true,"href":"https:\/\/www.raccontinellarete.it\/index.php?rest_route=%2Fwp%2Fv2%2Fcategories&post=21659"},{"taxonomy":"post_tag","embeddable":true,"href":"https:\/\/www.raccontinellarete.it\/index.php?rest_route=%2Fwp%2Fv2%2Ftags&post=21659"}],"curies":[{"name":"wp","href":"https:\/\/api.w.org\/{rel}","templated":true}]}}