{"id":21593,"date":"2014-09-18T17:30:46","date_gmt":"2014-09-18T16:30:46","guid":{"rendered":"http:\/\/www.raccontinellarete.it\/?p=21593"},"modified":"2014-09-18T19:07:11","modified_gmt":"2014-09-18T18:07:11","slug":"dal-27-settembre-la-xx-edizione-di-luccautori-le-riprese-del-corto-sabato-27-lincontro-con-ennio-cavalli","status":"publish","type":"post","link":"https:\/\/www.raccontinellarete.it\/?p=21593","title":{"rendered":"Dal 27 settembre la XX edizione di LuccAutori. Le riprese del corto. L&#8217;incontro con il poeta Ennio Cavalli"},"content":{"rendered":"<p style=\"text-align: justify;\"><a href=\"https:\/\/www.raccontinellarete.it\/?attachment_id=21594\" rel=\"attachment wp-att-21594\"><img loading=\"lazy\" decoding=\"async\" class=\"alignleft size-medium wp-image-21594\" src=\"https:\/\/www.raccontinellarete.it\/301\/wp-content\/uploads\/2014\/09\/manifesto-luccautori-2014-174x250.jpg\" alt=\"manifesto luccautori 2014\" width=\"174\" height=\"250\" srcset=\"https:\/\/www.raccontinellarete.it\/301\/wp-content\/uploads\/2014\/09\/manifesto-luccautori-2014-174x250.jpg 174w, https:\/\/www.raccontinellarete.it\/301\/wp-content\/uploads\/2014\/09\/manifesto-luccautori-2014-716x1024.jpg 716w, https:\/\/www.raccontinellarete.it\/301\/wp-content\/uploads\/2014\/09\/manifesto-luccautori-2014-900x1286.jpg 900w, https:\/\/www.raccontinellarete.it\/301\/wp-content\/uploads\/2014\/09\/manifesto-luccautori-2014.jpg 1984w\" sizes=\"(max-width: 174px) 100vw, 174px\" \/><\/a><\/p>\n<p style=\"text-align: justify;\">Sabato 20 settembre tra Lucca e Capannori sono in programma le riprese del cortometraggio <strong>\u201cPalline di pane\u201d <\/strong>dell\u2019autore bolognese<strong> Matteo Agamennon<\/strong>e, vincitore della sezione \u201cCorti\u201d del Premio Letterario Racconti nella Rete 2014.<\/p>\n<p style=\"text-align: justify;\">Il cortometraggio, prodotto da <strong>LuccAutori<\/strong> e <strong>Scuola di Cinema Immagina<\/strong> \u00e8 diretto da <strong>Giuseppe Ferlito<\/strong>. \u00a0La proiezione in anteprima assoluta avr\u00e0 luogo sabato 11 ottobre alle 16.30 presso Villa Bottini di Lucca in occasione della XX edizione di LuccAutori &#8211; Premio Racconti nella Rete. Il protagonista del cortometraggio \u00e8 il giovanissimo\u00a0 attore calabrese <strong>Gianfrancesco Spina<\/strong> (nella foto). <strong>Matteo Agamennone<\/strong>, trentenne, vive a\u00a0 Bologna.\u00a0\u00a0Ha maturato un fortissimo interesse per il cinema fin da piccolo.\u00a0&#8221; Allora non capivo esattamente che direzione volessi prendere&#8221; dice Matteo &#8211; \u00a0&#8220;e ho iniziato ad allestire spettacoli con i burattini, poi a essere protagonista in prima persona sul palcoscenico e solo pi\u00f9 tardi ho compreso che la scrittura, la creazione, l&#8217;idea che tutto fa partire era ci\u00f2 di cui mi volevo occupare pi\u00f9 di tutto e da allora non ho pi\u00f9 smesso di scrivere e creare&#8230;&#8221;. \u00a0Agamennone \u00e8 il quinto vincitore di questa speciale sezione di Racconti nella Rete. In precedenza sono stati realizzati i cortometraggi tratti dai soggetti di Giuseppe Sanalitro, Alessandro Russo, Roberto Ricci e Delia Mazzocchi.<\/p>\n<p style=\"text-align: justify;\">A partire da sabato 27 settembre la citt\u00e0 di Lucca accoglier\u00e0 i vincitori della tredicesima edizione di Racconti nella Rete e tanti ospiti del mondo letterario inseriti nella XX edizione del festival LuccAutori.\u00a0 Il programma verr\u00e0 presentato ufficialmente il 30 settembre anche se ci sar\u00e0 un&#8217;importante anteprima con il poeta <strong>ENNIO CAVALLI<\/strong> in programma sabato 27 settembre alle 10 al Liceo artistico Passaglia di Lucca.\u00a0 Cavalli presenta\u00a0 &#8220;La cosa poetica&#8221; &#8211; Le avventure di un detective dell&#8217;imprevisto (Archinto). L&#8217;incontro, condotto dal presidente di LuccAutori Demetrio Brandi, \u00e8 aperto al pubblico e vedr\u00e0 la partecipazione degli studenti del liceo.<\/p>\n<p>\u00a0\u00a0<a href=\"https:\/\/www.raccontinellarete.it\/?attachment_id=21596\" rel=\"attachment wp-att-21596\"><img loading=\"lazy\" decoding=\"async\" class=\"alignleft size-medium wp-image-21596\" src=\"https:\/\/www.raccontinellarete.it\/301\/wp-content\/uploads\/2014\/09\/gianfrancesco-spina-187x250.jpg\" alt=\"gianfrancesco spina\" width=\"187\" height=\"250\" \/><\/a><\/p>\n<p>&nbsp;<\/p>\n<p>&nbsp;<\/p>\n<p>&nbsp;<\/p>\n<p>&nbsp;<\/p>\n<div class=\"pvc_clear\"><\/div>\n<p id=\"pvc_stats_21593\" class=\"pvc_stats all  \" data-element-id=\"21593\" style=\"\"><i class=\"pvc-stats-icon medium\" aria-hidden=\"true\"><svg aria-hidden=\"true\" focusable=\"false\" data-prefix=\"far\" data-icon=\"chart-bar\" role=\"img\" xmlns=\"http:\/\/www.w3.org\/2000\/svg\" viewBox=\"0 0 512 512\" class=\"svg-inline--fa fa-chart-bar fa-w-16 fa-2x\"><path fill=\"currentColor\" d=\"M396.8 352h22.4c6.4 0 12.8-6.4 12.8-12.8V108.8c0-6.4-6.4-12.8-12.8-12.8h-22.4c-6.4 0-12.8 6.4-12.8 12.8v230.4c0 6.4 6.4 12.8 12.8 12.8zm-192 0h22.4c6.4 0 12.8-6.4 12.8-12.8V140.8c0-6.4-6.4-12.8-12.8-12.8h-22.4c-6.4 0-12.8 6.4-12.8 12.8v198.4c0 6.4 6.4 12.8 12.8 12.8zm96 0h22.4c6.4 0 12.8-6.4 12.8-12.8V204.8c0-6.4-6.4-12.8-12.8-12.8h-22.4c-6.4 0-12.8 6.4-12.8 12.8v134.4c0 6.4 6.4 12.8 12.8 12.8zM496 400H48V80c0-8.84-7.16-16-16-16H16C7.16 64 0 71.16 0 80v336c0 17.67 14.33 32 32 32h464c8.84 0 16-7.16 16-16v-16c0-8.84-7.16-16-16-16zm-387.2-48h22.4c6.4 0 12.8-6.4 12.8-12.8v-70.4c0-6.4-6.4-12.8-12.8-12.8h-22.4c-6.4 0-12.8 6.4-12.8 12.8v70.4c0 6.4 6.4 12.8 12.8 12.8z\" class=\"\"><\/path><\/svg><\/i> <img loading=\"lazy\" decoding=\"async\" width=\"16\" height=\"16\" alt=\"Loading\" src=\"https:\/\/www.raccontinellarete.it\/301\/wp-content\/plugins\/page-views-count\/ajax-loader-2x.gif\" border=0 \/><\/p>\n<div class=\"pvc_clear\"><\/div>\n","protected":false},"excerpt":{"rendered":"<p>Sabato 20 settembre tra Lucca e Capannori sono in programma le riprese del cortometraggio \u201cPalline di pane\u201d dell\u2019autore bolognese Matteo Agamennone, vincitore della sezione \u201cCorti\u201d del Premio Letterario Racconti nella Rete 2014. Il cortometraggio, prodotto da LuccAutori e Scuola di Cinema Immagina \u00e8 diretto da Giuseppe Ferlito. \u00a0La proiezione in anteprima assoluta avr\u00e0 luogo sabato [&hellip;]<\/p>\n<div class=\"pvc_clear\"><\/div>\n<p id=\"pvc_stats_21593\" class=\"pvc_stats all  \" data-element-id=\"21593\" style=\"\"><i class=\"pvc-stats-icon medium\" aria-hidden=\"true\"><svg aria-hidden=\"true\" focusable=\"false\" data-prefix=\"far\" data-icon=\"chart-bar\" role=\"img\" xmlns=\"http:\/\/www.w3.org\/2000\/svg\" viewBox=\"0 0 512 512\" class=\"svg-inline--fa fa-chart-bar fa-w-16 fa-2x\"><path fill=\"currentColor\" d=\"M396.8 352h22.4c6.4 0 12.8-6.4 12.8-12.8V108.8c0-6.4-6.4-12.8-12.8-12.8h-22.4c-6.4 0-12.8 6.4-12.8 12.8v230.4c0 6.4 6.4 12.8 12.8 12.8zm-192 0h22.4c6.4 0 12.8-6.4 12.8-12.8V140.8c0-6.4-6.4-12.8-12.8-12.8h-22.4c-6.4 0-12.8 6.4-12.8 12.8v198.4c0 6.4 6.4 12.8 12.8 12.8zm96 0h22.4c6.4 0 12.8-6.4 12.8-12.8V204.8c0-6.4-6.4-12.8-12.8-12.8h-22.4c-6.4 0-12.8 6.4-12.8 12.8v134.4c0 6.4 6.4 12.8 12.8 12.8zM496 400H48V80c0-8.84-7.16-16-16-16H16C7.16 64 0 71.16 0 80v336c0 17.67 14.33 32 32 32h464c8.84 0 16-7.16 16-16v-16c0-8.84-7.16-16-16-16zm-387.2-48h22.4c6.4 0 12.8-6.4 12.8-12.8v-70.4c0-6.4-6.4-12.8-12.8-12.8h-22.4c-6.4 0-12.8 6.4-12.8 12.8v70.4c0 6.4 6.4 12.8 12.8 12.8z\" class=\"\"><\/path><\/svg><\/i> <img loading=\"lazy\" decoding=\"async\" width=\"16\" height=\"16\" alt=\"Loading\" src=\"https:\/\/www.raccontinellarete.it\/301\/wp-content\/plugins\/page-views-count\/ajax-loader-2x.gif\" border=0 \/><\/p>\n<div class=\"pvc_clear\"><\/div>\n","protected":false},"author":3,"featured_media":21594,"comment_status":"open","ping_status":"closed","sticky":false,"template":"","format":"standard","meta":{"footnotes":""},"categories":[87,5,4],"tags":[],"class_list":["post-21593","post","type-post","status-publish","format-standard","has-post-thumbnail","hentry","category-comunicato-stampa","category-racconti-nella-rete","category-news"],"_links":{"self":[{"href":"https:\/\/www.raccontinellarete.it\/index.php?rest_route=\/wp\/v2\/posts\/21593"}],"collection":[{"href":"https:\/\/www.raccontinellarete.it\/index.php?rest_route=\/wp\/v2\/posts"}],"about":[{"href":"https:\/\/www.raccontinellarete.it\/index.php?rest_route=\/wp\/v2\/types\/post"}],"author":[{"embeddable":true,"href":"https:\/\/www.raccontinellarete.it\/index.php?rest_route=\/wp\/v2\/users\/3"}],"replies":[{"embeddable":true,"href":"https:\/\/www.raccontinellarete.it\/index.php?rest_route=%2Fwp%2Fv2%2Fcomments&post=21593"}],"version-history":[{"count":5,"href":"https:\/\/www.raccontinellarete.it\/index.php?rest_route=\/wp\/v2\/posts\/21593\/revisions"}],"predecessor-version":[{"id":21600,"href":"https:\/\/www.raccontinellarete.it\/index.php?rest_route=\/wp\/v2\/posts\/21593\/revisions\/21600"}],"wp:featuredmedia":[{"embeddable":true,"href":"https:\/\/www.raccontinellarete.it\/index.php?rest_route=\/wp\/v2\/media\/21594"}],"wp:attachment":[{"href":"https:\/\/www.raccontinellarete.it\/index.php?rest_route=%2Fwp%2Fv2%2Fmedia&parent=21593"}],"wp:term":[{"taxonomy":"category","embeddable":true,"href":"https:\/\/www.raccontinellarete.it\/index.php?rest_route=%2Fwp%2Fv2%2Fcategories&post=21593"},{"taxonomy":"post_tag","embeddable":true,"href":"https:\/\/www.raccontinellarete.it\/index.php?rest_route=%2Fwp%2Fv2%2Ftags&post=21593"}],"curies":[{"name":"wp","href":"https:\/\/api.w.org\/{rel}","templated":true}]}}