{"id":20123,"date":"2014-05-31T15:23:18","date_gmt":"2014-05-31T14:23:18","guid":{"rendered":"http:\/\/www.raccontinellarete.it\/?p=20123"},"modified":"2014-05-31T15:23:18","modified_gmt":"2014-05-31T14:23:18","slug":"premio-racconti-per-corti-2014-anne-frank-monologo-prima-di-finire-nel-rifugio-di-aldo-fiorenza","status":"publish","type":"post","link":"https:\/\/www.raccontinellarete.it\/?p=20123","title":{"rendered":"Premio Racconti per Corti 2014 &#8220;Anne Frank, monologo prima di finire nel rifugio&#8221; di Aldo Fiorenza"},"content":{"rendered":"<p><strong>EPILOGO<\/strong> <strong>\u00a0<\/strong> <strong>Anne Frank da sola nella sua stanzetta.<\/strong> <strong>Sta raccogliendo i suoi libri di lettura e quelli di scuola, per portarli con s\u00e9 nel rifugio.<\/strong> <strong>Poi, in una valigia a parte, mette le sue cose pi\u00f9 utili: fazzoletti, pettine, arricciacapelli, vecchie lettere. E, infine, gli indumenti: due camicie, un vestito con sopra una gonna, tre paia di mutande, cappotto, soprabito, due paia di calze, scarpe pesanti, berretto, sciarpa e ancora altra roba. Ogni tanto si ferma a sedere sul letto e riflette malinconicamente.<\/strong> <strong>\u00a0<\/strong> <strong>\u00a0<\/strong><\/p>\n<p><strong>Anne: <\/strong> \u00a0 Per\u00f2\u2026non ci pu\u00f2 essere nessuna stanzetta bella come questa! Come mai non me n\u2019ero accorta prima? Ch\u2019eri anche cos\u00ec calda e accogliente? E anche molto graziosa. E con tutte le foto e i quadretti sembri me stessa che racconto tutta la mia vita. Credo che nemmeno il mio diario riuscir\u00e0 ad essere tanto vivo e particolareggiato, con tutta la mia anima che rimarr\u00e0 per sempre dentro queste pareti. Ma\u2026com\u2019\u00e8 brutto dire addio\u2026macch\u00e9\u2026arrivederci\u2026alle cose che ti hanno tenuto compagnia e come per mano in quella parte di mondo fondamentale &#8211; la tua infanzia &#8211; in cui scavi la vita da ogni sguardo, senza trascurare il minimo particolare. E il mio lettino? L\u2019ho amato come se fosse l\u2019unico vero protettore del mio sonno. E, a ogni veglia, prima di addormentarmi, dondolavo la testa sul cuscino mentre richiamavo alla mente le tenerezze dei miei o lo sballo per avere scambiato qualche smorfietta maliziosa con l\u2019amichetto preferito\u2026la peste che la prof ha sistemato all\u2019ultimo banco\u2026per\u00f2\u2026mamma mia quant\u2019\u00e8 carinooo!\u2026o quello, molto pi\u00f9 educato e per\u00f2 molto pi\u00f9 smorfioso e secchione del banco davanti al mio! Ti ho sempre adorato spazio aereo della mia cameretta come e pi\u00f9 del cielo vero, con le sue stelle inutilmente accese in quell\u2019immenso scantinato anonimo di buio terrificante. Su di te, sul mio soffitto si sono infrante le mie pi\u00f9 incomprensibili paure. Sparite magicamente perch\u00e9 facevi muro, proprio una barriera impenetrabile a tutti quei pensieri che, come ragazzetti stupidi e dispettosi, si mettono d\u2019impegno a farti venire i brividi e a giocare ai fantasmi, che forse hai dentro, ma che non vorresti mai evocare perch\u00e9 ti porterebbero la paura, nel cuore, ad almeno mille battiti al secondo! Addio ragazzetti stupidi e prepotenti, forse eravate solo degl\u2019incorreggibili giocherelloni che per\u00f2, alla fine, s\u2019ingegnavano anche a rasserenarmi con l\u2019infliggermi il primo sonno, il pi\u00f9 dolce e ristoratore di tutta la nottata. Possibile che non vi sentir\u00f2 pi\u00f9 vicini se non in quell\u2019angolo ristretto che saranno le mie pause pi\u00f9 serene ma anche i miei momenti pi\u00f9 malinconici, quelli dei rimpianti?<\/p>\n<p><strong>(Anne prende in mano la valigia e la cartella e sta per uscire dalla porta della stanzetta. Si ferma a dare un\u2019occhiata anche al resto della casa che le si affaccia davanti) <\/strong> <strong>\u00a0<\/strong> <strong>Anne:<\/strong> Addio casetta ricolma di tutte le banalit\u00e0, di tutte le frivolezze e di tutte le ricercatezze pi\u00f9 ingenue che, solo chi non \u00e8 pi\u00f9 tanto giovane, si rifiuta di riconoscere come turbamenti per le attese e i brividi di cuore che, ad ogni risveglio, sconfinano dai sogni nella realt\u00e0 di tutti i giorni. Attese che ti mettono la dinamite dell\u2019entusiasmo addosso, anche se raramente ti capita di sentirle esplodere dentro di te. Ma tu, casetta, ci hai provato a ricordarmele ogni volta che rimanevo sola a contemplarti e a immaginarti come un regno di favola dal quale nemmeno una fata pu\u00f2 riuscire nella magia di allontanartene. Addio\u2026macch\u00e8!\u2026arrivederci\u2026alla vita di ogni giorno di questa tranquilla famigliola senza pretese che mi ha visto e assistito con ogni cura per farmi diventare la fanciulla che sono diventata e che nessun tesoro di dolcezze, vere o affettate e neppure una dimora principesca, potr\u00e0 mai sognarsi di uguagliare! <strong>(in questo momento le passa fra le gambe la gattina Moortje che si alza su due zampe fino alle ginocchia di Anne)<\/strong> <strong>\u00a0<\/strong><\/p>\n<p><strong>Anne:<\/strong> O Moortje, per favore, non ti ci mettere anche tu! E\u2019 gi\u00e0 abbastanza triste questa specie di veglia funebre. In effetti mi sembra di andare al\u2026funerale della mia vita! E lasciami stare! Inutile che mi tiri per una gamba. Nel nostro nascondiglio per topi, non c\u2019\u00e8 posto per te! Non c\u2019\u00e8 posto per nessuno che m\u2019interessi! Ah, Peter\u2026ah\u2026Moort\u2026je\u2026via viaaa\u2026non voglio pi\u00f9 pensarvi\u2026non devo pensarvi!&#8230;n\u00e9 adesso\u2026n\u00e9 mai pi\u00f9! <strong>\u00a0\u00a0\u00a0\u00a0\u00a0\u00a0\u00a0\u00a0\u00a0\u00a0\u00a0\u00a0\u00a0\u00a0\u00a0\u00a0\u00a0\u00a0\u00a0\u00a0\u00a0\u00a0\u00a0\u00a0\u00a0\u00a0\u00a0\u00a0\u00a0\u00a0\u00a0\u00a0\u00a0\u00a0\u00a0\u00a0\u00a0\u00a0 <\/strong><\/p>\n<p><strong>F I N E<\/strong><\/p>\n<div class=\"pvc_clear\"><\/div>\n<p id=\"pvc_stats_20123\" class=\"pvc_stats all  \" data-element-id=\"20123\" style=\"\"><i class=\"pvc-stats-icon medium\" aria-hidden=\"true\"><svg aria-hidden=\"true\" focusable=\"false\" data-prefix=\"far\" data-icon=\"chart-bar\" role=\"img\" xmlns=\"http:\/\/www.w3.org\/2000\/svg\" viewBox=\"0 0 512 512\" class=\"svg-inline--fa fa-chart-bar fa-w-16 fa-2x\"><path fill=\"currentColor\" d=\"M396.8 352h22.4c6.4 0 12.8-6.4 12.8-12.8V108.8c0-6.4-6.4-12.8-12.8-12.8h-22.4c-6.4 0-12.8 6.4-12.8 12.8v230.4c0 6.4 6.4 12.8 12.8 12.8zm-192 0h22.4c6.4 0 12.8-6.4 12.8-12.8V140.8c0-6.4-6.4-12.8-12.8-12.8h-22.4c-6.4 0-12.8 6.4-12.8 12.8v198.4c0 6.4 6.4 12.8 12.8 12.8zm96 0h22.4c6.4 0 12.8-6.4 12.8-12.8V204.8c0-6.4-6.4-12.8-12.8-12.8h-22.4c-6.4 0-12.8 6.4-12.8 12.8v134.4c0 6.4 6.4 12.8 12.8 12.8zM496 400H48V80c0-8.84-7.16-16-16-16H16C7.16 64 0 71.16 0 80v336c0 17.67 14.33 32 32 32h464c8.84 0 16-7.16 16-16v-16c0-8.84-7.16-16-16-16zm-387.2-48h22.4c6.4 0 12.8-6.4 12.8-12.8v-70.4c0-6.4-6.4-12.8-12.8-12.8h-22.4c-6.4 0-12.8 6.4-12.8 12.8v70.4c0 6.4 6.4 12.8 12.8 12.8z\" class=\"\"><\/path><\/svg><\/i> <img loading=\"lazy\" decoding=\"async\" width=\"16\" height=\"16\" alt=\"Loading\" src=\"https:\/\/www.raccontinellarete.it\/301\/wp-content\/plugins\/page-views-count\/ajax-loader-2x.gif\" border=0 \/><\/p>\n<div class=\"pvc_clear\"><\/div>\n","protected":false},"excerpt":{"rendered":"<p>EPILOGO \u00a0 Anne Frank da sola nella sua stanzetta. Sta raccogliendo i suoi libri di lettura e quelli di scuola, per portarli con s\u00e9 nel rifugio. Poi, in una valigia a parte, mette le sue cose pi\u00f9 utili: fazzoletti, pettine, arricciacapelli, vecchie lettere. E, infine, gli indumenti: due camicie, un vestito con sopra una gonna, [&hellip;]<\/p>\n<div class=\"pvc_clear\"><\/div>\n<p id=\"pvc_stats_20123\" class=\"pvc_stats all  \" data-element-id=\"20123\" style=\"\"><i class=\"pvc-stats-icon medium\" aria-hidden=\"true\"><svg aria-hidden=\"true\" focusable=\"false\" data-prefix=\"far\" data-icon=\"chart-bar\" role=\"img\" xmlns=\"http:\/\/www.w3.org\/2000\/svg\" viewBox=\"0 0 512 512\" class=\"svg-inline--fa fa-chart-bar fa-w-16 fa-2x\"><path fill=\"currentColor\" d=\"M396.8 352h22.4c6.4 0 12.8-6.4 12.8-12.8V108.8c0-6.4-6.4-12.8-12.8-12.8h-22.4c-6.4 0-12.8 6.4-12.8 12.8v230.4c0 6.4 6.4 12.8 12.8 12.8zm-192 0h22.4c6.4 0 12.8-6.4 12.8-12.8V140.8c0-6.4-6.4-12.8-12.8-12.8h-22.4c-6.4 0-12.8 6.4-12.8 12.8v198.4c0 6.4 6.4 12.8 12.8 12.8zm96 0h22.4c6.4 0 12.8-6.4 12.8-12.8V204.8c0-6.4-6.4-12.8-12.8-12.8h-22.4c-6.4 0-12.8 6.4-12.8 12.8v134.4c0 6.4 6.4 12.8 12.8 12.8zM496 400H48V80c0-8.84-7.16-16-16-16H16C7.16 64 0 71.16 0 80v336c0 17.67 14.33 32 32 32h464c8.84 0 16-7.16 16-16v-16c0-8.84-7.16-16-16-16zm-387.2-48h22.4c6.4 0 12.8-6.4 12.8-12.8v-70.4c0-6.4-6.4-12.8-12.8-12.8h-22.4c-6.4 0-12.8 6.4-12.8 12.8v70.4c0 6.4 6.4 12.8 12.8 12.8z\" class=\"\"><\/path><\/svg><\/i> <img loading=\"lazy\" decoding=\"async\" width=\"16\" height=\"16\" alt=\"Loading\" src=\"https:\/\/www.raccontinellarete.it\/301\/wp-content\/plugins\/page-views-count\/ajax-loader-2x.gif\" border=0 \/><\/p>\n<div class=\"pvc_clear\"><\/div>\n","protected":false},"author":4916,"featured_media":0,"comment_status":"open","ping_status":"closed","sticky":false,"template":"","format":"standard","meta":{"footnotes":""},"categories":[146],"tags":[],"class_list":["post-20123","post","type-post","status-publish","format-standard","hentry","category-premio-racconti-per-corti-2014"],"_links":{"self":[{"href":"https:\/\/www.raccontinellarete.it\/index.php?rest_route=\/wp\/v2\/posts\/20123"}],"collection":[{"href":"https:\/\/www.raccontinellarete.it\/index.php?rest_route=\/wp\/v2\/posts"}],"about":[{"href":"https:\/\/www.raccontinellarete.it\/index.php?rest_route=\/wp\/v2\/types\/post"}],"author":[{"embeddable":true,"href":"https:\/\/www.raccontinellarete.it\/index.php?rest_route=\/wp\/v2\/users\/4916"}],"replies":[{"embeddable":true,"href":"https:\/\/www.raccontinellarete.it\/index.php?rest_route=%2Fwp%2Fv2%2Fcomments&post=20123"}],"version-history":[{"count":3,"href":"https:\/\/www.raccontinellarete.it\/index.php?rest_route=\/wp\/v2\/posts\/20123\/revisions"}],"predecessor-version":[{"id":20286,"href":"https:\/\/www.raccontinellarete.it\/index.php?rest_route=\/wp\/v2\/posts\/20123\/revisions\/20286"}],"wp:attachment":[{"href":"https:\/\/www.raccontinellarete.it\/index.php?rest_route=%2Fwp%2Fv2%2Fmedia&parent=20123"}],"wp:term":[{"taxonomy":"category","embeddable":true,"href":"https:\/\/www.raccontinellarete.it\/index.php?rest_route=%2Fwp%2Fv2%2Fcategories&post=20123"},{"taxonomy":"post_tag","embeddable":true,"href":"https:\/\/www.raccontinellarete.it\/index.php?rest_route=%2Fwp%2Fv2%2Ftags&post=20123"}],"curies":[{"name":"wp","href":"https:\/\/api.w.org\/{rel}","templated":true}]}}